{"id":15276,"date":"2017-06-09T09:50:34","date_gmt":"2017-06-09T07:50:34","guid":{"rendered":"https:\/\/blogs.fu-berlin.de\/nederlands\/?p=15276"},"modified":"2017-06-08T21:33:06","modified_gmt":"2017-06-08T19:33:06","slug":"calderon","status":"publish","type":"post","link":"https:\/\/blogs.fu-berlin.de\/nederlands\/2017\/06\/09\/calderon\/","title":{"rendered":"Ber\u00fchrungspunkte: Spanien &#8211; Calder\u00f3n&#8230;"},"content":{"rendered":"<p><span style=\"color: #808000\"><a href=\"https:\/\/upload.wikimedia.org\/wikipedia\/commons\/3\/33\/Michelangelo_Touching_Hands.jpg\" target=\"_blank\"><img loading=\"lazy\" decoding=\"async\" class=\"alignright\" src=\"https:\/\/upload.wikimedia.org\/wikipedia\/commons\/3\/33\/Michelangelo_Touching_Hands.jpg\" width=\"101\" height=\"69\" \/><\/a>Wo kommt der niederl\u00e4ndische Sprach- und Kulturraum mit anderen in Ber\u00fchrung? Wo gibt es gemeinsame Interessensgebiete der Niederlandistik und ihrer Nachbarf\u00e4cher? Solche Ber\u00fchrungspunkte stellen wir in einer kleinen Serie vor.<\/span><\/p>\n<p><strong>Calder\u00f3n&#8230; wo bitte?<\/strong><\/p>\n<p>Im <a href=\"https:\/\/blogs.fu-berlin.de\/nederlands\/2017\/06\/07\/bruehrungspunkte-spanien\/\" target=\"_blank\">vorigen Beitrag<\/a> habe ich darauf hingewiesen, dass das Gebiet, das heutzutage Belgien und die Niederlande umfasst, 1648 getrennt wurde: <em>die Republik der Sieben Vereinigten Provinzen<\/em> oder <em>Republik der Vereinigten Niederlande<\/em> im Norden und <em>die Spanischen Niederlande<\/em> im S\u00fcden. Nach dem Spanischen Erbfolgekrieg (1714) wurde der S\u00fcden \u00f6sterreichisch.<\/p>\n<p><span style=\"color: #99cc00\"><span style=\"color: #333333\">Ist die Rede von diesem historischen Gebiet, das im Laufe der Jahrhunderten die Grenzen wechselte, sich aber von den Niederlanden bis nach Nord-Frankreich erstreckte, dann sprechen wir auf Niederl\u00e4ndisch von <strong><em>de Lage Landen<\/em><\/strong>, auf Englisch: <strong><em>the Low Countries<\/em><\/strong>&#8230; aber auf Deutsch? <\/span><\/span><span style=\"color: #333333\"><br \/>\n<\/span><\/p>\n<div style=\"width: 536px\" class=\"wp-caption alignright\"><a href=\"https:\/\/commons.wikimedia.org\/wiki\/File:Low_Countries_1700.png\" target=\"_blank\"><img loading=\"lazy\" decoding=\"async\" class=\"\" src=\"https:\/\/upload.wikimedia.org\/wikipedia\/commons\/thumb\/6\/61\/Low_Countries_1700.png\/640px-Low_Countries_1700.png\" width=\"526\" height=\"356\" \/><\/a><p class=\"wp-caption-text\">De Lage Landen (Rebel Redcoat, PD-self)<\/p><\/div>\n<p>&nbsp;<\/p>\n<p>Durch Zufall erfuhr ich von dem Buch <a href=\"https:\/\/www.matthes-seitz-berlin.de\/buch\/calderon-in-deutschen-und-niederen-landen.html\" target=\"_blank\"><em>Calder\u00f3n in deutschen und niederen Landen. Eine dreihundertj\u00e4hrige Rezeptionsgeschichte<\/em><\/a> von\u00a0Henry W. Sullivan. Die Philologische Bibliothek hat das Werk in der Originalsprache: <em>Calder\u00f3n in the German Lands and the Low Countries: his reception and influence, 1654-1980 <\/em>(Signatur: IO 3505 S949)<em>.<\/em><\/p>\n<p>&#8230; in deutschen und niederen Landen? <strong>Oweia!<\/strong><\/p>\n<p>Ehrlichkeitshalber gebe ich zu, dass mir auf die Schnelle auch keine wirklich befriedigende \u00dcbersetzung einfallen wollte. Aber man h\u00e4tte zumindest die Adjektive gro\u00df schreiben k\u00f6nnen: &#8230; <em>in Deutschen und Niederen Landen<\/em>.<\/p>\n<p>Dann machte ich mich auf die Suche und wurde f\u00fcndig bei dem Historiker Michael Erbe. Er schrieb in seinem Buch &#8222;Belgien und Luxemburg&#8220; diese Vorbemerkung:<\/p>\n<div>\n<div class=\"textLayer\">\n<blockquote>\n<div>Im Folgenden geht es um ein Gebiet, das im Lauf der Geschichte verschieden benannt worden ist, so dass man leicht den \u00dcberblick dar\u00fcber verliert, was mit den einzelnen Namen gemeint ist. Behandelt wird der s\u00fcdliche Teil des Gro\u00dfraums der sog. Niederen Lande, das hei\u00dft der Bereich der unteren Flussl\u00e4ufe von Rhein, Maas und Schelde. Die Niederen Lande entsprachen etwa dem Gebiet der heutigen Benelux-L\u00e4nder, also der K\u00f6nigreiche Niederlande und Belgien sowie des Gro\u00dfherzogtums Luxemburg. Sie erstreckten sich einst auch auf den Nordostteil des modernen Frankreich, ja reichten teilweise bis ins heutige Westdeutschland, nach Nordrhein-Westfalen und Rheinland-Pfalz hinein. [&#8230;]<\/div>\n<\/blockquote>\n<\/div>\n<\/div>\n<p>Klicken Sie auf die <a href=\"https:\/\/www.chbeck.de\/fachbuch\/zusatzinfos\/leseprobe_belgien-und-luxemburg_9783406578519.pdf\" target=\"_blank\"><em>Quelle<\/em><\/a> und lesen Sie ruhig noch ein bi\u00dfchen weiter! Etwas sp\u00e4ter hei\u00dft es n\u00e4mlich, die deutsche Entsprechung f\u00fcr <em>De Lage Landen<\/em> und <em>The low Countries<\/em> sei <em>Niederl\u00e4ndischer Raum<\/em>.<br \/>\nDas gef\u00e4llt mir schon besser!<\/p>\n<p>Kollegen wiesen mich darauf hin, dass auch das Spanische und Franz\u00f6sische keine Bezeichnung f\u00fcr <em>De Lage Landen<\/em> \/ <em>The low Countries<\/em> haben. <em>Pa\u00edses Bajos<\/em> und <em>Pays-Bas<\/em> sind die offiziellen Namen f\u00fcr das heutige K\u00f6nigreich der Niederlande.<\/p>\n<blockquote><p><i>HOLANDA: es frecuente y admisible emplearlo en el habla corriente para referirse a todo el pa\u00eds, uso que no debe extenderse a textos oficiales <\/i>(<a href=\"https:\/\/www.rae.es\/recursos\/diccionarios\/dpd\" target=\"_blank\">Quelle<\/a>).<\/p><\/blockquote>\n<p>In Frankreich gilt das Gleiche f\u00fcr <em>la Hollande<\/em>. (Le Hollande ist zwar historisch, aber ein ganz anderes Kapitel)<\/p>\n<p>Warum das alles so ist?<br \/>\nDas einzige, was mir einf\u00e4llt, ist, dass dieses kleine K\u00f6nigreich an der Nordsee auf Englisch <em>The Netherlands<\/em> hei\u00dft. Das Adjektiv <em>low <\/em>blieb &#8211; im Gegensatz zum deutschen <em>nieder <\/em>(oder<em> bajos \/ bas)<\/em> &#8211; frei f\u00fcr andere Zusammensetzungen.<\/p>\n<p>El Reino de los Pa\u00edses Bajos\u00a0hace una reverencia ante la lengua inglesa con<em> <a href=\"https:\/\/de.wikipedia.org\/wiki\/Lowlands_(Festival)\" target=\"_blank\">Lowlands<\/a>.<br \/>\n<\/em><\/p>\n","protected":false},"excerpt":{"rendered":"<p>Wo kommt der niederl\u00e4ndische Sprach- und Kulturraum mit anderen in Ber\u00fchrung? Wo gibt es gemeinsame Interessensgebiete der Niederlandistik und ihrer Nachbarf\u00e4cher? Solche Ber\u00fchrungspunkte stellen wir in einer kleinen Serie vor. Calder\u00f3n&#8230; wo bitte? Im vorigen Beitrag habe ich darauf hingewiesen, dass das Gebiet, das heutzutage Belgien und die Niederlande umfasst, 1648 getrennt wurde: die Republik [&hellip;]<\/p>\n","protected":false},"author":1834,"featured_media":0,"comment_status":"open","ping_status":"open","sticky":false,"template":"","format":"standard","meta":{"footnotes":""},"categories":[1,3099],"tags":[44141,71810,471],"class_list":["post-15276","post","type-post","status-publish","format-standard","hentry","category-allgemein","category-sprachvergleich","tag-beitraege-auf-deutsch","tag-beruehrungspunkte","tag-geschichte"],"_links":{"self":[{"href":"https:\/\/blogs.fu-berlin.de\/nederlands\/wp-json\/wp\/v2\/posts\/15276","targetHints":{"allow":["GET"]}}],"collection":[{"href":"https:\/\/blogs.fu-berlin.de\/nederlands\/wp-json\/wp\/v2\/posts"}],"about":[{"href":"https:\/\/blogs.fu-berlin.de\/nederlands\/wp-json\/wp\/v2\/types\/post"}],"author":[{"embeddable":true,"href":"https:\/\/blogs.fu-berlin.de\/nederlands\/wp-json\/wp\/v2\/users\/1834"}],"replies":[{"embeddable":true,"href":"https:\/\/blogs.fu-berlin.de\/nederlands\/wp-json\/wp\/v2\/comments?post=15276"}],"version-history":[{"count":20,"href":"https:\/\/blogs.fu-berlin.de\/nederlands\/wp-json\/wp\/v2\/posts\/15276\/revisions"}],"predecessor-version":[{"id":15302,"href":"https:\/\/blogs.fu-berlin.de\/nederlands\/wp-json\/wp\/v2\/posts\/15276\/revisions\/15302"}],"wp:attachment":[{"href":"https:\/\/blogs.fu-berlin.de\/nederlands\/wp-json\/wp\/v2\/media?parent=15276"}],"wp:term":[{"taxonomy":"category","embeddable":true,"href":"https:\/\/blogs.fu-berlin.de\/nederlands\/wp-json\/wp\/v2\/categories?post=15276"},{"taxonomy":"post_tag","embeddable":true,"href":"https:\/\/blogs.fu-berlin.de\/nederlands\/wp-json\/wp\/v2\/tags?post=15276"}],"curies":[{"name":"wp","href":"https:\/\/api.w.org\/{rel}","templated":true}]}}