{"id":15303,"date":"2017-06-25T09:21:46","date_gmt":"2017-06-25T07:21:46","guid":{"rendered":"https:\/\/blogs.fu-berlin.de\/nederlands\/?p=15303"},"modified":"2018-03-10T15:34:06","modified_gmt":"2018-03-10T14:34:06","slug":"ann-nzinga-von-ndongo-und-matamba","status":"publish","type":"post","link":"https:\/\/blogs.fu-berlin.de\/nederlands\/2017\/06\/25\/ann-nzinga-von-ndongo-und-matamba\/","title":{"rendered":"Ann Nzinga van Ndongo en Matamba"},"content":{"rendered":"<p>Het gaat vandaag om straatnamen.<br \/>\nEvenals de inwoners van Hoorn tegenwoordig moeite hebben met <a href=\"https:\/\/blogs.fu-berlin.de\/nederlands\/2017\/02\/04\/jongens\/\" target=\"_blank\" rel=\"noopener\">Jan Pieterz. Coen<\/a> voelt men zich ook in Berlijn ongemakkelijk (<em>unbehaglich<\/em>) met straatnamen die naar een schandelijk koloniaal verleden verwijzen.<\/p>\n<div style=\"width: 241px\" class=\"wp-caption alignleft\"><a href=\"https:\/\/commons.wikimedia.org\/wiki\/File:Kolonien-Afrikas.svg\" target=\"_blank\" rel=\"noopener\"><img loading=\"lazy\" decoding=\"async\" src=\"https:\/\/upload.wikimedia.org\/wikipedia\/commons\/thumb\/6\/63\/Kolonien-Afrikas.svg\/254px-Kolonien-Afrikas.svg.png\" alt=\"\" width=\"231\" height=\"218\" \/><\/a><p class=\"wp-caption-text\">Kolonialm\u00e4chte in Afrika (PD-self)<\/p><\/div>\n<p>Niet dat de Duitsers in de 16e of 17e eeuw al veroveringen hebben gemaakt zoals de Portugezen, Spanjaarden, Engelsen, Fransen of Hollanders.<br \/>\nJa, aan de grote keurvorst Friedrich-Wilhelm (hij had in Leiden gestudeerd en een Oranjeprinses &#8211; Louise Henriette &#8211; gehuwd) hebben we in Ghana het fort <a href=\"https:\/\/de.wikipedia.org\/wiki\/Fort_Gro%C3%9F_Friedrichsburg\" target=\"_blank\" rel=\"noopener\">Gro\u00df Friedrichsburg<\/a> te danken. Maar eigenlijk kreeg het Duitse Rijk pas na de grote <a href=\"https:\/\/de.wikipedia.org\/wiki\/Kongokonferenz\" target=\"_blank\" rel=\"noopener\">Kongokonferenz<\/a> (1884\/1885) in Berlijn de beschikking over gebieden die in feite <em>nog vrij<\/em> waren: voor wat Afrika betreft waren dat Togo en Kameroen, Deutsch-Ostafrika (Tansania, Burundi, Rwanda) en Deutsch-S\u00fcdwestafrika (Namibi\u00eb). In Deutsch-S\u00fcdwest vond van 1904-1908 de eerste <a href=\"https:\/\/nl.wikipedia.org\/wiki\/Namibische_genocide\" target=\"_blank\" rel=\"noopener\">genocide<\/a> van de 20e eeuw plaats.<\/p>\n<p>In Berlijn is een wijk, het zogenaamde <a href=\"https:\/\/de.wikipedia.org\/wiki\/Afrikanisches_Viertel\" target=\"_blank\" rel=\"noopener\">Afrikanisches Viertel<\/a>, waar de straten namen dragen die herinneren aan het Duitse koloniale verleden: niks tegen een <em>Kameruner-<\/em>, een <em>Swakopmunder-<\/em> of <em>Togostra\u00dfe<\/em>. Maar<em> de <\/em><em><a href=\"https:\/\/de.wikipedia.org\/wiki\/L%C3%BCderitzland#Der_.E2.80.9EMeilenschwindel.E2.80.9C\" target=\"_blank\" rel=\"noopener\">L\u00fcderitz<\/a>stra\u00dfe<\/em> en de <em><a href=\"https:\/\/de.wikipedia.org\/wiki\/Gustav_Nachtigal\" target=\"_blank\" rel=\"noopener\">Nachtigal<\/a>platz<\/em> zouden een nieuwe naam moeten krijgen. De <a href=\"https:\/\/de.wikipedia.org\/wiki\/Carl_Peters\" target=\"_blank\" rel=\"noopener\"><em>Peters<\/em><\/a><em>allee<\/em> werd in 1986 al omgedoopt <em>(umgetauft)<\/em> in <a href=\"https:\/\/de.wikipedia.org\/wiki\/Hans_Peters_(Rechtswissenschaftler)\" target=\"_blank\" rel=\"noopener\"><em>Peters<\/em><\/a><em>allee<\/em>.<br \/>\nU knippert even met uw ogen?<br \/>\nTja, maak van de kolonialist <em>Carl Peters<\/em> gewoon de verzetsheld (<span id=\"a533746\" class=\"ga\"><span class=\"gah\"><span class=\"gy gah1\"><span class=\"gv\"><em><span class=\"gh\">Widerstandsk\u00e4mpfer<\/span><\/em>) <\/span><\/span><\/span><\/span><em>Hans Peters<\/em>: kost geen cent en de altoos (<em>immer<\/em>) kraaiende hanen zwijgen. Dat Hans Peters (<a href=\"https:\/\/de.wikipedia.org\/wiki\/Kreisauer_Kreis\" target=\"_blank\" rel=\"noopener\">Kreisauer Kreis<\/a>) een straat midden in het &#8222;koloniale&#8220; <em>Afrikanisches Viertel<\/em> heeft, wie maalt daarom? (<em>wen k\u00fcmmert&#8217;s<\/em>) Een politiek correcte straat, toch?<\/p>\n<p>Dat was buiten de waard gerekend (<em><span id=\"a554547\" class=\"ga\"><span class=\"gah\"><span class=\"gy gah1\"><span class=\"gv\"><span id=\"v81965\" class=\"gq gad\"><span class=\"gg\"><span class=\"gaj\">die Rechnung ohne den Wirt machen<\/span><\/span><\/span><\/span><\/span><\/span><\/span><\/em>). Er zijn nog burgers met een historisch bewustzijn die het goedkope spelletje doorzien (<em>durchschauen<\/em>)&#8230;<\/p>\n<blockquote><p>Es k\u00f6nnte sein, dass der Nachtigalplatz in Wedding k\u00fcnftig Yaa-Asantewaa-Platz hei\u00dft, die L\u00fcderitzstra\u00dfe zur Martin-Dibobe-Stra\u00dfe wird und die Petersallee zur Nzinga-von-Matamba-Allee. <a href=\"https:\/\/www.tagesspiegel.de\/berlin\/afrikanisches-viertel-in-berlin-neue-namen-fuer-drei-strassen-in-wedding-geplant\/19877344.html\" target=\"_blank\" rel=\"noopener\">Bron<\/a><\/p><\/blockquote>\n<div style=\"width: 243px\" class=\"wp-caption alignright\"><a href=\"https:\/\/commons.wikimedia.org\/wiki\/File:Ann_Zingha,_queen_of_Matamba.jpg\" target=\"_blank\" rel=\"noopener\"><img loading=\"lazy\" decoding=\"async\" class=\"\" src=\"https:\/\/upload.wikimedia.org\/wikipedia\/commons\/thumb\/1\/14\/Ann_Zingha%2C_queen_of_Matamba.jpg\/174px-Ann_Zingha%2C_queen_of_Matamba.jpg\" width=\"233\" height=\"320\" \/><\/a><p class=\"wp-caption-text\">Ann Zingha, koningin van Matamba (PD Old)<\/p><\/div>\n<p>Niks mis met de eerste twee. Maar Ann Zingha van Ndongo en Matamba?<br \/>\nJeetje: ze was wel tegen de Portugezen (Angola) maar &#8211; en nu betreden de Hollanders het toneel &#8211; ze handelde in slaven!<\/p>\n<blockquote><p>Nzingas Macht wuchs [&#8230;] noch mehr, weil die lukrativste Sklavenroute der portugiesischen H\u00e4ndler durch nunmehr von ihr kontrolliertes Gebiet ging. Sie bem\u00e4chtigte sich des Sklavenhandels und hielt ihre Gegner von diesem eintr\u00e4glichen Gesch\u00e4ft fern. Eine Fernwirkung des Drei\u00dfigj\u00e4hrigen Krieges in Europa bescherte Nzinga 1641 einen ihrer gr\u00f6\u00dften Triumphe &#8211; die Holl\u00e4nder hatten nach langem Krieg die Portugiesen aus Luanda vertrieben und sich mit Nzinga verb\u00fcndet. Sie wurden zu den besten Kunden in Nzingas Sklaven-Gesch\u00e4ft: Miller spricht f\u00fcr die 1640er Jahre von 12.000-13.000 gelieferten Sklaven pro Jahr. Mit Hilfe der Holl\u00e4nder gelang es, die Portugiesen vom Binnenland fernzuhalten und sogar einige k\u00fcstennahe Gebiete zur\u00fcckzugewinnen. Dennoch schrumpfte gegen 1648 der Einfluss Nzingas wieder, als die Holl\u00e4nder sich aus Luanda und Angola zur\u00fcckzogen. <a href=\"https:\/\/de.wikipedia.org\/wiki\/Nzinga_von_Ndongo_und_Matamba#Nzinga_und_Matamba\" target=\"_blank\" rel=\"noopener\">Bron<\/a><\/p><\/blockquote>\n<p>Dat lees je nota bene op wikipedia! (Klikt u ook eens ter vergelijking op de Nederlandse wikipediasite) Een nieuwsgierige scholier <strong>begint<\/strong> daar als hij\/zij iets wil weten! De Berlijnse <a href=\"https:\/\/www.tagesspiegel.de\/berlin\/strassenumbenennung-in-berlin-wedding-nach-kritik-jury-fuer-afrikanisches-viertel-soll-erneut-tagen\/19899518.html\" target=\"_blank\" rel=\"noopener\">Tagesspiegel<\/a> schreef erover; kritischer was het online-magazine <a href=\"https:\/\/www.heise.de\/tp\/features\/Eine-afrikanische-Sklavenhaendlerin-als-Namensgeberin-einer-Berliner-Strasse-3740267.html?wt_mc=nl.tp-aktuell.taeglich\" target=\"_blank\" rel=\"noopener\">Telepolis<\/a>.<\/p>\n<p>Onlangs was ik in het Berlijnse <em>Bayrische Viertel<\/em>: geen nieuwe straatnamen, maar bordjes (<em>Schilder<\/em>) met <a href=\"https:\/\/de.wikipedia.org\/wiki\/Bayerisches_Viertel#Orte_des_Erinnerns\" target=\"_blank\" rel=\"noopener\">informatie<\/a> over de geschiedenis van deze wijk tijdens het Derde Rijk&#8230;<br \/>\nMisschien toch de betere oplossing?!<\/p>\n<p>Laat ik eindigen met een straat in Utrecht: geen koloniale of anderszins problematische geschiedenis. In Utrecht grenst de bloemenbuurt aan de professorenbuurt. De <em>Gretchenfrage <\/em>(<a href=\"https:\/\/onzetaal.nl\/taaladvies\/hamvraag\" target=\"_blank\" rel=\"noopener\">hamvraag<\/a>) was: een professor of een bloem.<br \/>\nZeg zelf: wie\/wat hebt <strong>u<\/strong> liever in\/aan huis?<br \/>\nDe gemeente wilde een professor, de buurtbewoners een bloem. Het werd &#8211; dankzij de medewerking van de erven van <a href=\"https:\/\/nl.wikipedia.org\/wiki\/Herg%C3%A9\" target=\"_blank\" rel=\"noopener\">Herg\u00e9<\/a> &#8211; een prachtig compromis: de <a href=\"http:\/\/nl.tintin.com\/personnages\/show\/id\/31\/page\/0\/0\/professor-zonnebloem\" target=\"_blank\" rel=\"noopener\">Professor Zonnebloem<\/a>straat.<\/p>\n","protected":false},"excerpt":{"rendered":"<p>Het gaat vandaag om straatnamen. Evenals de inwoners van Hoorn tegenwoordig moeite hebben met Jan Pieterz. Coen voelt men zich ook in Berlijn ongemakkelijk (unbehaglich) met straatnamen die naar een schandelijk koloniaal verleden verwijzen. Niet dat de Duitsers in de 16e of 17e eeuw al veroveringen hebben gemaakt zoals de Portugezen, Spanjaarden, Engelsen, Fransen of [&hellip;]<\/p>\n","protected":false},"author":1834,"featured_media":0,"comment_status":"open","ping_status":"open","sticky":false,"template":"","format":"standard","meta":{"footnotes":""},"categories":[1205,1,720],"tags":[471,71806],"class_list":["post-15303","post","type-post","status-publish","format-standard","hentry","category-afrika","category-allgemein","category-niederlande","tag-geschichte","tag-wie-is-wie"],"_links":{"self":[{"href":"https:\/\/blogs.fu-berlin.de\/nederlands\/wp-json\/wp\/v2\/posts\/15303","targetHints":{"allow":["GET"]}}],"collection":[{"href":"https:\/\/blogs.fu-berlin.de\/nederlands\/wp-json\/wp\/v2\/posts"}],"about":[{"href":"https:\/\/blogs.fu-berlin.de\/nederlands\/wp-json\/wp\/v2\/types\/post"}],"author":[{"embeddable":true,"href":"https:\/\/blogs.fu-berlin.de\/nederlands\/wp-json\/wp\/v2\/users\/1834"}],"replies":[{"embeddable":true,"href":"https:\/\/blogs.fu-berlin.de\/nederlands\/wp-json\/wp\/v2\/comments?post=15303"}],"version-history":[{"count":46,"href":"https:\/\/blogs.fu-berlin.de\/nederlands\/wp-json\/wp\/v2\/posts\/15303\/revisions"}],"predecessor-version":[{"id":16886,"href":"https:\/\/blogs.fu-berlin.de\/nederlands\/wp-json\/wp\/v2\/posts\/15303\/revisions\/16886"}],"wp:attachment":[{"href":"https:\/\/blogs.fu-berlin.de\/nederlands\/wp-json\/wp\/v2\/media?parent=15303"}],"wp:term":[{"taxonomy":"category","embeddable":true,"href":"https:\/\/blogs.fu-berlin.de\/nederlands\/wp-json\/wp\/v2\/categories?post=15303"},{"taxonomy":"post_tag","embeddable":true,"href":"https:\/\/blogs.fu-berlin.de\/nederlands\/wp-json\/wp\/v2\/tags?post=15303"}],"curies":[{"name":"wp","href":"https:\/\/api.w.org\/{rel}","templated":true}]}}