{"id":15399,"date":"2017-06-22T10:32:26","date_gmt":"2017-06-22T08:32:26","guid":{"rendered":"https:\/\/blogs.fu-berlin.de\/nederlands\/?p=15399"},"modified":"2017-06-22T07:45:08","modified_gmt":"2017-06-22T05:45:08","slug":"kurzweilige-nacht-der-wissenschaften","status":"publish","type":"post","link":"https:\/\/blogs.fu-berlin.de\/nederlands\/2017\/06\/22\/kurzweilige-nacht-der-wissenschaften\/","title":{"rendered":"Kurzweilige Nacht der Wissenschaften"},"content":{"rendered":"<p>Warum die &#8222;<a href=\"https:\/\/www.langenachtderwissenschaften.de\/startseite.html\" target=\"_blank\" rel=\"noopener\">Lange Nacht der Wissenschaften<\/a>&#8220; nun <em>lang <\/em>sein soll, ist schon immer ein R\u00e4tsel. Sie dauert schlie\u00dflich nur die halbe Nacht, von 17 bis 00 Uhr, und so kurz nach Mittsommer ist es die meiste Zeit davon sogar hell. Und eines ist sicher: lang<em>weilig <\/em>wird sie sowieso nicht.<\/p>\n<p><a href=\"https:\/\/www.fu-berlin.de\/sites\/langenacht\/programm\/sprachen\/iz_sprache\/index.html\" target=\"_blank\" rel=\"noopener\"><img loading=\"lazy\" decoding=\"async\" class=\"alignright wp-image-15401 size-full\" src=\"https:\/\/blogs.fu-berlin.de\/nederlands\/files\/2017\/06\/LNDW-Logo.png\" alt=\"\" width=\"206\" height=\"206\" srcset=\"https:\/\/blogs.fu-berlin.de\/nederlands\/files\/2017\/06\/LNDW-Logo.png 206w, https:\/\/blogs.fu-berlin.de\/nederlands\/files\/2017\/06\/LNDW-Logo-150x150.png 150w\" sizes=\"auto, (max-width: 206px) 100vw, 206px\" \/><\/a>Daf\u00fcr sorgen auch wir in der Niederlandistik am kommenden Samstag zusammen mit unseren Kolleginnen und Kollegen in den anderen Sprachwissenschaften der FU und aus dem Sprachenzentrum. Wir haben uns ein paar Fragen gestellt und auch ein paar faszinierende Antworten gefunden. Wer wei\u00df schon, wie das Deutsche in Namibia aussieht? Oder welche geheimnisvollen Urspr\u00fcnge die Sprache des Tango hat? Welche Sprachen gibt es neben Spanisch und Portugiesisch auf der Iberischen Halbinsel noch zu entdecken? Sprechen junge Menschen wirklich anders als \u00e4ltere? Und wo k\u00f6nnen wir der deutschen Sprache beim Sprachwandel zuschauen?<\/p>\n<p>Unter dem gemeinsamen Titel <em>Sprachen &#8211; Menschen &#8211; Gesellschaften <\/em>gibt es viel zu entdecken. Auch f\u00fcr Kinder, am Aktionsstand &#8222;So klingt Berlin &#8211; Sprachen in der Stadt&#8220;.<\/p>\n<p>Die FU-Niederlandistik widmet sich in ihrem Beitrag der Sprache im europ\u00e4ischen Wahljahr 2017. Nicht zuletzt im <a href=\"https:\/\/blogs.fu-berlin.de\/nederlands\/tag\/wahl-2017\/\" target=\"_blank\" rel=\"noopener\">Wahlkampf<\/a> bei den Tweede Kamerverkiezingen im M\u00e4rz konnte man einige interessante Formulierungen, Spr\u00fcche und Muster sehen, die auch in den anderen Sprachen und L\u00e4ndern immer wieder auftauchen. Funktioniert politische Sprache in Frankreich, Deutschland oder den Niederlanden einfach gleich? Und gibt es wirklich so etwas wie &#8222;populistische Sprache&#8220;? Wer das wissen will, sollte um 19.00 Uhr oder um 21.30 Uhr zu unserer Pr\u00e4sentation kommen.<\/p>\n<p>Wie im letzten Jahr gibt es nat\u00fcrlich auch wieder einen Niederl\u00e4ndisch-Schnupperkurs. Zu einfach? F\u00fcr die gr\u00f6\u00dfere Herausforderung gibt es auch Schnupperkurse in Norwegisch, Portugiesisch, Galicisch und Arabisch.<\/p>\n<p>Das vollst\u00e4ndige Programm <a href=\"https:\/\/www.fu-berlin.de\/sites\/langenacht\/programm\/sprachen\/iz_sprache\/index.html\" target=\"_blank\" rel=\"noopener\">gibt es online<\/a> mit R\u00e4umen, Zeiten und Beschreibungen.<\/p>\n<p>&nbsp;<\/p>\n","protected":false},"excerpt":{"rendered":"<p>Warum die &#8222;Lange Nacht der Wissenschaften&#8220; nun lang sein soll, ist schon immer ein R\u00e4tsel. Sie dauert schlie\u00dflich nur die halbe Nacht, von 17 bis 00 Uhr, und so kurz nach Mittsommer ist es die meiste Zeit davon sogar hell. Und eines ist sicher: langweilig wird sie sowieso nicht. Daf\u00fcr sorgen auch wir in der [&hellip;]<\/p>\n","protected":false},"author":2044,"featured_media":0,"comment_status":"open","ping_status":"open","sticky":false,"template":"","format":"standard","meta":{"footnotes":""},"categories":[1],"tags":[44141],"class_list":["post-15399","post","type-post","status-publish","format-standard","hentry","category-allgemein","tag-beitraege-auf-deutsch"],"_links":{"self":[{"href":"https:\/\/blogs.fu-berlin.de\/nederlands\/wp-json\/wp\/v2\/posts\/15399","targetHints":{"allow":["GET"]}}],"collection":[{"href":"https:\/\/blogs.fu-berlin.de\/nederlands\/wp-json\/wp\/v2\/posts"}],"about":[{"href":"https:\/\/blogs.fu-berlin.de\/nederlands\/wp-json\/wp\/v2\/types\/post"}],"author":[{"embeddable":true,"href":"https:\/\/blogs.fu-berlin.de\/nederlands\/wp-json\/wp\/v2\/users\/2044"}],"replies":[{"embeddable":true,"href":"https:\/\/blogs.fu-berlin.de\/nederlands\/wp-json\/wp\/v2\/comments?post=15399"}],"version-history":[{"count":4,"href":"https:\/\/blogs.fu-berlin.de\/nederlands\/wp-json\/wp\/v2\/posts\/15399\/revisions"}],"predecessor-version":[{"id":15405,"href":"https:\/\/blogs.fu-berlin.de\/nederlands\/wp-json\/wp\/v2\/posts\/15399\/revisions\/15405"}],"wp:attachment":[{"href":"https:\/\/blogs.fu-berlin.de\/nederlands\/wp-json\/wp\/v2\/media?parent=15399"}],"wp:term":[{"taxonomy":"category","embeddable":true,"href":"https:\/\/blogs.fu-berlin.de\/nederlands\/wp-json\/wp\/v2\/categories?post=15399"},{"taxonomy":"post_tag","embeddable":true,"href":"https:\/\/blogs.fu-berlin.de\/nederlands\/wp-json\/wp\/v2\/tags?post=15399"}],"curies":[{"name":"wp","href":"https:\/\/api.w.org\/{rel}","templated":true}]}}