{"id":15708,"date":"2017-09-06T09:54:56","date_gmt":"2017-09-06T07:54:56","guid":{"rendered":"https:\/\/blogs.fu-berlin.de\/nederlands\/?p=15708"},"modified":"2017-09-17T22:53:13","modified_gmt":"2017-09-17T20:53:13","slug":"en-de-vrouwen","status":"publish","type":"post","link":"https:\/\/blogs.fu-berlin.de\/nederlands\/2017\/09\/06\/en-de-vrouwen\/","title":{"rendered":"En de vrouwen?"},"content":{"rendered":"<p><a href=\"https:\/\/commons.wikimedia.org\/wiki\/File:Mehr_Demokratie.png\" target=\"_blank\" rel=\"noopener\"><img loading=\"lazy\" decoding=\"async\" class=\"alignleft\" src=\"https:\/\/upload.wikimedia.org\/wikipedia\/commons\/f\/f4\/Mehr_Demokratie.png\" alt=\"\" width=\"36\" height=\"36\" \/><\/a>Wees gerust! Stil maar! Dit is het laatste deel in de serie &#8222;staatsinrichting&#8220; (<em>Gemeinschaftskunde<\/em>). Dan nog slechts 3 PS&#8217;jes (een PS-triasje dus).<\/p>\n<div style=\"width: 213px\" class=\"wp-caption alignright\"><a href=\"https:\/\/commons.wikimedia.org\/wiki\/File:William_Blake-Europe_Supported_By_Africa_and_America_1796.png\" target=\"_blank\" rel=\"noopener\"><img loading=\"lazy\" decoding=\"async\" class=\"\" src=\"https:\/\/upload.wikimedia.org\/wikipedia\/commons\/thumb\/4\/40\/William_Blake-Europe_Supported_By_Africa_and_America_1796.png\/172px-William_Blake-Europe_Supported_By_Africa_and_America_1796.png\" alt=\"\" width=\"203\" height=\"283\" \/><\/a><p class=\"wp-caption-text\">Een mooie trias (W. Blake, PD-Art)<\/p><\/div>\n<p>Van de Nederlandstalige <strong><em>trias<\/em><\/strong> is er maar \u00e9\u00e9n die vrouwelijke staatshoofden heeft gekend: het Koninkrijk der Nederlanden &#8211; en wel van 1890 tot 2013.<br \/>\nBelgi\u00eb (natuurlijk veel jonger) grossiert in mannelijke troonopvolgers (Sachsen-Coburg und Gotha: <a href=\"https:\/\/blogs.fu-berlin.de\/nederlands\/2015\/05\/13\/royaal\/\" target=\"_blank\" rel=\"noopener\"><em>Das Gest\u00fct<\/em> <em>Europas<\/em><\/a>). En Suriname, pas 32 jaar oud, zucht onder mannelijke presidenten.<\/p>\n<p>Op het niveau van regeringsleiders is er geen enkele vrouw te bespeuren. Wat dat betreft mogen we Duitsland gerust <a href=\"https:\/\/nl.wikipedia.org\/wiki\/Gidsland\" target=\"_blank\" rel=\"noopener\">gidsland<\/a> noemen. Het begint in ons taalgebied allemaal pas bij de ministers en hoe lager de bestuurlijke niveaus, hoe meer vrouwelijk personeel &#8211; het lijkt verdulleme wel een universiteit!<\/p>\n<p>Vrouwen kregen in Nederland in 1917 <strong>het passieve kiesrecht<\/strong>: ze konden zich dus verkiesbaar stellen. Maar slechts mannen hadden (tot 1919) <strong>het actieve kiesrecht<\/strong> (<em>Wahlrecht<\/em>). Dat haalt dus niet veel uit (<em>n\u00fctzt wenig<\/em>).<\/p>\n<p>Nederland mag dan wel koploper (<em>Spitzenreiter)<\/em> in vrouwelijke staatshoofden zijn, het land is hekkensluiter (<em>Schlusslicht<\/em>) wat het passieve kiesrecht betreft. Het duurde tot 2013 voordat de <a href=\"https:\/\/nl.wikipedia.org\/wiki\/Vrouwenstandpunt_van_de_Staatkundig_Gereformeerde_Partij\" target=\"_blank\" rel=\"noopener\">Staatkundig Gereformeerde Partij<\/a> (SGP) een vrouw op een kieslijst plaatste. Lilian Janse <a href=\"https:\/\/blogs.fu-berlin.de\/nederlands\/2014\/06\/20\/ver-geschopt\/\" target=\"_blank\" rel=\"noopener\">schopte<\/a> het tot op de lijst voor de gemeenteraadsverkiezingen! En ze werd in 2014 nog <a href=\"https:\/\/www.volkskrant.nl\/vk\/nl\/2686\/Binnenland\/article\/detail\/3498826\/2013\/08\/26\/Eerste-SGP-vrouw-op-kieslijst-een-feit-Vlissingen-accepteert-kandidatuur-Janse.dhtml\" target=\"_blank\" rel=\"noopener\">gekozen<\/a> ook!<\/p>\n","protected":false},"excerpt":{"rendered":"<p>Wees gerust! Stil maar! Dit is het laatste deel in de serie &#8222;staatsinrichting&#8220; (Gemeinschaftskunde). Dan nog slechts 3 PS&#8217;jes (een PS-triasje dus). Van de Nederlandstalige trias is er maar \u00e9\u00e9n die vrouwelijke staatshoofden heeft gekend: het Koninkrijk der Nederlanden &#8211; en wel van 1890 tot 2013. Belgi\u00eb (natuurlijk veel jonger) grossiert in mannelijke troonopvolgers (Sachsen-Coburg [&hellip;]<\/p>\n","protected":false},"author":1834,"featured_media":0,"comment_status":"open","ping_status":"open","sticky":false,"template":"","format":"standard","meta":{"footnotes":""},"categories":[2983,720,3099,64050,6940],"tags":[116,71811],"class_list":["post-15708","post","type-post","status-publish","format-standard","hentry","category-belgien","category-niederlande","category-sprachvergleich","category-suriname","category-wortschatz","tag-politik","tag-staatssystem"],"_links":{"self":[{"href":"https:\/\/blogs.fu-berlin.de\/nederlands\/wp-json\/wp\/v2\/posts\/15708","targetHints":{"allow":["GET"]}}],"collection":[{"href":"https:\/\/blogs.fu-berlin.de\/nederlands\/wp-json\/wp\/v2\/posts"}],"about":[{"href":"https:\/\/blogs.fu-berlin.de\/nederlands\/wp-json\/wp\/v2\/types\/post"}],"author":[{"embeddable":true,"href":"https:\/\/blogs.fu-berlin.de\/nederlands\/wp-json\/wp\/v2\/users\/1834"}],"replies":[{"embeddable":true,"href":"https:\/\/blogs.fu-berlin.de\/nederlands\/wp-json\/wp\/v2\/comments?post=15708"}],"version-history":[{"count":15,"href":"https:\/\/blogs.fu-berlin.de\/nederlands\/wp-json\/wp\/v2\/posts\/15708\/revisions"}],"predecessor-version":[{"id":16107,"href":"https:\/\/blogs.fu-berlin.de\/nederlands\/wp-json\/wp\/v2\/posts\/15708\/revisions\/16107"}],"wp:attachment":[{"href":"https:\/\/blogs.fu-berlin.de\/nederlands\/wp-json\/wp\/v2\/media?parent=15708"}],"wp:term":[{"taxonomy":"category","embeddable":true,"href":"https:\/\/blogs.fu-berlin.de\/nederlands\/wp-json\/wp\/v2\/categories?post=15708"},{"taxonomy":"post_tag","embeddable":true,"href":"https:\/\/blogs.fu-berlin.de\/nederlands\/wp-json\/wp\/v2\/tags?post=15708"}],"curies":[{"name":"wp","href":"https:\/\/api.w.org\/{rel}","templated":true}]}}