{"id":15923,"date":"2017-10-21T08:31:59","date_gmt":"2017-10-21T06:31:59","guid":{"rendered":"https:\/\/blogs.fu-berlin.de\/nederlands\/?p=15923"},"modified":"2017-10-19T21:04:52","modified_gmt":"2017-10-19T19:04:52","slug":"fietsen-door-een-tekst","status":"publish","type":"post","link":"https:\/\/blogs.fu-berlin.de\/nederlands\/2017\/10\/21\/fietsen-door-een-tekst\/","title":{"rendered":"Fietsen door een tekst"},"content":{"rendered":"<p><a href=\"https:\/\/commons.wikimedia.org\/wiki\/File:Bradypus.jpg\" target=\"_blank\" rel=\"noopener\"><img loading=\"lazy\" decoding=\"async\" class=\"alignleft\" src=\"https:\/\/upload.wikimedia.org\/wikipedia\/commons\/thumb\/1\/18\/Bradypus.jpg\/180px-Bradypus.jpg\" alt=\"\" width=\"70\" height=\"94\" \/><\/a><em>Was bisher geschah\u2026<br \/>\nEin R\u00fcckblick auf den Sommer, Teil 3<\/em><\/p>\n<p>Tijdens het zomerreces was <strong>de fiets<\/strong> zowel in <a href=\"https:\/\/nos.nl\/artikel\/2188265-vvn-wil-af-van-gevaarlijke-herenfiets.html\" target=\"_blank\" rel=\"noopener\">Nederland<\/a> als in <a href=\"https:\/\/www.demorgen.be\/binnenland\/nederlanders-willen-af-van-de-herenfiets-te-gevaarlijk-bc2372e1\/\" target=\"_blank\" rel=\"noopener\">Belgi\u00eb<\/a> in het nieuws. Het ging om de stang, meer precies om de hoge \/ lage instap. De traditionele herenfiets heeft nog een stang en de <em>echte<\/em> man zwaait zijn rechterbeen over de bagagedrager en neemt plaats op het zadel.<\/p>\n<div style=\"width: 218px\" class=\"wp-caption alignright\"><a href=\"https:\/\/commons.wikimedia.org\/wiki\/File:Nederlands_verkeerssymbool_-_fiets.svg\" target=\"_blank\" rel=\"noopener\"><img loading=\"lazy\" decoding=\"async\" src=\"https:\/\/upload.wikimedia.org\/wikipedia\/commons\/thumb\/a\/a1\/Nederlands_verkeerssymbool_-_fiets.svg\/300px-Nederlands_verkeerssymbool_-_fiets.svg.png\" alt=\"\" width=\"208\" height=\"130\" \/><\/a><p class=\"wp-caption-text\">Herenfiets (B. Brouwer, CC-PD-Mark)<\/p><\/div>\n<p>De fiets rechts heeft dan wel geen bagagedrager maar u ziet de stang die in de beginjaren van het rijwiel (<em>Zweirad<\/em>) voor de stabiliteit van het vervoermiddel zorgde.<br \/>\nDeze stang (intussen bouwtechnisch niet meer nodig) verzwaart jonge, ook atletische, vaders met een nakomeling achterop, evenals niet meer zo jonge opa&#8217;s het opstappen met een lenige zwaai van het rechterbeen.<\/p>\n<p>Mijn eerste fietsje kreeg ik toen ik drie was van mijn opa. Pa en opa waren dus snel van me af.<\/p>\n<p>De stang, waarop ik bij mijn vriendjes nog met plezier plaatsgenomen heb, heeft zijn beste tijd gehad. <strong>Jammer, maar helaas!<\/strong> <i>(leider, aber schade)<\/i>: gepopulariseerd door kunstenaar en presentator Wim T. Schippers = erg jammer: <em>leider, leider<\/em>&#8230;<\/p>\n<p>Maar uiteraard heb ik later bij Karel en andere vriendjes nog een aanloopje genomen en ben (<em>mijn achterband is wel wat zacht, maar het geeft niet, lieve pop; spring maar achterop!) <\/em> <a href=\"https:\/\/www.youtube.com\/watch?v=jD3x9ZQjvck\" target=\"_blank\" rel=\"noopener\">achterop<\/a> gesprongen (op de bagagedrage).<\/p>\n<p><strong>Fietsen door een tekst<\/strong><br \/>\nDat was de onder- of boventitel van <em><span class=\"searchword\">Voorspellend<\/span> lezen: Een didaktische benadering van de leesvaardigheidstraining in het moderne-vreemdetalenonderwijs<\/em> door <a href=\"https:\/\/www.onderwijsvanmorgen.nl\/vtv-reeks-17-terugblik-met-prof-dr-gerard-westhoff-en-didactisch-model\/\" target=\"_blank\" rel=\"noopener\">Gerard Westhoff<\/a>. Of was het een werktitel?<\/p>\n<p>Enfin, ik was toentertijd (<em>damals<\/em>) Gerards student-assistent &#8211; en ik lees en fiets nog steeds&#8230; met veel plezier!<\/p>\n<p>Lezen in een vreemde taal betekent niet woorden \u00e9\u00e9n voor \u00e9\u00e9n lezen en vertalen. Nee, een lezer heeft ook een voorspellend vermogen: de lezende ogen zien meer dan dat ene woord. Simpel gezegd: na <em>de<\/em>,<em> het <\/em>of <em>een<\/em> komt een substantief en de betekenis daarvan is vaak uit de context af te leiden. De goede, ervaren lezer voelt \/ voorspelt dat, hij (m\/v) ziet leestekens, voegwoorden, werkwoorden enz. aankomen &#8211; zoals ook een fietser niet elk keitje, elke kuil, elke hobbel, beoordeelt voordat-ie erover durft te fietsen. Als de straat naar links afbuigt (<em><span id=\"a12470\" class=\"ga\"><span class=\"gah\"><span class=\"gy gah1\"><span class=\"gv\"><span class=\"g6\">abzweigen<\/span><\/span><\/span><\/span><\/span><\/em>), buigt zelfs de<span id=\"a602144\" class=\"ga\"> <\/span>fietser die rechts iets interessants ontdekt, zonder nadenken zijn stuur naar links&#8230; mogen we hopen.<br \/>\nDat doen we allemaal, geheel onbewust, ook bij het lezen van een tekst.<br \/>\nEn mocht het niet helemaal lukken, dan bladeren we gewoon even terug&#8230;<\/p>\n<div style=\"width: 153px\" class=\"wp-caption alignleft\"><a href=\"https:\/\/commons.wikimedia.org\/wiki\/File:Fietsbel-Leonidas-prijscourant-1913.jpg\" target=\"_blank\" rel=\"noopener\"><img loading=\"lazy\" decoding=\"async\" class=\"\" src=\"https:\/\/upload.wikimedia.org\/wikipedia\/commons\/5\/56\/Fietsbel-Leonidas-prijscourant-1913.jpg\" alt=\"\" width=\"143\" height=\"144\" \/><\/a><p class=\"wp-caption-text\">Fietsbel 1913 (PD-OUD)<\/p><\/div>\n<p>Daarom is het mogelijk ook met beginnelingen &#8211; als men ze een paar hulpmiddelen (leesstrategie + Van Dale) ter beschikking stelt &#8211; <a href=\"https:\/\/neon.niederlandistik.fu-berlin.de\/woordenboek\/artikel\" target=\"_blank\" rel=\"noopener\">krantenteksten<\/a> te lezen.<\/p>\n<p>Duitstaligen hebben, als ze leeservaren zijn en een beetje getraind worden, voor het Nederlands een groot voorspellend vermogen. Ze raken soms w\u00e9l een beetje in de war als er in langere zinnen geen <a href=\"https:\/\/blogs.fu-berlin.de\/nederlands\/2016\/09\/09\/komma\/\" target=\"_blank\" rel=\"noopener\">komma<\/a> staat waar zij dat verwachten.<\/p>\n<p>En op <a href=\"https:\/\/neon.niederlandistik.fu-berlin.de\/woordenboek\/artikel\" target=\"_blank\" rel=\"noopener\">NEON<\/a> kan men m.b.v. (met behulp van) <a href=\"https:\/\/quizlet.com\/NEON_Berlin\/folders\" target=\"_blank\" rel=\"noopener\">Quizlet<\/a> de woorden oefenen. Dat is mooi meegenomen (<em><span id=\"a294050\" class=\"ga\"><span class=\"gah\"><span class=\"gy gac\"><span class=\"gv\"><span id=\"v43914\" class=\"gq gad gk\"><span class=\"gg\"><span class=\"gaj\">eine h\u00fcbsche Zugabe<\/span><\/span><\/span><\/span><\/span><\/span><\/span><\/em>)!<\/p>\n<p>Als ik tweemaal met mijn fietsbel bel, <a href=\"https:\/\/www.youtube.com\/watch?v=IxgWyQitCGo\" target=\"_blank\" rel=\"noopener\">nou dan weet je het wel<\/a>&#8230;<\/p>\n<p><strong>PS<\/strong> &#8211; Niet elke moedertaalspreker fietst flitsend door een tekst: zie <a href=\"https:\/\/www.youtube.com\/watch?v=oSDDPOrTzOg\" target=\"_blank\" rel=\"noopener\">hier<\/a> (vanaf 01:50).<\/p>\n","protected":false},"excerpt":{"rendered":"<p>Was bisher geschah\u2026 Ein R\u00fcckblick auf den Sommer, Teil 3 Tijdens het zomerreces was de fiets zowel in Nederland als in Belgi\u00eb in het nieuws. Het ging om de stang, meer precies om de hoge \/ lage instap. De traditionele herenfiets heeft nog een stang en de echte man zwaait zijn rechterbeen over de bagagedrager [&hellip;]<\/p>\n","protected":false},"author":1834,"featured_media":0,"comment_status":"open","ping_status":"open","sticky":false,"template":"","format":"standard","meta":{"footnotes":""},"categories":[3099,6940],"tags":[1542,12132],"class_list":["post-15923","post","type-post","status-publish","format-standard","hentry","category-sprachvergleich","category-wortschatz","tag-kultur","tag-verkehr"],"_links":{"self":[{"href":"https:\/\/blogs.fu-berlin.de\/nederlands\/wp-json\/wp\/v2\/posts\/15923","targetHints":{"allow":["GET"]}}],"collection":[{"href":"https:\/\/blogs.fu-berlin.de\/nederlands\/wp-json\/wp\/v2\/posts"}],"about":[{"href":"https:\/\/blogs.fu-berlin.de\/nederlands\/wp-json\/wp\/v2\/types\/post"}],"author":[{"embeddable":true,"href":"https:\/\/blogs.fu-berlin.de\/nederlands\/wp-json\/wp\/v2\/users\/1834"}],"replies":[{"embeddable":true,"href":"https:\/\/blogs.fu-berlin.de\/nederlands\/wp-json\/wp\/v2\/comments?post=15923"}],"version-history":[{"count":63,"href":"https:\/\/blogs.fu-berlin.de\/nederlands\/wp-json\/wp\/v2\/posts\/15923\/revisions"}],"predecessor-version":[{"id":16245,"href":"https:\/\/blogs.fu-berlin.de\/nederlands\/wp-json\/wp\/v2\/posts\/15923\/revisions\/16245"}],"wp:attachment":[{"href":"https:\/\/blogs.fu-berlin.de\/nederlands\/wp-json\/wp\/v2\/media?parent=15923"}],"wp:term":[{"taxonomy":"category","embeddable":true,"href":"https:\/\/blogs.fu-berlin.de\/nederlands\/wp-json\/wp\/v2\/categories?post=15923"},{"taxonomy":"post_tag","embeddable":true,"href":"https:\/\/blogs.fu-berlin.de\/nederlands\/wp-json\/wp\/v2\/tags?post=15923"}],"curies":[{"name":"wp","href":"https:\/\/api.w.org\/{rel}","templated":true}]}}