{"id":15970,"date":"2017-10-14T10:04:25","date_gmt":"2017-10-14T08:04:25","guid":{"rendered":"https:\/\/blogs.fu-berlin.de\/nederlands\/?p=15970"},"modified":"2017-10-09T23:31:46","modified_gmt":"2017-10-09T21:31:46","slug":"niederlaendisch-abschaffen","status":"publish","type":"post","link":"https:\/\/blogs.fu-berlin.de\/nederlands\/2017\/10\/14\/niederlaendisch-abschaffen\/","title":{"rendered":"Niederl\u00e4ndisch abschaffen?"},"content":{"rendered":"<p><a href=\"https:\/\/commons.wikimedia.org\/wiki\/File:Bradypus.jpg\" target=\"_blank\" rel=\"noopener\"><img loading=\"lazy\" decoding=\"async\" class=\"alignleft\" src=\"https:\/\/upload.wikimedia.org\/wikipedia\/commons\/thumb\/1\/18\/Bradypus.jpg\/180px-Bradypus.jpg\" alt=\"\" width=\"70\" height=\"94\" \/><\/a><\/p>\n<p><em>Was bisher geschah\u2026<br \/>\nEin R\u00fcckblick auf den Sommer, Teil 1<\/em><\/p>\n<p>Sommerloch, das war einmal. Nicht dass der Wahlkampf in Deutschland besonders spannend gewesen w\u00e4re. Aber Neuigkeiten zur niederl\u00e4ndischen Sprache, die gab es in diesem Sommer regelm\u00e4\u00dfig.<\/p>\n<p>Kaum waren wir in Urlaub gefahren, erschreckte uns ein Kollege aus den Niederlanden. Der Sinologe Rint Sybesma schrieb in der <a href=\"https:\/\/www.volkskrant.nl\/opinie\/opinie-schaf-het-nederlands-gewoon-af~a4507956\/\" target=\"_blank\" rel=\"noopener\">Volkskrant<\/a>: \u201eSchaf het Nederlands gewoon af.\u201c Das Niederl\u00e4ndische als kleine Sprache habe in der Globalisierung ohnehin keine Chance, Bildungssprache sei l\u00e4ngst Englisch und es sei niemandem zuzumuten, Niederl\u00e4ndisch zu lernen. Sicher, es w\u00fcrde eine \u00dcbergangsphase geben, in der die Bildungschancen einiger Menschen schlechter sind, weil ihr Englisch nicht gut genug ist. Aber auf lange Sicht w\u00fcrde der Wechsel zum Englischen dem Land sogar Vorteile bringen \u2013 n\u00e4mlich dieselben, die auch heute schon alle anderen haben, deren Erstsprache Englisch ist. Und da tagt\u00e4glich irgendwelche Sprachen aussterben, spiele es keine gro\u00dfe Rolle, wenn das Niederl\u00e4ndische auch untergeht.<\/p>\n<p>Ein realistisches Szenario? Eine Sprache abschaffen, geht das \u00fcberhaupt? Nun gibt es nat\u00fcrlich in der Geschichte jede Menge Beispiele daf\u00fcr. Frankreich hat seine Regionalsprachen innerhalb relativ kurzer Zeit sehr effektiv fast vollst\u00e4ndig ausgerottet. \u00c4hnlich erging es den indigenen Sprachen der USA oder Australiens. Allerdings ging es in diesen F\u00e4llen immer um die Sprachen der sozial Schw\u00e4cheren, der weniger Beteiligten, der weniger Gebildeten. Was aber, wenn das Niederl\u00e4ndische gegen\u00fcber dem Englischen genau in diese Rolle ger\u00e4t?<\/p>\n<p>Wie man genau eine Sprache abschafft, ist dabei noch lange nicht gekl\u00e4rt. Das d\u00fcrfte nur durch Verbote, Strafen und Zwang zu machen sein. Kein besonders beliebter Politikstil in einer Demokratie, insbesondere im Land der <a href=\"https:\/\/nl.wikipedia.org\/wiki\/Poldermodel\" target=\"_blank\" rel=\"noopener\">Kompromisse<\/a> und der Konsenssuche.<\/p>\n<div style=\"width: 307px\" class=\"wp-caption alignright\"><a href=\"https:\/\/nl.wikipedia.org\/wiki\/Chinatown_(Den_Haag)\" target=\"_blank\" rel=\"noopener\"><img loading=\"lazy\" decoding=\"async\" class=\"\" src=\"https:\/\/upload.wikimedia.org\/wikipedia\/commons\/1\/1f\/Wagenstraat-Den_Haag.jpg\" alt=\"\" width=\"297\" height=\"159\" \/><\/a><p class=\"wp-caption-text\">F\u00fcr eine \u00dcbergangszeit ist zweisprachige Beschilderung n\u00fctzlich. (Meursault2004, CC-BY-SA 2.5)<\/p><\/div>\n<p>Nun k\u00f6nnte man genauso gut die Frage stellen, ob das Englische die richtige Wahl ist. Vielleicht m\u00fcsste man stattdessen eher gleich an Chinesisch denken. Soweit m\u00f6chte noch nicht einmal der Sinologe selbst gehen. Er m\u00f6chte au\u00dferdem auch nicht: ernst genommen werden.<\/p>\n<p>Der Artikel war nat\u00fcrlich nur eine Provokation. Ein gut versteckter, nicht auf den ersten Blick als Satire erkennbarer Denkansto\u00df, f\u00fcr den man ein bisschen Humor braucht und vielleicht auch bereit ist, noch eine weitere Runde nachzudenken, vielleicht sogar ein wenig zu recherchieren. Dann stellt man fest, dass Sybesma schon einmal <a href=\"https:\/\/www.mareonline.nl\/archive\/2017\/06\/22\/opinie-red-ons-van-het-engels\" target=\"_blank\" rel=\"noopener\">genau das Gegenteil<\/a> ge\u00e4u\u00dfert hat. Wer dazu erwartbar nicht in der Lage war, ist der <a href=\"https:\/\/www.dagelijksestandaard.nl\/2017\/07\/lachwekkend-hoogleraar-stelt-voor-om-de-nederlandse-taal-gewoon-af-te-schaffen\/\" target=\"_blank\" rel=\"noopener\">rechte Rand der \u00d6ffentlichkeit<\/a>. Der ist bekannterma\u00dfen \u00fcberfordert mit Satire und erst recht mit der Aufgabe, Texte kritisch zu lesen und bei Bedarf noch einmal zu \u00fcberpr\u00fcfen. Das Resultat waren Anfeindungen und die \u00fcblichen Reflexe, bis hinein in einge\u00fcbte Formulierungen vom \u201ekulturellen Selbstmord\u201c.<\/p>\n<p>Was lernen wir daraus? Niederl\u00e4ndisch \u2013 oder jede andere Sprache \u2013 gut zu beherrschen, h\u00e4ngt nicht nur von Grammatik und Vokabeln ab, sondern auch von der F\u00e4higkeit, einen Zeitungsartikel als das zu durchschauen, was er ist. Vielleicht ist es deshalb ganz gut, dass es noch Menschen gibt, die andere Sprachen studieren und die <em>in anderen Sprachen<\/em> als nur Englisch studieren. Das sch\u00fctzt vor Einfalt \u2013 also auch davor, im Internet mit peinlichen Protestkolumnen den immergleichen Phantomen hinterherzujagen.<\/p>\n<p>Damit auch wirklich alle den Witz verstehen, hat Sybesma sp\u00e4ter in der <a href=\"https:\/\/www.volkskrant.nl\/opinie\/sodemieter-toch-niet-op-met-je-nederlands~a4514902\/\" target=\"_blank\" rel=\"noopener\">Volkskrant<\/a> seinen Beitrag noch einmal erkl\u00e4rt. Was er leider nicht getan hat: Den Applaus von der falschen Seite davonzuweisen. Denn ob man sich f\u00fcr das Niederl\u00e4ndische aus Lust an der Vielfalt oder aus reinem Nationalismus einsetzt, macht doch einen gro\u00dfen Unterschied.<\/p>\n","protected":false},"excerpt":{"rendered":"<p>Was bisher geschah\u2026 Ein R\u00fcckblick auf den Sommer, Teil 1 Sommerloch, das war einmal. Nicht dass der Wahlkampf in Deutschland besonders spannend gewesen w\u00e4re. Aber Neuigkeiten zur niederl\u00e4ndischen Sprache, die gab es in diesem Sommer regelm\u00e4\u00dfig. Kaum waren wir in Urlaub gefahren, erschreckte uns ein Kollege aus den Niederlanden. Der Sinologe Rint Sybesma schrieb in [&hellip;]<\/p>\n","protected":false},"author":2044,"featured_media":0,"comment_status":"open","ping_status":"open","sticky":false,"template":"","format":"standard","meta":{"footnotes":""},"categories":[720],"tags":[44141,71804],"class_list":["post-15970","post","type-post","status-publish","format-standard","hentry","category-niederlande","tag-beitraege-auf-deutsch","tag-sprachpolitik"],"_links":{"self":[{"href":"https:\/\/blogs.fu-berlin.de\/nederlands\/wp-json\/wp\/v2\/posts\/15970","targetHints":{"allow":["GET"]}}],"collection":[{"href":"https:\/\/blogs.fu-berlin.de\/nederlands\/wp-json\/wp\/v2\/posts"}],"about":[{"href":"https:\/\/blogs.fu-berlin.de\/nederlands\/wp-json\/wp\/v2\/types\/post"}],"author":[{"embeddable":true,"href":"https:\/\/blogs.fu-berlin.de\/nederlands\/wp-json\/wp\/v2\/users\/2044"}],"replies":[{"embeddable":true,"href":"https:\/\/blogs.fu-berlin.de\/nederlands\/wp-json\/wp\/v2\/comments?post=15970"}],"version-history":[{"count":8,"href":"https:\/\/blogs.fu-berlin.de\/nederlands\/wp-json\/wp\/v2\/posts\/15970\/revisions"}],"predecessor-version":[{"id":16174,"href":"https:\/\/blogs.fu-berlin.de\/nederlands\/wp-json\/wp\/v2\/posts\/15970\/revisions\/16174"}],"wp:attachment":[{"href":"https:\/\/blogs.fu-berlin.de\/nederlands\/wp-json\/wp\/v2\/media?parent=15970"}],"wp:term":[{"taxonomy":"category","embeddable":true,"href":"https:\/\/blogs.fu-berlin.de\/nederlands\/wp-json\/wp\/v2\/categories?post=15970"},{"taxonomy":"post_tag","embeddable":true,"href":"https:\/\/blogs.fu-berlin.de\/nederlands\/wp-json\/wp\/v2\/tags?post=15970"}],"curies":[{"name":"wp","href":"https:\/\/api.w.org\/{rel}","templated":true}]}}