{"id":15972,"date":"2017-10-17T18:19:11","date_gmt":"2017-10-17T16:19:11","guid":{"rendered":"https:\/\/blogs.fu-berlin.de\/nederlands\/?p=15972"},"modified":"2018-05-24T23:18:50","modified_gmt":"2018-05-24T21:18:50","slug":"niederlaendisch-abgeschafft","status":"publish","type":"post","link":"https:\/\/blogs.fu-berlin.de\/nederlands\/2017\/10\/17\/niederlaendisch-abgeschafft\/","title":{"rendered":"Niederl\u00e4ndisch abgeschafft"},"content":{"rendered":"<p><a href=\"https:\/\/commons.wikimedia.org\/wiki\/File:Bradypus.jpg\" target=\"_blank\" rel=\"noopener\"><img loading=\"lazy\" decoding=\"async\" class=\"alignleft\" src=\"https:\/\/upload.wikimedia.org\/wikipedia\/commons\/thumb\/1\/18\/Bradypus.jpg\/180px-Bradypus.jpg\" alt=\"\" width=\"70\" height=\"94\" \/><\/a><em>Was bisher geschah\u2026<br \/>\nEin R\u00fcckblick auf den Sommer, Teil 2<\/em><\/p>\n<p>In den Niederlanden geh\u00f6rt es in die Welt der Satire, dass das Niederl\u00e4ndische abgeschafft wird. In Berlin d\u00fcrfte es jetzt zur Realit\u00e4t werden. Nicht bei uns an der Universit\u00e4t, Gott bewahre. Aber zumindest an der Gail S. Halvorsen-Sekundarschule direkt in unserer Nachbarschaft hier in Dahlem. Dort gab es einen Schulversuch, mit dem seit 13 Jahren Niederl\u00e4ndisch als Fremdsprache unterrichtet wurde. Momentan sieht es danach aus, dass der <a href=\"https:\/\/www.berliner-zeitung.de\/berlin\/fremdsprache-in-berlin-gestrichen-warum-der-senat-holland-nicht-mehr-mag-28215314?dmcid=sm_fb_p\" target=\"_blank\" rel=\"noopener\">Versuch nicht weiter fortgef\u00fchrt wird<\/a>.<\/p>\n<div style=\"width: 295px\" class=\"wp-caption alignright\"><a href=\"http:\/\/www.halvorsen-schule.de\/wp-content\/uploads\/2013\/08\/2013_halvorsen_schule_600.jpg\" target=\"_blank\" rel=\"noopener\"><img loading=\"lazy\" decoding=\"async\" src=\"http:\/\/www.halvorsen-schule.de\/wp-content\/uploads\/2013\/08\/2013_halvorsen_schule_600.jpg\" alt=\"\" width=\"285\" height=\"133\" \/><\/a><p class=\"wp-caption-text\">Noch macht die Halvorsen-Schule Werbung mit Niederl\u00e4ndisch als 2. Fremdsprache. Mal sehen, wie lange noch. (Foto: Halvorsen-Schule.)<\/p><\/div>\n<p>Es gibt zwar weiterhin die <a href=\"https:\/\/www.nederlandsetaalencultuurinberlijn.de\/\" target=\"_blank\" rel=\"noopener\">Nederlandse School<\/a>, aber die ist nur ein unabh\u00e4ngiges Erg\u00e4nzungsangebot und nicht in den Regelunterricht einer normalen Schule eingegliedert. Niederl\u00e4ndisch als Fremdsprache wie alle anderen, das g\u00e4be es dann in Berlin nicht mehr.<\/p>\n<p>Wie n\u00f6tig das ist, beweist schon der Artikel in der Berliner Zeitung selbst. Wer auf die Halvorsen-Schule gegangen ist, wird den Unterschied zwischen <em>Niederl\u00e4ndisch <\/em>und <em>Holl\u00e4ndisch <\/em>kennen. Und auf die Schlagzeile, der Senat \u201emag Holland nicht mehr\u201c w\u00e4re man dann wahrscheinlich auch nicht gekommen.<\/p>\n<p>Gegen die simple Einteilung der Welt, in der eine Sprache einem Land geh\u00f6rt (und das Land auch noch anders hei\u00dft als in Wirklichkeit), ist ein guter Unterricht in den verschiedensten Sprachen das beste Schutzmittel. In der deutschen Hauptstadt sollte es eine Selbstverst\u00e4ndlichkeit sein, dass zumindest an einer Schule die offiziellen Sprachen der Nachbarl\u00e4nder gelernt werden k\u00f6nnen. (Ja, man k\u00f6nnte sogar auch mal \u00fcber Luxemburgisch reden.)<\/p>\n<p>Nat\u00fcrlich k\u00f6nnten wir uns an der Universit\u00e4t dar\u00fcber freuen, dass unser \u201eProdukt\u201c, das wir hier anbieten, nun wieder ein St\u00fcck exklusiver wird. Aber Wissen geh\u00f6rt nun einmal zu den Dingen, die sich vermehren, je mehr man sie teilt. Wir teilen jedenfalls unser Wissen gern mit dem Berliner Senat und der Leitung der Halvorsen-Schule, wenn sie nicht mehr so sicher sind, warum man Niederl\u00e4ndisch lernen sollte.<\/p>\n","protected":false},"excerpt":{"rendered":"<p>Was bisher geschah\u2026 Ein R\u00fcckblick auf den Sommer, Teil 2 In den Niederlanden geh\u00f6rt es in die Welt der Satire, dass das Niederl\u00e4ndische abgeschafft wird. In Berlin d\u00fcrfte es jetzt zur Realit\u00e4t werden. Nicht bei uns an der Universit\u00e4t, Gott bewahre. Aber zumindest an der Gail S. Halvorsen-Sekundarschule direkt in unserer Nachbarschaft hier in Dahlem. [&hellip;]<\/p>\n","protected":false},"author":2044,"featured_media":0,"comment_status":"open","ping_status":"open","sticky":false,"template":"","format":"standard","meta":{"footnotes":""},"categories":[1],"tags":[44141,116],"class_list":["post-15972","post","type-post","status-publish","format-standard","hentry","category-allgemein","tag-beitraege-auf-deutsch","tag-politik"],"_links":{"self":[{"href":"https:\/\/blogs.fu-berlin.de\/nederlands\/wp-json\/wp\/v2\/posts\/15972","targetHints":{"allow":["GET"]}}],"collection":[{"href":"https:\/\/blogs.fu-berlin.de\/nederlands\/wp-json\/wp\/v2\/posts"}],"about":[{"href":"https:\/\/blogs.fu-berlin.de\/nederlands\/wp-json\/wp\/v2\/types\/post"}],"author":[{"embeddable":true,"href":"https:\/\/blogs.fu-berlin.de\/nederlands\/wp-json\/wp\/v2\/users\/2044"}],"replies":[{"embeddable":true,"href":"https:\/\/blogs.fu-berlin.de\/nederlands\/wp-json\/wp\/v2\/comments?post=15972"}],"version-history":[{"count":11,"href":"https:\/\/blogs.fu-berlin.de\/nederlands\/wp-json\/wp\/v2\/posts\/15972\/revisions"}],"predecessor-version":[{"id":17000,"href":"https:\/\/blogs.fu-berlin.de\/nederlands\/wp-json\/wp\/v2\/posts\/15972\/revisions\/17000"}],"wp:attachment":[{"href":"https:\/\/blogs.fu-berlin.de\/nederlands\/wp-json\/wp\/v2\/media?parent=15972"}],"wp:term":[{"taxonomy":"category","embeddable":true,"href":"https:\/\/blogs.fu-berlin.de\/nederlands\/wp-json\/wp\/v2\/categories?post=15972"},{"taxonomy":"post_tag","embeddable":true,"href":"https:\/\/blogs.fu-berlin.de\/nederlands\/wp-json\/wp\/v2\/tags?post=15972"}],"curies":[{"name":"wp","href":"https:\/\/api.w.org\/{rel}","templated":true}]}}