{"id":16189,"date":"2017-11-27T12:57:38","date_gmt":"2017-11-27T11:57:38","guid":{"rendered":"https:\/\/blogs.fu-berlin.de\/nederlands\/?p=16189"},"modified":"2017-11-24T20:26:32","modified_gmt":"2017-11-24T19:26:32","slug":"wer-teksel-sagt-muss-auch-brueksel-sagen","status":"publish","type":"post","link":"https:\/\/blogs.fu-berlin.de\/nederlands\/2017\/11\/27\/wer-teksel-sagt-muss-auch-brueksel-sagen\/","title":{"rendered":"Wer &#8222;Teksel&#8220; sagt, muss auch &#8222;Br\u00fcksel&#8220; sagen"},"content":{"rendered":"<p>Tegel ist ein Stadtteil von Berlin, aber der Name steht nat\u00fcrlich l\u00e4ngst f\u00fcr viele haupts\u00e4chlich f\u00fcr den dortigen Flughafen. Viele kennen und lieben ihn \u2013 f\u00fcr kurze Wege und zuverl\u00e4ssiges Gep\u00e4ckchaos \u2013 so sehr, dass sie k\u00fcrzlich bei einem Referendum gegen seine Schlie\u00dfung gestimmt haben. Besonders Kundige nennen den Flughafen weltm\u00e4nnisch \u201eder Teh-Iks-Ell\u201c, nach seinem offiziellen K\u00fcrzel TXL in der Luftfahrt. (Wem das noch nicht kompliziert genug ist: In Berlin ist \u201eder TXL\u201c auch der Bus auf der Linie mit genau dieser Bezeichnung, der zum Flughafen f\u00e4hrt.)<\/p>\n<p>Was hat das mit dem Niederl\u00e4ndischen zu tun? Wahrscheinlich wenig, aber einfach gestrickte Gehirne wie meines erg\u00e4nzen die drei Buchstaben gerne zu einem vollst\u00e4ndigen Wort. Das klingt dann so: <em>Texel<\/em>. Wie die Insel.<\/p>\n<p>Das Problem dabei ist: Die Insel wird ganz gel\u00e4ufig <em>Tessel<\/em> ausgesprochen. Warum, das wei\u00df sogar <a href=\"https:\/\/nl.wikipedia.org\/wiki\/Texel#Uitspraak\" target=\"_blank\" rel=\"noopener\">Wikipedia<\/a>: \u201eDe uitspraak <em>Tessel<\/em> komt door een klankwet, waarbij ooit het consonantcluster <em>ks<\/em>, dat nog steeds in de oorspronkelijk Friese spelling van Texel als <em>x<\/em> gebruikt wordt, in het Nederlands tot <em>s<\/em> gereduceerd werd.\u201c<\/p>\n<div style=\"width: 274px\" class=\"wp-caption alignright\"><a href=\"https:\/\/nl.wikipedia.org\/wiki\/Vliegveld_Texel\" target=\"_blank\" rel=\"noopener\"><img loading=\"lazy\" decoding=\"async\" src=\"https:\/\/upload.wikimedia.org\/wikipedia\/commons\/4\/41\/Texel_Airport.jpg\" alt=\"\" width=\"264\" height=\"162\" \/><\/a><p class=\"wp-caption-text\">Texel Airport. (JePe, CC-BY-SA 3.0)<\/p><\/div>\n<p>Warum Friesisch? Texel liegt zwar nicht in der Provinz Frysl\u00e2n, aber das historische Einflussgebiet des Friesischen geht weit \u00fcber die heutige Region Friesland hinaus. Auch dar\u00fcber wei\u00df <a href=\"https:\/\/nl.wikipedia.org\/wiki\/West-Fries_(dialectgroep)\" target=\"_blank\" rel=\"noopener\">Wikipedia<\/a> einiges.<\/p>\n<p>Auch im Deutschen ist das [ks] noch erhalten. Wir sagen <em>wechseln <\/em>und <em>erwachsen<\/em>, auf Niederl\u00e4ndisch <em>wisselen <\/em>und <em>volwassen<\/em>. Demselben Prozess ist das [ks] im St\u00e4dtenamen <em>Br\u00fcssel <\/em>zum Opfer gefallen, in der franz\u00f6sischen Schreibweise <em>Bruxelles<\/em> sieht man es noch (und bei Franzosen, die \u00fcber Br\u00fcssel sprechen, h\u00f6rt man es auch weiterhin, <a href=\"https:\/\/blogs.fu-berlin.de\/nederlands\/2015\/12\/30\/fleet-und-brook\/\" target=\"_blank\" rel=\"noopener\">hier<\/a> dazu mehr).<\/p>\n<p>Das X ist sowieso ein merkw\u00fcrdiger Buchstabe. Nicht nur weil er im Deutschen wie im Niederl\u00e4ndischen so selten ist. Sondern auch weil er sozusagen das Gegenteil von einem Digraphen ist. Ein Digraph ist eine Kombination zweier Buchstaben f\u00fcr einen Laut, etwa &lt;ng&gt; f\u00fcr [\u014b] in <em>lang<\/em>. Das X ist dagegen ein einziger Buchstabe, der f\u00fcr die Kombination von zwei Lauten steht, n\u00e4mlich [ks]. (Gibt es daf\u00fcr eigentlich einen Fachbegriff? Wer sich mit Graphematik auskennt \u2013 bitte melden!) Im Deutschen kennen wir mit dem &lt;sch&gt; f\u00fcr [\u0283] sogar einen Trigraphen \u2013 im Niederl\u00e4ndischen nicht, siehe <u>Sch<\/u>iphol oder Ter<u>sch<\/u>elling, zwei Inseln weiter von Texel.<\/p>\n<p>Weil das X also so seltsam und auch so <em>zeldzaam<\/em> ist, wird es gerne zum Auff\u00fcllen von Flughafencodes wie bei TXL oder SXF benutzt. TGL war schon besetzt f\u00fcr den Flughafen der Insel Tagula in Papua-Neuguinea. Und der Flugplatz auf Texel brauchte TXL nicht, weil er so einen Code gar nicht besitzt. Auf den Graspisten k\u00f6nnten die gro\u00dfen Maschinen aus Schiphol noch nicht einmal <a href=\"https:\/\/blogs.fu-berlin.de\/nederlands\/2015\/06\/12\/taxien\/\" target=\"_blank\" rel=\"noopener\">taxi\u00ebn<\/a>.<\/p>\n","protected":false},"excerpt":{"rendered":"<p>Tegel ist ein Stadtteil von Berlin, aber der Name steht nat\u00fcrlich l\u00e4ngst f\u00fcr viele haupts\u00e4chlich f\u00fcr den dortigen Flughafen. Viele kennen und lieben ihn \u2013 f\u00fcr kurze Wege und zuverl\u00e4ssiges Gep\u00e4ckchaos \u2013 so sehr, dass sie k\u00fcrzlich bei einem Referendum gegen seine Schlie\u00dfung gestimmt haben. Besonders Kundige nennen den Flughafen weltm\u00e4nnisch \u201eder Teh-Iks-Ell\u201c, nach seinem [&hellip;]<\/p>\n","protected":false},"author":2044,"featured_media":0,"comment_status":"open","ping_status":"open","sticky":false,"template":"","format":"standard","meta":{"footnotes":""},"categories":[23502,23500,3099],"tags":[44141,71812,12132],"class_list":["post-16189","post","type-post","status-publish","format-standard","hentry","category-aussprache","category-rechtschreibung","category-sprachvergleich","tag-beitraege-auf-deutsch","tag-schriftsprache","tag-verkehr"],"_links":{"self":[{"href":"https:\/\/blogs.fu-berlin.de\/nederlands\/wp-json\/wp\/v2\/posts\/16189","targetHints":{"allow":["GET"]}}],"collection":[{"href":"https:\/\/blogs.fu-berlin.de\/nederlands\/wp-json\/wp\/v2\/posts"}],"about":[{"href":"https:\/\/blogs.fu-berlin.de\/nederlands\/wp-json\/wp\/v2\/types\/post"}],"author":[{"embeddable":true,"href":"https:\/\/blogs.fu-berlin.de\/nederlands\/wp-json\/wp\/v2\/users\/2044"}],"replies":[{"embeddable":true,"href":"https:\/\/blogs.fu-berlin.de\/nederlands\/wp-json\/wp\/v2\/comments?post=16189"}],"version-history":[{"count":3,"href":"https:\/\/blogs.fu-berlin.de\/nederlands\/wp-json\/wp\/v2\/posts\/16189\/revisions"}],"predecessor-version":[{"id":16371,"href":"https:\/\/blogs.fu-berlin.de\/nederlands\/wp-json\/wp\/v2\/posts\/16189\/revisions\/16371"}],"wp:attachment":[{"href":"https:\/\/blogs.fu-berlin.de\/nederlands\/wp-json\/wp\/v2\/media?parent=16189"}],"wp:term":[{"taxonomy":"category","embeddable":true,"href":"https:\/\/blogs.fu-berlin.de\/nederlands\/wp-json\/wp\/v2\/categories?post=16189"},{"taxonomy":"post_tag","embeddable":true,"href":"https:\/\/blogs.fu-berlin.de\/nederlands\/wp-json\/wp\/v2\/tags?post=16189"}],"curies":[{"name":"wp","href":"https:\/\/api.w.org\/{rel}","templated":true}]}}