{"id":16404,"date":"2017-12-06T12:39:04","date_gmt":"2017-12-06T11:39:04","guid":{"rendered":"https:\/\/blogs.fu-berlin.de\/nederlands\/?p=16404"},"modified":"2020-12-05T17:31:46","modified_gmt":"2020-12-05T16:31:46","slug":"postmodern-pietenparadijs","status":"publish","type":"post","link":"https:\/\/blogs.fu-berlin.de\/nederlands\/2017\/12\/06\/postmodern-pietenparadijs\/","title":{"rendered":"Postmodern pietenparadijs"},"content":{"rendered":"<p style=\"text-align: right\"><strong>Door: Johanna Bundschuh-van Duikeren<\/strong><\/p>\n<p style=\"text-align: right\">[ Eine <a href=\"#deutscheversion\">deutsche Version dieses Beitrags<\/a> steht weiter unten. ]<\/p>\n<p>&nbsp;<\/p>\n<div id=\"attachment_16406\" style=\"width: 241px\" class=\"wp-caption alignleft\"><a href=\"https:\/\/sinterklaasjournaal.ntr.nl\/#\/kijken\" target=\"_blank\" rel=\"noopener noreferrer\"><img loading=\"lazy\" decoding=\"async\" aria-describedby=\"caption-attachment-16406\" class=\"wp-image-16406\" src=\"https:\/\/blogs.fu-berlin.de\/nederlands\/files\/2017\/12\/PietNPO-300x174.jpg\" alt=\"\" width=\"231\" height=\"134\" srcset=\"https:\/\/blogs.fu-berlin.de\/nederlands\/files\/2017\/12\/PietNPO-300x174.jpg 300w, https:\/\/blogs.fu-berlin.de\/nederlands\/files\/2017\/12\/PietNPO.jpg 533w\" sizes=\"auto, (max-width: 231px) 100vw, 231px\" \/><\/a><p id=\"caption-attachment-16406\" class=\"wp-caption-text\">De prototypische \u201cpiet\u201d volgens het Sinterklaasjournaal (bron: NPO)<\/p><\/div>\n<p>\u201cHet is een kinderfeest!\u201d, hoor je steeds weer mensen zeggen in het debat over het uiterlijk van de pieten, de helpers die Sinterklaas begeleiden wanneer hij zijn pakjes verdeelt. Die claim moet vooral functioneren om critici die het inherente racisme van de figuur van de zwarte piet beklagen, tot zwijgen te brengen. Dat het om een kinderfeest gaat is natuurlijk waar, alleen leidt dat niet noodzakelijkerwijs tot de conclusie dat het per definitie een onschuldig feest is. Sinterklaas is ongetwijfeld het grootste kinderfeest van het jaar, maar juist daarom is het (ook) een politieke gebeurtenis, iets waarover het loont te reflecteren.<\/p>\n<p>Er is sprake van een unieke mediale constellatie in Nederland die de traditie van het sinterklaasfeest elk jaar opnieuw vorm geeft. Het gaat om het \u201cSinterklaasjournaal\u201d op NPO (<em>ein \u00f6ffentlich-rechtlicher Sender<\/em>) met bijna een miljoen kijkers. Het fictieve journaal \u2013 niet het enige televisie-programma rond de goedheiligman, maar wel het meest bekeken format \u2013 heeft een eigen traditie opgebouwd van liefdevol gemaakte nieuwsberichten rond de komst van de Sint en zijn&nbsp; helpers.<\/p>\n<p>Elk jaar is het weer spannend: of er zijn problemen met de pakjeslogisitiek, of, zoals dit jaar, Sinterklaas wordt op het laatste moment opgesloten en dreigt op 5 december niet aanwezig te zijn voor zijn eigen feest. In veel gezinnen worden de ontwikkelingen drie weken lang op de voet gevolgd, en oefent het programma directe invloed uit op de uitvoering van het feest. Op het journaal zie je dat er problemen zijn met het inpakpapier voor de kadootjes die \u2019s nachts in de laarsjes worden gelegd? Nederlandse ouders sluiten aan bij het verhaal en leggen onverpakte cadeaus in de schoenen van hun kinderen. Sinterklaas en de pieten lijken door deze wisselwerking veel echter dan dat het geval is met vergelijkbare tradities in andere landen. Kortom: een aandoenlijke, enthousiasmerende, dynamische vorm van feestvieren. Ware het niet dat de makers van het programma het debat over het racisme in de afgelopen twee jaar zo onhandig aanpakten.<\/p>\n<p>Deze discussie werd geenszins genegeerd op het journaal. Het Sinterklaasjournaal gebruikt al langer het begrip \u201cPiet\u201d in plaats van \u201czwarte Piet\u201d en zet daarmee een belangrijke stap om de associatie \u201czwartheid\u201d en \u201chelper van Sint\u201d te ontkoppelen. Nadat het debat in 2014 door internationale kritiek aan kracht had gewonnen, werd er bovendien ge\u00ebxperimenteerd met diverse nieuwe verhaallijnen die de schrijnende asymmetrie tussen de witte goedheilig man en de zwarte helperstypes moesten doen verdwijnen.<\/p>\n<p>In 2014 was er bijvoorbeeld met \u201cOpa Piet\u201d een tweede, zwarte figuur in tabberd (<em>Talar<\/em>) op een wit paard die in de laatste aflevering van het journaal harmonisch naast de bekende Sinterklaas, ditmaal gezeten op een zwart paard, de duisternis van pakjesavond in draafde. Deze verhaaldraad werd echter in het jaar daarop niet meer opgepakt. Hetzelfde gebeurde met de gekleurde pieten en clownspieten van de jaren daarop: even ingevoerd, na \u00e9\u00e9n jaar weer verdwenen. De mediadirectrice van de NTR beredeneerde het afstappen van de bontgekleurde pieten met<em>:<\/em> \u201c<a href=\"https:\/\/www.parool.nl\/kunst-en-media\/geen-gekleurde-pieten-meer-in-sinterklaasjournaal~a4520194\/\" target=\"_blank\" rel=\"noopener noreferrer\">Het paste te weinig binnen de traditie en zag er niet leuk uit<\/a>\u201d, en ondermijnde daarmee het culturele gezag dat haar eigen programma uitoefent op de beleving van het feest. De traditie staat immers niet los van dit populaire programma, maar wordt er zelfs voor een groot deel door bepaald.<\/p>\n<p>Er is maar een nieuw soort pieten dat reeds in meerdere seizoenen heeft gefigureerd. Helaas is het de zwakste variant van alle aangeboden verhaallijnen. Sinds 2014 lopen er namelijk ook ongeschminkte witte pieten rond in het grote pietenhuis, en wordt getoond hoe ze na hun eerste klauterpartij door de schoorstenen langzamerhand (zwart) verkleuren. (Ook al is uitvinder Jan Boel, een ander personage van het journaal, bezig om deze procedure overbodig te maken om \u2013 knipoog, knipoog \u2013 van de \u201czwarte piet af te komen\u201d).&nbsp; Die roetvegenpieten passen volgens de programmamakers kennelijk beter \u201cbinnen de traditie\u201d. Dat komt waarschijnlijk doordat verontwaardigde fans van de zwarte pieten, mensen die \u201cde traditie\u201d hooghouden, beweren dat de schoorsteen altijd al de reden was voor de kleur van de pieten. De keuze voor de roetvegenpiet is dus vooral gemakkelijk: niemand van de oudere generatie (in feite alle 10-plussers) hoeft zich retrospectief af te vragen of hij met het vieren in deze vorm racisme gedoogde, want: dat roetvegenverhaal spreekt vanzelf. Einde (zelf)reflectie. De makers beweren dat ze met deze verhaallijn \u201cde nuance\u201d zoeken: het lijkt er echter meer op dat ze, na veelbelovende aanzetten voor een postmodern pietenparadijs, het nodige lef voor een radicalere verandering missen. Dat vonden ook acteurs als <a href=\"https:\/\/nos.nl\/artikel\/2106843-hoofdpiet-van-muiswinkel-stopt-omdat-de-ntr-geen-ander-soort-piet-wilde.html\" target=\"_blank\" rel=\"noopener noreferrer\">Eric van Muiswinkel<\/a> en Jochem Myjer, evenals presentatrice <a href=\"https:\/\/nos.nl\/artikel\/2108148-ook-verslaggever-dolores-vertrekt-bij-het-sinterklaasjournaal.html\" target=\"_blank\" rel=\"noopener noreferrer\">Dolores Leeuwin<\/a>, die al in 2016 gefrustreerd opstapten. De makers van het Sinterklaasjournaal hebben ervoor gekozen om een narratief achter de zwartheid te etableren in plaats van het uiterlijk van de pieten aan te passen. Het kinderfeest zal nog langer met zijn koloniale last moeten doorgaan.<\/p>\n<p><strong>* PS<\/strong> \u2013 Wilt u ook nog eens iemand anders over dit thema horen?<\/p>\n<div class=\"lyte-wrapper\" style=\"width:640px;max-width:100%;margin:5px;\"><div class=\"lyMe\" id=\"WYL_BGBMQjvQQb0\"><div id=\"lyte_BGBMQjvQQb0\" data-src=\"https:\/\/blogs.fu-berlin.de\/nederlands\/wp-content\/plugins\/wp-youtube-lyte\/lyteCache.php?origThumbUrl=%2F%2Fi.ytimg.com%2Fvi%2FBGBMQjvQQb0%2Fhqdefault.jpg\" class=\"pL\"><div class=\"tC\"><div class=\"tT\"><\/div><\/div><div class=\"play\"><\/div><div class=\"ctrl\"><div class=\"Lctrl\"><\/div><div class=\"Rctrl\"><\/div><\/div><\/div><noscript><a href=\"https:\/\/youtu.be\/BGBMQjvQQb0\" rel=\"nofollow\"><img loading=\"lazy\" decoding=\"async\" src=\"https:\/\/blogs.fu-berlin.de\/nederlands\/wp-content\/plugins\/wp-youtube-lyte\/lyteCache.php?origThumbUrl=https%3A%2F%2Fi.ytimg.com%2Fvi%2FBGBMQjvQQb0%2F0.jpg\" alt=\"YouTube-Video-Thumbnail\" width=\"640\" height=\"340\" \/><br \/>Dieses Video auf YouTube ansehen<\/a><\/noscript><\/div><\/div><div class=\"lL\" style=\"max-width:100%;width:640px;margin:5px;\"><br\/><span class=\"lyte_disclaimer\">ACHTUNG: Daten nach YouTube werden erst beim Abspielen des Videos \u00fcbertragen.<\/span><\/div><\/p>\n<hr>\n<p id=\"deutscheversion\">&nbsp;\n<\/p>\n<h2>Postmodernes <em>Pieten<\/em>-Paradies<\/h2>\n<p>\u201eEs ist ein Kinderfest!\u201c ist ein \u2013 \u00fcbrigens auch in h\u00f6chsten politischen Kreisen \u2013 &nbsp;oft vernommenes Argument in der niederl\u00e4ndischen Debatte um das Erscheinungsbild der <em>Pieten, <\/em>der Begleiter von Sinterklaas, die ihm beim Verteilen der P\u00e4ckchen helfen. Die Formulierung soll dabei die Kritiker des <em>Zwarte Piet<\/em>, die den inh\u00e4renten Rassimus der Figur anprangern, verstummen lassen. Doch obwohl es stimmt, dass die Gestaltung des traditionellen <em>Pakjesavond<\/em> (P\u00e4ckchenabend) am 5. Dezember vor allem auf die Bed\u00fcrfnisse von Kindern ausgerichtet ist, kann daraus nicht abgeleitet werden, dass es sich per definitionem um einen unschuldigen Brauch handelt. Sinterklaas ist zweifellos das gr\u00f6\u00dfte Kinderfest des Jahres, und genau deshalb ist es (auch) ein politisches Ereignis; etwas, \u00fcber das es sich lohnt, nachzudenken.<\/p>\n<p>In den Niederlanden hat einzigartige mediale Konstellation dazu gef\u00fchrt, dass der Tradition des Festes jedes Jahr aufs Neue Form verliehen werden kann, und zwar durch das sogenannte <em>Sinterklaasjournaal<\/em>, ein \u00fcber mehrere Wochen vor dem Fest t\u00e4glich ausgestrahltes Format auf dem \u00f6ffentlich-rechtlichen Sender NPO, das regelm\u00e4\u00dfig knapp eine Million Zuschauer hat. Die fiktiven \u201eSinterklaasnews\u201c sind nicht das einzige TV-Programm rund um den in der Popul\u00e4rkultur arrivierten Heiligen, wohl aber das erfolgreichste. Die Sendung konnte so \u00fcber Jahre hinweg eine eigene Tradition liebevoll und humoristisch gestalteter Nachrichten \u00fcber Sinterklaas und seine Helfer begr\u00fcnden.<\/p>\n<p>Jedes Jahr ist es wieder spannend, ob das Fest \u00fcberhaupt stattfinden kann. Entweder gibt es Probleme mit der Geschenkelogistik, oder Sinterklaas wird unabsichtlich eingesperrt, oder der Schl\u00fcssel zum Wohnsitz der<em> Pieten<\/em> ist unauffindbar, und, und, und&#8230;&nbsp; Viele Familien verfolgen die Geschehnisse drei Wochen lang regelm\u00e4\u00dfig und mit gro\u00dfer emotionaler Beteiligung, und so \u00fcberrascht es auch nicht, dass die Inhalte der Sendung die Gestaltung des Festes im privaten Bereich der Familie beeinflussen. Sieht man im Sinterklaasjournaal etwa, dass kein Geschenkpapier geliefert werden kann? Niederl\u00e4ndische Eltern kn\u00fcpfen daran an und stecken, anders als sonst, unverpackte Geschenke in die Stiefel ihrer Kinder, die schon in den Wochen vor dem eigentlichen Fest immer wieder vor die T\u00fcr gestellt werden d\u00fcrfen. Auf der Website des Senders greifen interaktive Spiele die Inhalte der einzelnen Folgen auf und verst\u00e4rken deren Effekt. Sinterklaas und die <em>Pieten <\/em>erscheinen dadurch viel \u201eechter\u201c als dies f\u00fcr vergleichbare Traditionen in anderen L\u00e4ndern gilt: sogar die Medien berichten \u00fcber sie! Es ist eine r\u00fchrende und dynamische Form des kollektiven Feierns, die begeistern k\u00f6nnte, wenn die Sendungsverantwortlichen die schon seit Jahren schwelende Debatte \u00fcber den Rassismus der Figurendarstellung nicht so ungeschickt aufgegriffen h\u00e4tten.<\/p>\n<p>Es ist nicht so, dass diese Debatte ignoriert wurde. Das Sinterklaasjournal bezeichnet die Helferfiguren schon l\u00e4nger ausschlie\u00dflich als <em>Pieten<\/em> und l\u00e4sst die Zuschreibung \u201eschwarz\u201c, die in vielen traditionellen Kinderliedern, -gedichten usw. gesetzt ist, weg. Nachdem 2014 internationaler Aufruhr \u00fcber das in rassistischen Stereotypen verhaftete \u00e4u\u00dfere Erscheinungsbild der <em>Pieten <\/em>entstand, begann der Sender dar\u00fcber hinaus mit verschiedenen neuen Narrativen zu experimentieren, die die Asymmetrie zwischen dem wei\u00dfen Heiligen und den schwarzen Helfern nivellieren sollten.<\/p>\n<p>2014 wurde mit \u201eOpa Piet\u201c eine zweite, diesmal aber schwarze Figur im Talar eingef\u00fchrt. Sie durfte die in der letzten Sendung des Jahres harmonisch neben Sinterklaas in die D\u00e4mmerung des Pakjesavonds einherreiten: die beiden alten Herren w\u00fcrden das Sinterklaasfest k\u00fcnftig zu zweit bestreiten. Doch dieser Erz\u00e4hlstrang wurde im n\u00e4chsten Jahr nicht mehr aufgegriffen. Dasselbe Schicksal erfuhren die bunten Pieten und Clownspieten der Jahre darauf: schnell eingef\u00fchrt, ebensoschnell wieder verschwunden. Die Mediendirektorin der Senderfamilie begr\u00fcndete den Abschied von diesen Figuren mit dem Satz: \u201c<a href=\"https:\/\/www.parool.nl\/kunst-en-media\/geen-gekleurde-pieten-meer-in-sinterklaasjournaal~a4520194\/\">Het paste te weinig binnen de traditie en zag er niet leuk uit<\/a>\u201d (&#8218;Es passte zu wenig zur Tradition und sah nicht gut aus&#8216;), und negierte damit \u2013 abgesehen von dem vermutlich nur an der Oberfl\u00e4che \u00e4sthetisch begr\u00fcndeten Urteil \u2013 auch die kulturelle Machtstellung, die ihr eigenes Programm auf die Erfahrung und Gestaltung des Festes aus\u00fcbt. Die \u201eTradition\u201c ist in den Niederlanden eben kaum unabh\u00e4ngig von diesem popul\u00e4ren TV-Format denkbar und wird sogar ma\u00dfgeblich von ihm bestimmt.<\/p>\n<p>Nur eine Art \u201eneuer\u201c <em>Pieten<\/em> hat sich bis heute gehalten. Es handelt sich leider um die schw\u00e4chste Variante aller durchgespielten Erz\u00e4hlstr\u00e4nge. Seit 2014 bewohnen n\u00e4mlich auch ungeschminkte (meist wei\u00dfe) <em>Pieten<\/em> das <em>Gro\u00dfe Pietenhaus<\/em>: Je mehr sie ihrem Job jedoch gerecht werden, desto schw\u00e4rzer werden sie. Die Erkl\u00e4rung ist simpel: Da die Geschenke durch den Schornstein geliefert werden m\u00fcssen, hinterl\u00e4sst der Ru\u00df nach und nach Spuren auf den Gesichtern der Helfer. Die \u201eRu\u00dffleckenpieten\u201c passen offensichtlich nach Ansicht er Programmverantwortlichen besser \u201ezur Tradition\u201c. Der Grund daf\u00fcr liegt vermutlich in dem Argument, dass die Verfechter der Figur des <em>Zwarte Piet<\/em> \u2013 Menschen, die sich durchwegs auf (vermeintlich unver\u00e4nderliche) Traditionen berufen \u2013 &nbsp;gerne anf\u00fchren. Sie behaupten, schon immer w\u00e4ren Ru\u00dfverf\u00e4rbungen die Ursache f\u00fcr das Aussehen der <em>Pieten <\/em>gewesen.<\/p>\n<p>Die Entscheidung f\u00fcr den nunmehr seit sechs Jahren seines Amtes waltenden <em>Ru\u00dffleckenpiet<\/em> (so hei\u00dft er wirklich) entpuppt sich also vor allem eine gesichtswahrende: Niemand aus der \u00e4lteren Generation \u2013 das betrifft im Falle einer Kindersendung also alle \u00fcber 10-j\u00e4hrigen \u2013 braucht sich retrospektiv zu fragen, inwieweit er oder sie mit dem Feiern des Festes selbst eine Form von Rassismus duldete, denn: das Ru\u00dffleckenm\u00e4rchen spricht f\u00fcr sich. Ende der (Selbst-)Reflexion. Die Macher sind der Auffassung, mit dieser Umsetzung \u201eNuancen\u201c in der Debatte gerecht zu werden; dennoch scheint es, dass sie nach vielversprechenden Ans\u00e4tzen zur Schaffung eines wahrlich postmodernen Pieten-Paradieses den n\u00f6tigen Mut f\u00fcr eine radikalere \u00c4nderungen vermissen lie\u00dfen. Das fanden auch einige der Sendung \u00fcber lange Zeit verbundene Schauspieler wie <a href=\"https:\/\/nos.nl\/artikel\/2106843-hoofdpiet-van-muiswinkel-stopt-omdat-de-ntr-geen-ander-soort-piet-wilde.html\">Eric van Muiswinkel<\/a> und Jochem Myjer, Darsteller zentraler Pieten-Rollen, und die Moderatorin &nbsp;<a href=\"https:\/\/nos.nl\/artikel\/2108148-ook-verslaggever-dolores-vertrekt-bij-het-sinterklaasjournaal.html\">Dolores Leeuwin<\/a>, die 2016 frustriert das Handtuch warf. Die Macher des Sinterklaasjournaals haben sich daf\u00fcr entschieden, ein Narrativ des Schwarzzeins zu etablieren, anstatt das \u00c4u\u00dfere der <em>Pieten<\/em> konsequent zu ver\u00e4ndern. Das Kinderfest wird an seiner kolonialen Last noch l\u00e4nger tragen.<\/p>\n<hr>\n<p><strong>Anmerkung im Jahr 2020:<\/strong> Zumindest der niederl\u00e4ndische Premier argumentiert im Angesicht der Black Lives Matter -Proteste nicht mehr mit dem \u201eKinderfest\u201c. Der Kollege Matthias H\u00fcning geht darauf <a href=\"https:\/\/blogs.fu-berlin.de\/nederlands\/2020\/06\/06\/rutte_hermans_zwartepiet\/\" data-wplink-edit=\"true\">in einem Blogeintrag<\/a> ein.<\/p>\n\n\n<p><\/p>\n","protected":false},"excerpt":{"rendered":"<p>Door: Johanna Bundschuh-van Duikeren [ Eine deutsche Version dieses Beitrags steht weiter unten. ] &nbsp; \u201cHet is een kinderfeest!\u201d, hoor je steeds weer mensen zeggen in het debat over het uiterlijk van de pieten, de helpers die Sinterklaas begeleiden wanneer hij zijn pakjes verdeelt. Die claim moet vooral functioneren om critici die het inherente racisme [&hellip;]<\/p>\n","protected":false},"author":2044,"featured_media":0,"comment_status":"open","ping_status":"open","sticky":false,"template":"","format":"standard","meta":{"footnotes":""},"categories":[1],"tags":[71795,1542],"class_list":["post-16404","post","type-post","status-publish","format-standard","hentry","category-allgemein","tag-gastbeitrag","tag-kultur"],"_links":{"self":[{"href":"https:\/\/blogs.fu-berlin.de\/nederlands\/wp-json\/wp\/v2\/posts\/16404","targetHints":{"allow":["GET"]}}],"collection":[{"href":"https:\/\/blogs.fu-berlin.de\/nederlands\/wp-json\/wp\/v2\/posts"}],"about":[{"href":"https:\/\/blogs.fu-berlin.de\/nederlands\/wp-json\/wp\/v2\/types\/post"}],"author":[{"embeddable":true,"href":"https:\/\/blogs.fu-berlin.de\/nederlands\/wp-json\/wp\/v2\/users\/2044"}],"replies":[{"embeddable":true,"href":"https:\/\/blogs.fu-berlin.de\/nederlands\/wp-json\/wp\/v2\/comments?post=16404"}],"version-history":[{"count":23,"href":"https:\/\/blogs.fu-berlin.de\/nederlands\/wp-json\/wp\/v2\/posts\/16404\/revisions"}],"predecessor-version":[{"id":18523,"href":"https:\/\/blogs.fu-berlin.de\/nederlands\/wp-json\/wp\/v2\/posts\/16404\/revisions\/18523"}],"wp:attachment":[{"href":"https:\/\/blogs.fu-berlin.de\/nederlands\/wp-json\/wp\/v2\/media?parent=16404"}],"wp:term":[{"taxonomy":"category","embeddable":true,"href":"https:\/\/blogs.fu-berlin.de\/nederlands\/wp-json\/wp\/v2\/categories?post=16404"},{"taxonomy":"post_tag","embeddable":true,"href":"https:\/\/blogs.fu-berlin.de\/nederlands\/wp-json\/wp\/v2\/tags?post=16404"}],"curies":[{"name":"wp","href":"https:\/\/api.w.org\/{rel}","templated":true}]}}