{"id":16438,"date":"2018-01-01T00:01:31","date_gmt":"2017-12-31T23:01:31","guid":{"rendered":"https:\/\/blogs.fu-berlin.de\/nederlands\/?p=16438"},"modified":"2017-12-31T18:12:15","modified_gmt":"2017-12-31T17:12:15","slug":"gelukkig-nieuwjaar-2","status":"publish","type":"post","link":"https:\/\/blogs.fu-berlin.de\/nederlands\/2018\/01\/01\/gelukkig-nieuwjaar-2\/","title":{"rendered":"Gelukkig nieuwjaar!"},"content":{"rendered":"<div style=\"width: 278px\" class=\"wp-caption alignleft\"><a href=\"https:\/\/commons.wikimedia.org\/wiki\/File:Draaizon_vuurwerk_176.JPG\" target=\"_blank\" rel=\"noopener\"><img loading=\"lazy\" decoding=\"async\" class=\"\" src=\"https:\/\/upload.wikimedia.org\/wikipedia\/commons\/d\/d2\/Draaizon_vuurwerk_176.JPG\" alt=\"\" width=\"268\" height=\"256\" \/><\/a><p class=\"wp-caption-text\">P. van der Sluijs, GFDL<\/p><\/div>\n<p>Allen unseren Leserinnen und Lesern w\u00fcnschen wir f\u00fcr 2018 das Allerbeste &#8211; oder wie es die Abbildung ausdr\u00fcckt: dass es geh\u00f6rig rund geht, dat de zaken goed draaien, dass vielleicht sogar mal die Quadratur des Kreises gelingt.<\/p>\n<p>Danke, dass Sie nah und fern dabei sind! Nur mit Ihnen ist unser Blog eine runde Sache.<\/p>\n<p>Ihre Berliner Niederlandistik<\/p>\n<p>&nbsp;<\/p>\n<p>&nbsp;<\/p>\n<p>&nbsp;<\/p>\n","protected":false},"excerpt":{"rendered":"<p>Allen unseren Leserinnen und Lesern w\u00fcnschen wir f\u00fcr 2018 das Allerbeste &#8211; oder wie es die Abbildung ausdr\u00fcckt: dass es geh\u00f6rig rund geht, dat de zaken goed draaien, dass vielleicht sogar mal die Quadratur des Kreises gelingt. Danke, dass Sie nah und fern dabei sind! Nur mit Ihnen ist unser Blog eine runde Sache. Ihre [&hellip;]<\/p>\n","protected":false},"author":1834,"featured_media":0,"comment_status":"open","ping_status":"open","sticky":false,"template":"","format":"standard","meta":{"footnotes":""},"categories":[1],"tags":[],"class_list":["post-16438","post","type-post","status-publish","format-standard","hentry","category-allgemein"],"_links":{"self":[{"href":"https:\/\/blogs.fu-berlin.de\/nederlands\/wp-json\/wp\/v2\/posts\/16438","targetHints":{"allow":["GET"]}}],"collection":[{"href":"https:\/\/blogs.fu-berlin.de\/nederlands\/wp-json\/wp\/v2\/posts"}],"about":[{"href":"https:\/\/blogs.fu-berlin.de\/nederlands\/wp-json\/wp\/v2\/types\/post"}],"author":[{"embeddable":true,"href":"https:\/\/blogs.fu-berlin.de\/nederlands\/wp-json\/wp\/v2\/users\/1834"}],"replies":[{"embeddable":true,"href":"https:\/\/blogs.fu-berlin.de\/nederlands\/wp-json\/wp\/v2\/comments?post=16438"}],"version-history":[{"count":10,"href":"https:\/\/blogs.fu-berlin.de\/nederlands\/wp-json\/wp\/v2\/posts\/16438\/revisions"}],"predecessor-version":[{"id":16457,"href":"https:\/\/blogs.fu-berlin.de\/nederlands\/wp-json\/wp\/v2\/posts\/16438\/revisions\/16457"}],"wp:attachment":[{"href":"https:\/\/blogs.fu-berlin.de\/nederlands\/wp-json\/wp\/v2\/media?parent=16438"}],"wp:term":[{"taxonomy":"category","embeddable":true,"href":"https:\/\/blogs.fu-berlin.de\/nederlands\/wp-json\/wp\/v2\/categories?post=16438"},{"taxonomy":"post_tag","embeddable":true,"href":"https:\/\/blogs.fu-berlin.de\/nederlands\/wp-json\/wp\/v2\/tags?post=16438"}],"curies":[{"name":"wp","href":"https:\/\/api.w.org\/{rel}","templated":true}]}}