{"id":16716,"date":"2018-03-01T17:24:43","date_gmt":"2018-03-01T16:24:43","guid":{"rendered":"https:\/\/blogs.fu-berlin.de\/nederlands\/?p=16716"},"modified":"2018-04-03T22:26:16","modified_gmt":"2018-04-03T20:26:16","slug":"gran-tangi-gi-mama-aisa","status":"publish","type":"post","link":"https:\/\/blogs.fu-berlin.de\/nederlands\/2018\/03\/01\/gran-tangi-gi-mama-aisa\/","title":{"rendered":"\u201eGran tangi gi Mama Aisa\u201c"},"content":{"rendered":"<p>Die Bedeutung der Herrnhuter Mission f\u00fcr Suriname haben wir bereits <a href=\"https:\/\/blogs.fu-berlin.de\/nederlands\/2015\/03\/05\/tot-bam\/\" target=\"_blank\" rel=\"noopener\">fr\u00fcher<\/a> erw\u00e4hnt. Ich m\u00f6chte hier ausdr\u00fccklich auch nochmal auf den interessanten <a href=\"https:\/\/www.bol.de\/shop\/home\/artikeldetails\/ein_surinamer_in_der_ddr\/ricardo_macnack\/ISBN3-86583-899-5\/ID41840799.html;jsessionid=70C951D902D3E98C57D02DB379B5399F.tc5p\" target=\"_blank\" rel=\"noopener\">Bericht<\/a> des Surinamers Ricardo Macnack, der 1982 ein Praktikum in der DDR absolvierte, hinweisen.<br \/>\nDie Religion ist nicht unbedingt unser Thema, obwohl wir Maarten \u00b4t Hart einen gewissen Platz einger\u00e4umt haben, sich \u00fcber ein <a href=\"https:\/\/blogs.fu-berlin.de\/nederlands\/2017\/03\/14\/die-vent-deugt-voor-geen-meter\/\" target=\"_blank\" rel=\"noopener\">Luther-Buch<\/a> zu \u00e4u\u00dfern.<\/p>\n<p>Am 2. M\u00e4rz ist <em>Weltgebetstag der Frauen<\/em>. Und die Herrnhuter Mission hat Suriname in den <a href=\"http:\/\/www.herrnhuter-missionshilfe.de\/projekte\/wgt-2018-surinam\/\" target=\"_blank\" rel=\"noopener\">Mittelpunkt<\/a> gestellt. Um darauf hinzuweisen, wurde auf Vorschlag der Surinamer Br\u00fcdergemeine ein Plakat der K\u00fcnstlerin Alice Pomstra-Elmont, in Suriname geboren und aufgewachsen (<em>geboren en getogen<\/em>), ausgew\u00e4hlt. Wir sehen symbolisch die H\u00e4nde, die die g\u00f6ttliche Gabe empfangen und sie an die n\u00e4chsten Generationen weitergeben: Sie hat dazu diese einleuchtenden, <a href=\"http:\/\/www.herrnhuter-missionshilfe.de\/fileadmin\/media-hmh\/Printmedien_2017\/Zum_WGT-Plakat_aus_Surinam.pdf\" target=\"_blank\" rel=\"noopener\">erkl\u00e4renden Worte<\/a> (mit Foto) geschrieben.<\/p>\n<div style=\"width: 294px\" class=\"wp-caption alignleft\"><a href=\"https:\/\/weltgebetstag.de\/aktueller-wgt\/surinam\/materialien-downloads\/allgemeine-downloads-fuer-den-wgt-2018-surinam\/\" target=\"_blank\" rel=\"noopener\"><img loading=\"lazy\" decoding=\"async\" src=\"https:\/\/weltgebetstag.de\/fileadmin\/user_upload\/downloads\/Banner\/Banner_WGT_2018_print-04__copyright_wgt-ev.jpg\" alt=\"\" width=\"284\" height=\"152\" \/><\/a><p class=\"wp-caption-text\">\u00a9 Weltgebetstag der Frauen \u2013 Deutsches Komitee e.V.<\/p><\/div>\n<p>Das deutsche <em>Weltgebetstagskomitee<\/em> setzte sich aber \u00fcber den Vorschlag hinweg, und gab in Suriname ein eigenes Bild (links) in Auftrag.<\/p>\n<p>Das kam aus verschiedenen Gr\u00fcnden bei der Surinamer <em>Gemeine<\/em> nicht gut an (<em>dat viel <\/em><span id=\"a4279\" class=\"ga\"><span class=\"gah\"><span class=\"gy gac\"><span class=\"gv\"><span id=\"v3533\" class=\"gq gad\"><span class=\"gg\"><span class=\"gaj\"><em>in slechte aarde<\/em>), nicht zuletzt, weil die K\u00fcnstlerin Sri Irodikromo (sie geh\u00f6rt der indonesischst\u00e4mmigen Bev\u00f6lkerungsgruppe an) in ihrem Bild auf die &#8222;heidnische&#8220; Winti-Religion verweise. Der Titel des Kunstwerkes laute: <\/span><\/span><\/span><\/span><\/span><\/span><\/span>\u201e<strong>Gran tangi gi Mama Aisa<\/strong>\u201c.<span id=\"a4279\" class=\"ga\"><span id=\"v3533\" class=\"gq gad\"><\/span><\/span><\/p>\n<blockquote>\n<div><em>Die deutsche \u00dcbersetzung \u201eMit Dank an Mutter Erde\u201c klingt harmlos. Aber Mama Aisa ist eine Gottheit des Winti-Kultus. Der Winti-Kult ist eine Naturreligion mit afrikanischen Elementen. Er wird von den christli<\/em><em>chen Kirchen Surinams als \u201eheidnisch\u201c betrachtet. Dabei schmerzt es surinamische Christen im<\/em><em>mer wieder, dass dieser Kult (auch in den Niederlanden) von Europ\u00e4ern sozusagen als legitime <\/em><em>Religion der Afro-Surinamer dargestellt wird.<\/em><\/div>\n<\/blockquote>\n<p><span id=\"a4279\" class=\"ga\"><span class=\"gah\"><span class=\"gy gac\"><span class=\"gv\"><span id=\"v3533\" class=\"gq gad\"><span class=\"gg\"><span class=\"gaj\">Das schreibt die Direktion der Evangelischen Br\u00fcder-Unit\u00e4t (Deutschland) in einer lesenswerte <a href=\"http:\/\/www.herrnhuter-missionshilfe.de\/fileadmin\/media-hmh\/Printmedien_2017\/Zum_WGT-Plakat_2018_extern.pdf\" target=\"_blank\" rel=\"noopener\">Stellungnahme<\/a>. <\/span><\/span><\/span><\/span><\/span><\/span><\/span><span id=\"a4279\" class=\"ga\"><span class=\"gah\"><span class=\"gy gac\"><span class=\"gv\"><span id=\"v3533\" class=\"gq gad\"><span class=\"gg\"><span class=\"gaj\">Sie ruft darin auch dazu auf, dar\u00fcber zu diskutieren, wer welches Bild von Suriname bestimmt.<\/span><\/span><\/span><\/span><\/span><\/span><\/span><\/p>\n<p>Mir pers\u00f6nlich gefallen beide Plakate&#8230; aber \u00fcber das Wort &#8222;heidnisch&#8220; gerate ich ins Stolpern.<br \/>\nJa, wo leben wir denn? Der Duden gibt als Synonyme f\u00fcr &#8222;heidnisch&#8220;: <em>atheistisch<\/em>, <em>ungl\u00e4ubig. <\/em>Und das sind die Winti-Gl\u00e4ubigen doch wohl nicht!<\/p>\n<div style=\"width: 304px\" class=\"wp-caption alignright\"><a href=\"https:\/\/commons.wikimedia.org\/wiki\/File:Arya_Dewaker,_exterior5.jpg\" target=\"_blank\" rel=\"https:\/\/commons.wikimedia.org\/wiki\/File:Arya_Dewaker,_exterior5.jpg noopener\"><img loading=\"lazy\" decoding=\"async\" src=\"https:\/\/upload.wikimedia.org\/wikipedia\/commons\/b\/b3\/Arya_Dewaker%2C_exterior5.jpg\" alt=\"\" width=\"294\" height=\"165\" \/><\/a><p class=\"wp-caption-text\">Hindoetempel, Paramaribo (F. L. Bakker, CC-BY-SA-3.0)<\/p><\/div>\n<p>Das urspr\u00fcngliche <a href=\"https:\/\/weltgebetstag.de\/fileadmin\/user_upload\/downloads\/KiGo\/3_7_Frauen.pdf\" target=\"_blank\" rel=\"noopener\">Bild<\/a> (Alice Pomstra-Elmont) wird f\u00fcr den Kindesgottesdienst verwendet.<\/p>\n<p>Die meisten Links zu diesem Thema finden Sie <a href=\"http:\/\/www.herrnhuter-missionshilfe.de\/projekte\/wgt-2018-surinam\/\" target=\"_blank\" rel=\"noopener\">hier<\/a>&#8230; und au\u00dferdem noch mehr zu diesem exotischen Land Suriname, in dem man neben Niederl\u00e4ndisch noch viele andere Sprachen (Sranantongo, Sarnami, Aukaans, Saramaccaans&#8230;) spricht; zu dem selbstredend auch die <a href=\"https:\/\/bukubooks.wordpress.com\/winti\/\" target=\"_blank\" rel=\"noopener\">Winti<\/a>-Religion geh\u00f6rt; in dem neben der indigenen Bev\u00f6lkerung auch die Nachfahren von Versklavten, von Indern (<em>Hindoestanen<\/em>) und Indonesiern, von Juden und Burus (niederl\u00e4ndische Bauern), sowie <a href=\"http:\/\/werkgroepcaraibischeletteren.nl\/de-emigratie-van-chinezen-naar-suriname\/\" target=\"_blank\" rel=\"noopener\">Chinesen<\/a> und mittlerweile auch andere &#8222;Nationalit\u00e4ten&#8220; leben.<\/p>\n<div style=\"width: 243px\" class=\"wp-caption alignleft\"><a href=\"https:\/\/commons.wikimedia.org\/wiki\/File:Paramaribo_synagogue_and_mosque.JPG\" target=\"_blank\" rel=\"noopener\"><img loading=\"lazy\" decoding=\"async\" class=\"\" src=\"https:\/\/upload.wikimedia.org\/wikipedia\/commons\/thumb\/5\/50\/Paramaribo_synagogue_and_mosque.JPG\/320px-Paramaribo_synagogue_and_mosque.JPG\" alt=\"\" width=\"233\" height=\"175\" \/><\/a><p class=\"wp-caption-text\">Moschee, Synagoge (M. Ahsmann, GFDL)<\/p><\/div>\n<p>Nicht umsonst sind die Surinamer stolz auf die friedliche Nachbarschaft ihrer Moschee und Synagoge in der Hauptstadt Paramaribo!<\/p>\n<p>&nbsp;<\/p>\n<p>Und alles auf Deutsch!<br \/>\nLesen Sie!<\/p>\n<p>&nbsp;<\/p>\n","protected":false},"excerpt":{"rendered":"<p>Die Bedeutung der Herrnhuter Mission f\u00fcr Suriname haben wir bereits fr\u00fcher erw\u00e4hnt. Ich m\u00f6chte hier ausdr\u00fccklich auch nochmal auf den interessanten Bericht des Surinamers Ricardo Macnack, der 1982 ein Praktikum in der DDR absolvierte, hinweisen. Die Religion ist nicht unbedingt unser Thema, obwohl wir Maarten \u00b4t Hart einen gewissen Platz einger\u00e4umt haben, sich \u00fcber ein [&hellip;]<\/p>\n","protected":false},"author":1834,"featured_media":0,"comment_status":"open","ping_status":"open","sticky":false,"template":"","format":"standard","meta":{"footnotes":""},"categories":[64050],"tags":[44141,1542],"class_list":["post-16716","post","type-post","status-publish","format-standard","hentry","category-suriname","tag-beitraege-auf-deutsch","tag-kultur"],"_links":{"self":[{"href":"https:\/\/blogs.fu-berlin.de\/nederlands\/wp-json\/wp\/v2\/posts\/16716","targetHints":{"allow":["GET"]}}],"collection":[{"href":"https:\/\/blogs.fu-berlin.de\/nederlands\/wp-json\/wp\/v2\/posts"}],"about":[{"href":"https:\/\/blogs.fu-berlin.de\/nederlands\/wp-json\/wp\/v2\/types\/post"}],"author":[{"embeddable":true,"href":"https:\/\/blogs.fu-berlin.de\/nederlands\/wp-json\/wp\/v2\/users\/1834"}],"replies":[{"embeddable":true,"href":"https:\/\/blogs.fu-berlin.de\/nederlands\/wp-json\/wp\/v2\/comments?post=16716"}],"version-history":[{"count":47,"href":"https:\/\/blogs.fu-berlin.de\/nederlands\/wp-json\/wp\/v2\/posts\/16716\/revisions"}],"predecessor-version":[{"id":16921,"href":"https:\/\/blogs.fu-berlin.de\/nederlands\/wp-json\/wp\/v2\/posts\/16716\/revisions\/16921"}],"wp:attachment":[{"href":"https:\/\/blogs.fu-berlin.de\/nederlands\/wp-json\/wp\/v2\/media?parent=16716"}],"wp:term":[{"taxonomy":"category","embeddable":true,"href":"https:\/\/blogs.fu-berlin.de\/nederlands\/wp-json\/wp\/v2\/categories?post=16716"},{"taxonomy":"post_tag","embeddable":true,"href":"https:\/\/blogs.fu-berlin.de\/nederlands\/wp-json\/wp\/v2\/tags?post=16716"}],"curies":[{"name":"wp","href":"https:\/\/api.w.org\/{rel}","templated":true}]}}