{"id":16911,"date":"2018-04-01T17:37:09","date_gmt":"2018-04-01T15:37:09","guid":{"rendered":"https:\/\/blogs.fu-berlin.de\/nederlands\/?p=16911"},"modified":"2018-04-01T17:28:50","modified_gmt":"2018-04-01T15:28:50","slug":"zerbroeckelung-durch-schwebende-waehler","status":"publish","type":"post","link":"https:\/\/blogs.fu-berlin.de\/nederlands\/2018\/04\/01\/zerbroeckelung-durch-schwebende-waehler\/","title":{"rendered":"Zerbr\u00f6ckelung durch schwebende W\u00e4hler"},"content":{"rendered":"<p>Wichtige Ereignisse gab es in den letzten Wochen genug: Korea zwischen Vers\u00f6hnung und Atombombe, USA zwischen Strafz\u00f6llen und Schulschie\u00dfereien. Hier und da eine Schlagzeile wert waren trotzdem auch die Kommunalwahlen in den Niederlanden.<\/p>\n<p>Nicht weil es uns in Deutschland so enorm beeinflusst, wer B\u00fcrgermeister von Delfzijl oder Terneuzen ist. Sondern weil das Wahlverhalten bei unseren Nachbarn oft als Trend f\u00fcr die Entwicklung in anderen L\u00e4ndern Europas gedeutet wird. Vom Aufschwung der Rechtspopulisten bis zum Niedergang der Sozialdemokratie: Was nebenan passiert, kommt irgendwann auch bei uns an.<\/p>\n<div style=\"width: 272px\" class=\"wp-caption alignright\"><a href=\"https:\/\/nl.wikipedia.org\/wiki\/Burgemeester\" target=\"_blank\" rel=\"noopener\"><img loading=\"lazy\" decoding=\"async\" src=\"https:\/\/upload.wikimedia.org\/wikipedia\/commons\/8\/8a\/Nederland_Burgemeesters.jpg\" alt=\"\" width=\"262\" height=\"320\" \/><\/a><p class=\"wp-caption-text\">Die Lokalpolitik war auch 2012 schon ziemlich bunt. (Bouke, CC-BY-SA 3.0)<\/p><\/div>\n<p>Was stellen wir also bei den Kommunalwahlen fest? Nun, zun\u00e4chst einmal die Bedeutung des <em>zwevende kiezer<\/em>. Der ist auf Deutsch ein <em>Wechselw\u00e4hler<\/em>, also jemand, der nicht dauerhaft auf eine Partei festgelegt ist. Dadurch werden die Umfragen weniger zuverl\u00e4ssig und die Wahlen im besten Falle etwas spannender. Auf Niederl\u00e4ndisch <em>schweben <\/em>die Wahlberechtigten in diesem Fall \u00fcber den Parteien, um sich am Wahltag mehr oder weniger spontan bei einer Partei niederzulassen \u2013 und f\u00fcr die folgende Wahl sogleich wieder weiter zu schweben zur n\u00e4chsten Partei. Auf Englisch spricht man \u00e4hnlich vom <em>floating voter<\/em> oder auch vom <em>swing vote<\/em>, der mit seiner Schaukelbewegung eher nur in einem Zwei-Parteien-System sinnvoll klingt.<\/p>\n<p>Die Niederlande sind nun aber gerade das Gegenteil eines Zwei-Parteien-Systems. Denn der zunehmende Trend hei\u00dft <em>verbrokkeling<\/em> und das Resultat davon ist <a href=\"https:\/\/nos.nl\/artikel\/2223623-bekijk-hier-alle-uitslagen-van-de-verkiezingen.htm\" target=\"_blank\" rel=\"noopener\">bunt<\/a>. Das <em>Zerbr\u00f6ckeln <\/em>(mit <em>ver- <\/em>statt <em>zer-<\/em>, <a href=\"https:\/\/blogs.fu-berlin.de\/nederlands\/2015\/05\/26\/zerwuesten-und-herbluehen\/\" target=\"_blank\" rel=\"noopener\">das kennen wir schon<\/a>) betrifft die politische Landschaft insgesamt und besonders die Gemeinder\u00e4te: Viele kleine Parteien sind mit wenigen Sitzen vertreten und es m\u00fcssen sich B\u00fcndnisse mit sieben, acht, neun Parteien zusammenfinden, um \u00fcberhaupt eine Mehrheit zu bekommen. Auf Deutsch spricht man eher von <em>Zersplitterung<\/em>, und parallel dazu kommt auch <em>versplintering <\/em>auf Niederl\u00e4ndisch vor. Kommt eine Mehrheit zustande, k\u00f6nnen die beteiligten Parteien ein <a href=\"https:\/\/blogs.fu-berlin.de\/nederlands\/2017\/08\/30\/b-w-zo\/\" target=\"_blank\" rel=\"noopener\"><em>college van B en W<\/em><\/a> bilden: das gemeinsame Gremium von B\u00fcrgermeister\/in und Beigeordneten.<\/p>\n<p>Damit keine Missverst\u00e4ndnisse aufkommen, weil schon seit Wochen Semesterferien sind: Ein <em>college <\/em>ist in diesem Fall ein Rat, kein Universit\u00e4tsseminar. Deshalb ist ein <em><a href=\"https:\/\/www.trouw.nl\/democratie\/waaierdemocratie-kan-een-keerpunt-worden~a4a3442c\/\" target=\"_blank\" rel=\"noopener\">afspiegelingscollege<\/a> <\/em>keine selbsts\u00fcchtige Lehrveranstaltung, sondern eine Sonderform der Gemeindeverwaltung: Die Gruppe aus B\u00fcrgermeister und Beigeordneten ist proportional zusammengesetzt nach den st\u00e4rksten Parteien, \u00e4hnlich wie die Regierung in der Schweiz, und nicht nach verhandelten Koalitionen. Das wiederum ist kein Trend, der erst sp\u00e4ter aus den Niederlanden zu uns kommen wird: Die <a href=\"https:\/\/de.wikipedia.org\/wiki\/Bezirksamt_(Berlin)\" target=\"_blank\" rel=\"noopener\">Berliner Bezirks\u00e4mter<\/a> funktionieren schon lange so.<\/p>\n","protected":false},"excerpt":{"rendered":"<p>Wichtige Ereignisse gab es in den letzten Wochen genug: Korea zwischen Vers\u00f6hnung und Atombombe, USA zwischen Strafz\u00f6llen und Schulschie\u00dfereien. Hier und da eine Schlagzeile wert waren trotzdem auch die Kommunalwahlen in den Niederlanden. Nicht weil es uns in Deutschland so enorm beeinflusst, wer B\u00fcrgermeister von Delfzijl oder Terneuzen ist. Sondern weil das Wahlverhalten bei unseren [&hellip;]<\/p>\n","protected":false},"author":2044,"featured_media":0,"comment_status":"open","ping_status":"open","sticky":false,"template":"","format":"standard","meta":{"footnotes":""},"categories":[720,6940],"tags":[44141,116],"class_list":["post-16911","post","type-post","status-publish","format-standard","hentry","category-niederlande","category-wortschatz","tag-beitraege-auf-deutsch","tag-politik"],"_links":{"self":[{"href":"https:\/\/blogs.fu-berlin.de\/nederlands\/wp-json\/wp\/v2\/posts\/16911","targetHints":{"allow":["GET"]}}],"collection":[{"href":"https:\/\/blogs.fu-berlin.de\/nederlands\/wp-json\/wp\/v2\/posts"}],"about":[{"href":"https:\/\/blogs.fu-berlin.de\/nederlands\/wp-json\/wp\/v2\/types\/post"}],"author":[{"embeddable":true,"href":"https:\/\/blogs.fu-berlin.de\/nederlands\/wp-json\/wp\/v2\/users\/2044"}],"replies":[{"embeddable":true,"href":"https:\/\/blogs.fu-berlin.de\/nederlands\/wp-json\/wp\/v2\/comments?post=16911"}],"version-history":[{"count":5,"href":"https:\/\/blogs.fu-berlin.de\/nederlands\/wp-json\/wp\/v2\/posts\/16911\/revisions"}],"predecessor-version":[{"id":16917,"href":"https:\/\/blogs.fu-berlin.de\/nederlands\/wp-json\/wp\/v2\/posts\/16911\/revisions\/16917"}],"wp:attachment":[{"href":"https:\/\/blogs.fu-berlin.de\/nederlands\/wp-json\/wp\/v2\/media?parent=16911"}],"wp:term":[{"taxonomy":"category","embeddable":true,"href":"https:\/\/blogs.fu-berlin.de\/nederlands\/wp-json\/wp\/v2\/categories?post=16911"},{"taxonomy":"post_tag","embeddable":true,"href":"https:\/\/blogs.fu-berlin.de\/nederlands\/wp-json\/wp\/v2\/tags?post=16911"}],"curies":[{"name":"wp","href":"https:\/\/api.w.org\/{rel}","templated":true}]}}