{"id":16958,"date":"2018-05-01T00:20:40","date_gmt":"2018-04-30T22:20:40","guid":{"rendered":"https:\/\/blogs.fu-berlin.de\/nederlands\/?p=16958"},"modified":"2018-05-01T00:17:48","modified_gmt":"2018-04-30T22:17:48","slug":"han","status":"publish","type":"post","link":"https:\/\/blogs.fu-berlin.de\/nederlands\/2018\/05\/01\/han\/","title":{"rendered":"Han"},"content":{"rendered":"<p>Die Feinheiten der niederl\u00e4ndischen Kurz- und Kosenamen habe ich nie so richtig verstanden: Wie werden sie gebildet, wie werden sie benutzt, und warum hat der Kurzname oft kaum etwas mit dem Taufnamen zu tun?<\/p>\n<p>In einem Fall habe ich das System allerdings doch durchschaut, n\u00e4mlich bei unserer (<a href=\"https:\/\/blogs.fu-berlin.de\/nederlands\/2018\/04\/30\/niets-bestaat-dat-niet-iets-anders-aanraakt-j-brouwers\/\" target=\"_blank\" rel=\"noopener\">jetzt ehemaligen<\/a> &#8211; kaum zu glauben!) Kollegin Johanna Ridderbeekx. Wer sie kennt, spricht sie auf einer von drei Stufen der Vertrautheit an: Studierende und viele andere an der Universit\u00e4t sagen nat\u00fcrlich <em>Frau Ridderbeekx<\/em>. Den vollst\u00e4ndigen Vornamen nutzen nach meiner Wahrnehmung nicht so viele &#8211; aber wer sie besser kennt, hat eine spezielle Ehre und darf sie <em>Han <\/em>nennen. Von <em>Johanna <\/em>zu <em>Han<\/em>, diesen Weg kann ich tats\u00e4chlich nachvollziehen. Macht schlie\u00dflich Sinn, sich f\u00fcr die betonte Silbe zu entscheiden. Genauso wie unsere Kollegin ist auch das W\u00f6rtchen <em>Han <\/em>\u00e4u\u00dferst vielseitig.<\/p>\n<div style=\"width: 229px\" class=\"wp-caption alignright\"><a href=\"https:\/\/upload.wikimedia.org\/wikipedia\/commons\/9\/9e\/Han-sur-Lesse_Riv1JPG.jpg\" target=\"_blank\" rel=\"noopener\"><img loading=\"lazy\" decoding=\"async\" src=\"https:\/\/upload.wikimedia.org\/wikipedia\/commons\/9\/9e\/Han-sur-Lesse_Riv1JPG.jpg\" alt=\"\" width=\"219\" height=\"164\" \/><\/a><p class=\"wp-caption-text\">Han in Belgien.<\/p><\/div>\n<p>Meine erste Begegnung mit <em>Han <\/em>fand in Belgien statt. Nicht mit unserer Mitbloggerin, aber mit dem kleinen St\u00e4dchen, das diesen Namen tr\u00e4gt: Han-sur-Lesse in den Ardennen. Dort liegen die <a href=\"https:\/\/nl.wikipedia.org\/wiki\/Grotten_van_Han\" target=\"_blank\" rel=\"noopener\"><em>grotten van Han<\/em><\/a>, was selbstverst\u00e4ndlich nichst Unanst\u00e4ndiges ist, sondern einfach eine wirklich beeindruckende Tropfsteinh\u00f6hle. Dort habe ich einmal eine F\u00fchrung miterlebt, auf Niederl\u00e4ndisch mit einem herrlichen franz\u00f6sischen Akzent. Han, also Johanna, also Frau Ridderbeekx h\u00e4tte ihre Freude daran gehabt!<\/p>\n<div style=\"width: 210px\" class=\"wp-caption alignleft\"><a href=\"https:\/\/upload.wikimedia.org\/wikipedia\/commons\/9\/95\/Ethnolinguistic_map_of_China_1983.png\" target=\"_blank\" rel=\"noopener\"><img loading=\"lazy\" decoding=\"async\" src=\"https:\/\/upload.wikimedia.org\/wikipedia\/commons\/9\/95\/Ethnolinguistic_map_of_China_1983.png\" alt=\"\" width=\"200\" height=\"187\" \/><\/a><p class=\"wp-caption-text\">Han in China.<\/p><\/div>\n<p><em>Han <\/em>ist au\u00dferdem in den skandinavischen Sprachen das Pronomen der dritten Person Singular Maskulinum. Also Vorsicht vor Zweideutigkeiten! Der Satz &#8222;Han liker \u00e5 blogge&#8220; kann sich zum Beispiel auf unsere Kollegin beziehen (&#8222;Han bloggt gern&#8220;) oder zum Beispiel auf mich (&#8222;Er bloggt gern&#8220;). In China verbindet man den Begriff <em><a href=\"https:\/\/nl.wikipedia.org\/wiki\/Han-Chinezen\" target=\"_blank\" rel=\"noopener\">Han <\/a><\/em>dagegen mit der gr\u00f6\u00dften ethnischen Gruppe im Land und mit der historischen <a href=\"https:\/\/nl.wikipedia.org\/wiki\/Han-dynastie\" target=\"_blank\" rel=\"noopener\">Han-Dynastie<\/a>. Keine Frage: Eine neue Han-Dynastie hat hier an der FU in den letzten Jahrzehnten einen Anfang genommen und wir werden uns bem\u00fchen, sie weiterleben zu lassen. Das k\u00f6nnte irgendwann zum Urheberrechtsstreit f\u00fchren, denn mit dem Namen <em>HAN <\/em>schm\u00fcckt sich auch die <em>Hogeschool van Arnhem en Nijmegen<\/em>, und das k\u00f6nnen wir unm\u00f6glich zulassen.<\/p>\n<div style=\"width: 151px\" class=\"wp-caption alignright\"><a href=\"https:\/\/upload.wikimedia.org\/wikipedia\/en\/b\/be\/Han_Solo_depicted_in_promotional_image_for_Star_Wars_%281977%29.jpg\" target=\"_blank\" rel=\"noopener\"><img loading=\"lazy\" decoding=\"async\" src=\"https:\/\/upload.wikimedia.org\/wikipedia\/en\/b\/be\/Han_Solo_depicted_in_promotional_image_for_Star_Wars_%281977%29.jpg\" alt=\"\" width=\"141\" height=\"196\" \/><\/a><p class=\"wp-caption-text\">Han im Weltall.<\/p><\/div>\n<p>Bis nach Ostasien oder an den Niederrhein muss man eigentlich gar nicht unbedingt gehen, denn in Berlin und Umgebung sieht man <em>Han <\/em>relativ oft im Stra\u00dfenbild. Genauer gesagt: HAN. So hei\u00dft ein <a href=\"http:\/\/han-bau.de\/index.php\/home\" target=\"_blank\" rel=\"noopener\">Tiefbauunternehmen<\/a>, das auf Rohrleitungen spezialisiert ist. Wir vermeiden wieder jede anz\u00fcgliche Assoziation, aber das Tiefgr\u00fcndige scheint allem zu eigen zu sein, das sich mit dem Namen <em>Han <\/em>schm\u00fccken darf.<\/p>\n<p>Zugleich ist <em>Han <\/em>nat\u00fcrlich auch mit den Weiten des Weltalls verbunden. Wer <a href=\"https:\/\/nl.wikipedia.org\/wiki\/Han_Solo\" target=\"_blank\" rel=\"noopener\">Han Solo<\/a> nicht kennt, kennt zumindest sein Gesicht, das n\u00e4mlich Harrison Ford erstaunlich \u00e4hnlich sieht. Gl\u00fccklicherweise ist die Freie Universit\u00e4t eine friedliche Umgebung, in der man ohne Laserschwert auskommt. Ob wir aber tats\u00e4chlich auf Dauer ohne Han, also Johanna, also Frau Ridderbeekx auskommen werden, das steht in den Sternen&#8230;<\/p>\n<p>&nbsp;<\/p>\n","protected":false},"excerpt":{"rendered":"<p>Die Feinheiten der niederl\u00e4ndischen Kurz- und Kosenamen habe ich nie so richtig verstanden: Wie werden sie gebildet, wie werden sie benutzt, und warum hat der Kurzname oft kaum etwas mit dem Taufnamen zu tun? In einem Fall habe ich das System allerdings doch durchschaut, n\u00e4mlich bei unserer (jetzt ehemaligen &#8211; kaum zu glauben!) Kollegin Johanna [&hellip;]<\/p>\n","protected":false},"author":2044,"featured_media":0,"comment_status":"open","ping_status":"open","sticky":false,"template":"","format":"standard","meta":{"footnotes":""},"categories":[1],"tags":[44141],"class_list":["post-16958","post","type-post","status-publish","format-standard","hentry","category-allgemein","tag-beitraege-auf-deutsch"],"_links":{"self":[{"href":"https:\/\/blogs.fu-berlin.de\/nederlands\/wp-json\/wp\/v2\/posts\/16958","targetHints":{"allow":["GET"]}}],"collection":[{"href":"https:\/\/blogs.fu-berlin.de\/nederlands\/wp-json\/wp\/v2\/posts"}],"about":[{"href":"https:\/\/blogs.fu-berlin.de\/nederlands\/wp-json\/wp\/v2\/types\/post"}],"author":[{"embeddable":true,"href":"https:\/\/blogs.fu-berlin.de\/nederlands\/wp-json\/wp\/v2\/users\/2044"}],"replies":[{"embeddable":true,"href":"https:\/\/blogs.fu-berlin.de\/nederlands\/wp-json\/wp\/v2\/comments?post=16958"}],"version-history":[{"count":8,"href":"https:\/\/blogs.fu-berlin.de\/nederlands\/wp-json\/wp\/v2\/posts\/16958\/revisions"}],"predecessor-version":[{"id":16983,"href":"https:\/\/blogs.fu-berlin.de\/nederlands\/wp-json\/wp\/v2\/posts\/16958\/revisions\/16983"}],"wp:attachment":[{"href":"https:\/\/blogs.fu-berlin.de\/nederlands\/wp-json\/wp\/v2\/media?parent=16958"}],"wp:term":[{"taxonomy":"category","embeddable":true,"href":"https:\/\/blogs.fu-berlin.de\/nederlands\/wp-json\/wp\/v2\/categories?post=16958"},{"taxonomy":"post_tag","embeddable":true,"href":"https:\/\/blogs.fu-berlin.de\/nederlands\/wp-json\/wp\/v2\/tags?post=16958"}],"curies":[{"name":"wp","href":"https:\/\/api.w.org\/{rel}","templated":true}]}}