{"id":17054,"date":"2018-07-16T10:21:02","date_gmt":"2018-07-16T08:21:02","guid":{"rendered":"https:\/\/blogs.fu-berlin.de\/nederlands\/?p=17054"},"modified":"2018-07-14T15:06:00","modified_gmt":"2018-07-14T13:06:00","slug":"rente","status":"publish","type":"post","link":"https:\/\/blogs.fu-berlin.de\/nederlands\/2018\/07\/16\/rente\/","title":{"rendered":"Rente"},"content":{"rendered":"<p>Dag allemaal, daar ben ik weer!<\/p>\n<div style=\"width: 216px\" class=\"wp-caption alignleft\"><a href=\"https:\/\/commons.wikimedia.org\/wiki\/File:Ortsschild_mit_den_Worten_Arbeit_und_Rente.jpg\" target=\"_blank\" rel=\"noopener\"><img loading=\"lazy\" decoding=\"async\" src=\"https:\/\/upload.wikimedia.org\/wikipedia\/commons\/thumb\/5\/59\/Ortsschild_mit_den_Worten_Arbeit_und_Rente.jpg\/320px-Ortsschild_mit_den_Worten_Arbeit_und_Rente.jpg?uselang=de\" alt=\"\" width=\"206\" height=\"137\" \/><\/a><p class=\"wp-caption-text\">www.elbpresse.de &#8211; CC-BY-SA-4.0<\/p><\/div>\n<p>Weliswaar <em>in Rente<\/em> &#8211; zoals de Duitser pleegt te zeggen &#8211; maar nog niet met pensioen.<\/p>\n<p>Laten we het eerst maar eens hebben over <em>Beamte<\/em> (ambtenaren) en <em>Angestellte<\/em>. Dat verschil wordt in Nederland niet gemaakt. Ben je in Nederlandse overheidsdienst, ben je ambtenaar (vast aangesteld of niet), dan krijg je vanaf je 66e pensioen, een uitkering van het ABP (Algemeen Burgerlijk Pensioenfonds).<\/p>\n<p>Daarnaast kent Nederland de <a href=\"https:\/\/blogs.fu-berlin.de\/nederlands\/2016\/11\/01\/wie-is-wie-vadertje-drees\/\" target=\"_blank\" rel=\"noopener\">AOW<\/a><span id=\"a26315\" class=\"ga\"><span class=\"gah\"><span class=\"gy gac\"><span class=\"gv\"> (<span id=\"a6700416\" class=\"v0f\"><span class=\"v05\"><span id=\"b7187629\" class=\"v1e\"><span class=\"v0d\"><span class=\"v5\">Al\u00adge\u00adme\u00adne Ou\u00adder\u00addoms\u00adwet<\/span><\/span><\/span><\/span><\/span> &#8211; <em><span class=\"gh\">gesetzliche Altersrente in den Niederlanden<\/span><\/em><\/span><\/span><\/span><\/span>), een basispensioen (<em>Grundrente<\/em>) dat uitgekeerd wordt voor de jaren die men in NL doorgebracht heeft.<\/p>\n<p>Ik zie de de vraagtekens in uw ogen.<br \/>\nJa! Iedereen, of hij\/zij gewerkt heeft &#8211; met arbeidscontract of als huisvrouw\/huisman en moeder\/vader met enkel een huwelijks- of samenlevingscontract &#8211; of \u00fcberhaupt niet &#8211; krijgt deze uitkering.<br \/>\nDaar kan de Bondsrepubliek nog wat van opsteken (<em>sich ein Beispiel nehmen<\/em>)!<\/p>\n<p><strong>RENTE<\/strong> in het Nederlands zijn de <em>Zinsen<\/em> op je kapitaaltje. Heeft u ook nog een restje staan op een bank die 0,2 % rente (<em>Zinsen<\/em>) geeft?<\/p>\n<p>Etymologisch is dit woord afgeleid van het Latijnse <em>reddere<\/em> (teruggeven, ter vergelding geven).<br \/>\nProblematisch wordt het bij &#8222;interest&#8220; &#8211; in het Duits <em>Zins<\/em> (NL: rente). Dat lijkt verdomd veel op het Franse <a href=\"https:\/\/de.pons.com\/\u00fcbersetzung?l=defr&amp;q=int\u00e9r\u00eat&amp;in=fr\" target=\"_blank\" rel=\"noopener\">int\u00e9r\u00eat<\/a> dat zowel rente (<em>Zins<\/em>) betekent als interesse, belangstelling&#8230; (en ook belang). Voor interesse, in de betekenis van zakelijk belang, geeft de NL etymologiebank volgende verklaring:<\/p>\n<blockquote><p><b>latijn<\/b> <i>interesse<\/i> [zijn tussen, deelnemen aan], <i>interest<\/i> [er is aan gelegen, het is van belang], van <i>inter<\/i> [tussen, speciaal] + <i>esse<\/i> [zijn]<\/p>\n<p>&nbsp;<\/p><\/blockquote>\n<div style=\"width: 195px\" class=\"wp-caption alignleft\"><a href=\"https:\/\/commons.wikimedia.org\/wiki\/File:Svalbardrein.jpg\" target=\"_blank\" rel=\"noopener\"><img loading=\"lazy\" decoding=\"async\" class=\"\" src=\"https:\/\/upload.wikimedia.org\/wikipedia\/commons\/1\/11\/Svalbardrein.jpg\" alt=\"\" width=\"185\" height=\"127\" \/><\/a><p class=\"wp-caption-text\">das Rentier (Mfiskum, CC-BY-3.0)<\/p><\/div>\n<div style=\"width: 170px\" class=\"wp-caption alignright\"><a href=\"https:\/\/commons.wikimedia.org\/wiki\/File:WLANL_-_artanonymous_-_Kop_van_een_oude_man.jpg\" target=\"_blank\" rel=\"noopener\"><img loading=\"lazy\" decoding=\"async\" class=\"\" src=\"https:\/\/upload.wikimedia.org\/wikipedia\/commons\/thumb\/9\/98\/WLANL_-_artanonymous_-_Kop_van_een_oude_man.jpg\/178px-WLANL_-_artanonymous_-_Kop_van_een_oude_man.jpg\" alt=\"\" width=\"160\" height=\"216\" \/><\/a><p class=\"wp-caption-text\">der Rentier (CC-BY-SA-2.0)<\/p><\/div>\n<p>Een rentenier is in het NL iemand die van zijn rente (<em>Zinsen<\/em>) kan leven. Zo iemand renteniert dus.<\/p>\n<p>Nee, ik niet.<\/p>\n<p>In het Duits onderscheiden we tussen<em> Rentier<\/em> <span class=\"lexem\">[<em>r\u025bn\u02c8ti\u032fe\u02d0<\/em>]<\/span> (rechts) en <em>Rentier<\/em> (links).<\/p>\n<p>Nog twee idiomatische uitdrukkingen voor wie NL leert:<\/p>\n<p>* <em>Wohltun bringt Zinsen<\/em>: \u00b1 wie goed doet, goed ontmoet<br \/>\n* iets van <a href=\"https:\/\/upload.wikimedia.org\/wikipedia\/commons\/8\/83\/Nl-zins.ogg\" target=\"_blank\" rel=\"noopener\">zins<\/a> zijn: <em>gesonnen\/gewillt sein, vorhaben\u00a0\u00a0 &#8211; \u00a0 <\/em>grapje!<em><br \/>\n<\/em><\/p>\n","protected":false},"excerpt":{"rendered":"<p>Dag allemaal, daar ben ik weer! Weliswaar in Rente &#8211; zoals de Duitser pleegt te zeggen &#8211; maar nog niet met pensioen. Laten we het eerst maar eens hebben over Beamte (ambtenaren) en Angestellte. Dat verschil wordt in Nederland niet gemaakt. Ben je in Nederlandse overheidsdienst, ben je ambtenaar (vast aangesteld of niet), dan krijg [&hellip;]<\/p>\n","protected":false},"author":1834,"featured_media":0,"comment_status":"open","ping_status":"open","sticky":false,"template":"","format":"standard","meta":{"footnotes":""},"categories":[10102,720,3099,6940],"tags":[71795],"class_list":["post-17054","post","type-post","status-publish","format-standard","hentry","category-etymologie","category-niederlande","category-sprachvergleich","category-wortschatz","tag-gastbeitrag"],"_links":{"self":[{"href":"https:\/\/blogs.fu-berlin.de\/nederlands\/wp-json\/wp\/v2\/posts\/17054","targetHints":{"allow":["GET"]}}],"collection":[{"href":"https:\/\/blogs.fu-berlin.de\/nederlands\/wp-json\/wp\/v2\/posts"}],"about":[{"href":"https:\/\/blogs.fu-berlin.de\/nederlands\/wp-json\/wp\/v2\/types\/post"}],"author":[{"embeddable":true,"href":"https:\/\/blogs.fu-berlin.de\/nederlands\/wp-json\/wp\/v2\/users\/1834"}],"replies":[{"embeddable":true,"href":"https:\/\/blogs.fu-berlin.de\/nederlands\/wp-json\/wp\/v2\/comments?post=17054"}],"version-history":[{"count":50,"href":"https:\/\/blogs.fu-berlin.de\/nederlands\/wp-json\/wp\/v2\/posts\/17054\/revisions"}],"predecessor-version":[{"id":17131,"href":"https:\/\/blogs.fu-berlin.de\/nederlands\/wp-json\/wp\/v2\/posts\/17054\/revisions\/17131"}],"wp:attachment":[{"href":"https:\/\/blogs.fu-berlin.de\/nederlands\/wp-json\/wp\/v2\/media?parent=17054"}],"wp:term":[{"taxonomy":"category","embeddable":true,"href":"https:\/\/blogs.fu-berlin.de\/nederlands\/wp-json\/wp\/v2\/categories?post=17054"},{"taxonomy":"post_tag","embeddable":true,"href":"https:\/\/blogs.fu-berlin.de\/nederlands\/wp-json\/wp\/v2\/tags?post=17054"}],"curies":[{"name":"wp","href":"https:\/\/api.w.org\/{rel}","templated":true}]}}