{"id":17078,"date":"2018-06-25T22:06:41","date_gmt":"2018-06-25T20:06:41","guid":{"rendered":"https:\/\/blogs.fu-berlin.de\/nederlands\/?p=17078"},"modified":"2018-06-25T23:27:20","modified_gmt":"2018-06-25T21:27:20","slug":"ben-jij-onze-nieuwe-collega","status":"publish","type":"post","link":"https:\/\/blogs.fu-berlin.de\/nederlands\/2018\/06\/25\/ben-jij-onze-nieuwe-collega\/","title":{"rendered":"Ben JIJ onze nieuwe collega?"},"content":{"rendered":"<p>Wij &#8211; de afdeling Nederlandse taalkunde aan de Freie Universit\u00e4t Berlin &#8211; zijn op zoek naar een promovendus\/promovenda.<\/p>\n<p>Ben je net afgestudeerd? Heb je belangstelling voor bv. contrastieve taalkunde, historische taalkunde, sociolingu\u00efstiek of (post)koloniale taalkunde? We kijken uit naar je sollicitatie!<\/p>\n<div style=\"width: 270px\" class=\"wp-caption alignright\"><a href=\"https:\/\/upload.wikimedia.org\/wikipedia\/commons\/5\/5a\/Leiter_Steineberg.JPG\" target=\"_blank\" rel=\"noopener\"><img loading=\"lazy\" decoding=\"async\" class=\"\" src=\"https:\/\/upload.wikimedia.org\/wikipedia\/commons\/5\/5a\/Leiter_Steineberg.JPG\" alt=\"\" width=\"260\" height=\"347\" \/><\/a><p class=\"wp-caption-text\">Carri\u00e8reladder. (soir, CC-BY-SA 3.0)<\/p><\/div>\n<p><span style=\"color: #0000ff\"><strong>Vacature<\/strong><\/span><\/p>\n<p><a href=\"https:\/\/www.fu-berlin.de\/service\/stellen\/st-2018\/st-20180625\/index.html\" target=\"_blank\" rel=\"noopener\">Stellenanzeiger der Freien Universit\u00e4t Berlin<\/a>, 25. Juni 2015<\/p>\n<p>Fachbereich Philosophie und Geisteswissenschaften &#8211; Institut f\u00fcr Deutsche und Niederl\u00e4ndische Philologie<br \/>\nWiss. Mitarbeiter\/-in (Praedoc)<br \/>\nmit 1\/2-Teilzeitbesch\u00e4ftigung<br \/>\nbefristet bis zu 4 Jahre<br \/>\nEntgeltgruppe 13 TV-L FU<br \/>\nKennung: WM 10 \/ 2018<\/p>\n<p><span style=\"color: #0000ff\">Aufgabengebiet:<\/span><\/p>\n<p>Mitarbeit in Forschung und Lehre auf dem Gebiet der niederl\u00e4ndischen Sprachwissenschaft und in interdisziplin\u00e4ren Zusammenh\u00e4ngen (Arbeitsbereich Prof. Dr. Matthias H\u00fcning); es wird Gelegenheit zur Promotion gegeben.<br \/>\nEinstellungsvoraussetzungen:<\/p>\n<p>Abgeschlossenes wiss. Hochschulstudium (Master oder vergleichbar) in Niederl\u00e4ndischer Philologie oder in einem anderen Fach mit sprachwissenschaftlichem Schwerpunkt.<\/p>\n<p><span style=\"color: #0000ff\">Erw\u00fcnscht:<\/span><\/p>\n<p>Interesse an soziolinguistischen, historischen und\/oder sprachvergleichenden Fragestellungen; sehr gute Beherrschung der niederl\u00e4ndischen, der deutschen und der englischen Sprache; Interesse an Wissensvermittlung und \u00d6ffentlichkeitsarbeit; Affinit\u00e4t zu computergest\u00fctzter Forschung und Lehre (Digital Humanities, E-Learning).<\/p>\n<p>Bewerbungen sind mit aussagekr\u00e4ftigen Unterlagen bis zum 16.07.2018 unter Angabe der Kennung im Format PDF elektronisch per E-Mail zu richten an Frau Jule Winner: winner@zedat.fu-berlin.de oder per Post an die<\/p>\n<p>Freie Universit\u00e4t Berlin<br \/>\nFachbereich Philosophie und Geisteswissenschaften<br \/>\nInstitut f\u00fcr Deutsche und Niederl\u00e4ndische Philologie<br \/>\nFrau Jule Winner<br \/>\nHabelschwerdter Allee 45<br \/>\n14195 Berlin (Dahlem)<\/p>\n<p>Mit der Abgabe einer Onlinebewerbung geben Sie als Bewerber\/in Ihr Einverst\u00e4ndnis, dass Ihre Daten elektronisch verarbeitet und gespeichert werden.<\/p>\n<p>Wir weisen darauf hin, dass bei ungesch\u00fctzter \u00dcbersendung Ihrer Bewerbung auf elektronischem Wege von Seiten der Freien Universit\u00e4t Berlin keine Gew\u00e4hr f\u00fcr die Sicherheit \u00fcbermittelter pers\u00f6nlicher Daten \u00fcbernommen werden kann.<\/p>\n<p><em><span style=\"color: #0000ff\">Heb je nog vragen? Contact: niedphil@zedat.fu-berlin.de<\/span><br \/>\n<\/em><\/p>\n","protected":false},"excerpt":{"rendered":"<p>Wij &#8211; de afdeling Nederlandse taalkunde aan de Freie Universit\u00e4t Berlin &#8211; zijn op zoek naar een promovendus\/promovenda. Ben je net afgestudeerd? Heb je belangstelling voor bv. contrastieve taalkunde, historische taalkunde, sociolingu\u00efstiek of (post)koloniale taalkunde? We kijken uit naar je sollicitatie! Vacature Stellenanzeiger der Freien Universit\u00e4t Berlin, 25. Juni 2015 Fachbereich Philosophie und Geisteswissenschaften &#8211; [&hellip;]<\/p>\n","protected":false},"author":2044,"featured_media":0,"comment_status":"open","ping_status":"open","sticky":false,"template":"","format":"standard","meta":{"footnotes":""},"categories":[1],"tags":[],"class_list":["post-17078","post","type-post","status-publish","format-standard","hentry","category-allgemein"],"_links":{"self":[{"href":"https:\/\/blogs.fu-berlin.de\/nederlands\/wp-json\/wp\/v2\/posts\/17078","targetHints":{"allow":["GET"]}}],"collection":[{"href":"https:\/\/blogs.fu-berlin.de\/nederlands\/wp-json\/wp\/v2\/posts"}],"about":[{"href":"https:\/\/blogs.fu-berlin.de\/nederlands\/wp-json\/wp\/v2\/types\/post"}],"author":[{"embeddable":true,"href":"https:\/\/blogs.fu-berlin.de\/nederlands\/wp-json\/wp\/v2\/users\/2044"}],"replies":[{"embeddable":true,"href":"https:\/\/blogs.fu-berlin.de\/nederlands\/wp-json\/wp\/v2\/comments?post=17078"}],"version-history":[{"count":6,"href":"https:\/\/blogs.fu-berlin.de\/nederlands\/wp-json\/wp\/v2\/posts\/17078\/revisions"}],"predecessor-version":[{"id":17085,"href":"https:\/\/blogs.fu-berlin.de\/nederlands\/wp-json\/wp\/v2\/posts\/17078\/revisions\/17085"}],"wp:attachment":[{"href":"https:\/\/blogs.fu-berlin.de\/nederlands\/wp-json\/wp\/v2\/media?parent=17078"}],"wp:term":[{"taxonomy":"category","embeddable":true,"href":"https:\/\/blogs.fu-berlin.de\/nederlands\/wp-json\/wp\/v2\/categories?post=17078"},{"taxonomy":"post_tag","embeddable":true,"href":"https:\/\/blogs.fu-berlin.de\/nederlands\/wp-json\/wp\/v2\/tags?post=17078"}],"curies":[{"name":"wp","href":"https:\/\/api.w.org\/{rel}","templated":true}]}}