{"id":17313,"date":"2018-09-02T22:41:20","date_gmt":"2018-09-02T20:41:20","guid":{"rendered":"https:\/\/blogs.fu-berlin.de\/nederlands\/?p=17313"},"modified":"2018-09-04T22:47:59","modified_gmt":"2018-09-04T20:47:59","slug":"koningsdag-in-groningen","status":"publish","type":"post","link":"https:\/\/blogs.fu-berlin.de\/nederlands\/2018\/09\/02\/koningsdag-in-groningen\/","title":{"rendered":"Koningsdag in Groningen"},"content":{"rendered":"<p style=\"text-align: right\"><strong>von Aniko Schusterius<\/strong><\/p>\n<div id=\"attachment_17309\" style=\"width: 235px\" class=\"wp-caption alignright\"><a href=\"https:\/\/blogs.fu-berlin.de\/nederlands\/files\/2018\/08\/Dekorierte-Bars.jpg\" target=\"_blank\" rel=\"noopener\"><img loading=\"lazy\" decoding=\"async\" aria-describedby=\"caption-attachment-17309\" class=\"wp-image-17309 size-medium\" src=\"https:\/\/blogs.fu-berlin.de\/nederlands\/files\/2018\/08\/Dekorierte-Bars-225x300.jpg\" alt=\"\" width=\"225\" height=\"300\" srcset=\"https:\/\/blogs.fu-berlin.de\/nederlands\/files\/2018\/08\/Dekorierte-Bars-225x300.jpg 225w, https:\/\/blogs.fu-berlin.de\/nederlands\/files\/2018\/08\/Dekorierte-Bars-768x1024.jpg 768w\" sizes=\"auto, (max-width: 225px) 100vw, 225px\" \/><\/a><p id=\"caption-attachment-17309\" class=\"wp-caption-text\">Ausgefeilte Deko.<\/p><\/div>\n<p>Wenn die L\u00e4den ihre Schaufenster Orange dekorieren, wenn an den H\u00e4userfassaden Trauben von rot-wei\u00df-blauen Luftballons h\u00e4ngen und wenn an der Universit\u00e4t Pappkronen verschenkt werden, dann ist es wieder soweit. Der allj\u00e4hrliche Koningsdag wird zelebriert.<br \/>\nF\u00fcr mich war der Geburtstag des niederl\u00e4ndischen K\u00f6nigs Willem-Alexander doppelt besonders. Wir haben in Deutschland weder ein K\u00f6nigshaus noch eine vergleichbare Person, dessen \u00c4lterwerden die B\u00fcrger des Landes so begeistert. W\u00e4hrend meines Auslandssemesters in Groningen wurde mir sogar die Ehre zu Teil, die K\u00f6nigsfamilie live zu sehen und mit anderen tausenden Menschen zu bejubeln.<\/p>\n<p>Obwohl der niederl\u00e4ndische K\u00f6nig erst am 27. April Geburtstag hat, bereitete sich Groningen schon Ende M\u00e4rz auf den Feiertag vor. Es begann kaum merklich mit ersten Werbeaufstellern in Superm\u00e4rkten, die besondere Produkte wie orangenen Hooghoudt (Jenever aus Groningen) oder Glitzergirlanden anpriesen. Es konnten Bonuspunkte bis zum gro\u00dfen Tag gesammelt und im Markt f\u00fcr Fanartikel eingel\u00f6st werden.<\/p>\n<div id=\"attachment_17311\" style=\"width: 235px\" class=\"wp-caption alignleft\"><a href=\"https:\/\/blogs.fu-berlin.de\/nederlands\/files\/2018\/08\/Vindicat-Haus.jpg\" target=\"_blank\" rel=\"noopener\"><img loading=\"lazy\" decoding=\"async\" aria-describedby=\"caption-attachment-17311\" class=\"wp-image-17311 size-medium\" src=\"https:\/\/blogs.fu-berlin.de\/nederlands\/files\/2018\/08\/Vindicat-Haus-225x300.jpg\" alt=\"\" width=\"225\" height=\"300\" srcset=\"https:\/\/blogs.fu-berlin.de\/nederlands\/files\/2018\/08\/Vindicat-Haus-225x300.jpg 225w, https:\/\/blogs.fu-berlin.de\/nederlands\/files\/2018\/08\/Vindicat-Haus-768x1024.jpg 768w\" sizes=\"auto, (max-width: 225px) 100vw, 225px\" \/><\/a><p id=\"caption-attachment-17311\" class=\"wp-caption-text\">Sprachspielerische Deko.<\/p><\/div>\n<p>Eine ansteigende Aufregung war ab der zweiten Aprilwoche zu sp\u00fcren. W\u00e4hrend meine Dozenten in der Universit\u00e4t jedes Seminar damit begonnen, auf den Besuch der k\u00f6niglichen Familie hinzuweisen, steckten Kommilitonen Nerven und Geld in die Planung von Mottoparties und Bartouren. Die L\u00e4den dekorierten mit Puppen des K\u00f6nigspaares ihre Schaufenster, stellten Spruchtafeln auf und legten orangene Teppiche vor den Eing\u00e4ngen aus. Motto-T-Shirts gingen \u00f6fter \u00fcber die Ladentheke, als Stroopwaffeln und K\u00e4se. Auch die Studentenverbindungen lie\u00dfen es sich nicht nehmen, ihre H\u00e4user passend zu gestalten. Als besonders kreativ erwiesen sich die Mitglieder der Verbindung Vindicat, die aus der <em>Hooghoudt<\/em>-Werbung auf ihrem Dach <em>Hoogheidt<\/em> machten.<\/p>\n<p>In der dritten April-Woche begannen erste Umbauarbeiten in der Stadt. B\u00fchnenteile wurden angefahren und Hotels und Pensionen klebten rot beschriebene Schilder in ihre Fenster: &#8222;Geen kamers tussen 27.4. en 29.4&#8220;. Auf dem Wochenmarkt und in den Superm\u00e4rkten konnte man nun vermehrt Gespr\u00e4chen lauschen, die sich um so wichtige Themen wie M\u00e1ximas Kleid und die Wahl von Willem-Alexanders Krawatte drehten. Eine Kommilitonin, mit der ich zum Schreiben von Hausarbeiten verabredet war, hatte statt der Begriffe zur Gedichtanalyse tats\u00e4chlich alle 43 Titel des K\u00f6nigs auswendig gelernt &#8211; meine Begeisterung dar\u00fcber hielt sich zu ihrer \u00dcberraschung in Grenzen.<\/p>\n<div id=\"attachment_17312\" style=\"width: 235px\" class=\"wp-caption alignright\"><a href=\"https:\/\/blogs.fu-berlin.de\/nederlands\/files\/2018\/08\/Wortspiel-in-einem-Schaufenster.jpg\" target=\"_blank\" rel=\"noopener\"><img loading=\"lazy\" decoding=\"async\" aria-describedby=\"caption-attachment-17312\" class=\"wp-image-17312 size-medium\" src=\"https:\/\/blogs.fu-berlin.de\/nederlands\/files\/2018\/08\/Wortspiel-in-einem-Schaufenster-225x300.jpg\" alt=\"\" width=\"225\" height=\"300\" srcset=\"https:\/\/blogs.fu-berlin.de\/nederlands\/files\/2018\/08\/Wortspiel-in-einem-Schaufenster-225x300.jpg 225w, https:\/\/blogs.fu-berlin.de\/nederlands\/files\/2018\/08\/Wortspiel-in-einem-Schaufenster-768x1024.jpg 768w\" sizes=\"auto, (max-width: 225px) 100vw, 225px\" \/><\/a><p id=\"caption-attachment-17312\" class=\"wp-caption-text\">Mehr sprachspielerische Deko.<\/p><\/div>\n<p>Am Morgen des 23. April ging in der Universit\u00e4t das Ger\u00fccht um, dass der gesamte Campus aus Sicherheitsgr\u00fcnden zeitnah gesperrt werden w\u00fcrde. Am Abend des gleichen Tages freute ich mich bereits \u00fcber die kurzfristig ausgerufene veranstaltungsfreie Woche aufgrund des Sicherheitschecks der gesamten Stadt. Herumstehende Fahrr\u00e4der wurden aus der Stadt transportiert, Parkverbote und die Entfernung von M\u00fclleimern folgten. So langsam wurde mir klar, dass der Koningsdag in der Kategorie Partysport kein Sprint, sondern ein Marathon ist, denn die Feierlichkeiten begannen bereits in der Nacht vor dem Koningsdag. In meinem Fall feierte ich mit hunderten anderen Menschen vor einer gro\u00dfen B\u00fchne auf dem Vismarkt, Dresscode: Kr\u00f6nchen. Hier wurde niederl\u00e4ndisches Musikprogramm geboten und es floss jede Menge Heineken.<\/p>\n<div id=\"attachment_17310\" style=\"width: 235px\" class=\"wp-caption alignleft\"><a href=\"https:\/\/blogs.fu-berlin.de\/nederlands\/files\/2018\/08\/K\u00f6nigliche-Familie.jpg\" target=\"_blank\" rel=\"noopener\"><img loading=\"lazy\" decoding=\"async\" aria-describedby=\"caption-attachment-17310\" class=\"wp-image-17310 size-medium\" src=\"https:\/\/blogs.fu-berlin.de\/nederlands\/files\/2018\/08\/K\u00f6nigliche-Familie-225x300.jpg\" alt=\"\" width=\"225\" height=\"300\" srcset=\"https:\/\/blogs.fu-berlin.de\/nederlands\/files\/2018\/08\/K\u00f6nigliche-Familie-225x300.jpg 225w, https:\/\/blogs.fu-berlin.de\/nederlands\/files\/2018\/08\/K\u00f6nigliche-Familie-768x1024.jpg 768w\" sizes=\"auto, (max-width: 225px) 100vw, 225px\" \/><\/a><p id=\"caption-attachment-17310\" class=\"wp-caption-text\">Die k\u00f6nigliche Familie (hinten, ohne Uniform)<\/p><\/div>\n<p>Am Freitag, dem 27. April, stand ich nach einer sehr kurzen Nacht um 10:30 Uhr auf dem Martinikerkhof &#8211; Kamera um den Hals, Papierkrone auf dem Kopf. Trotz meiner Gr\u00f6\u00dfe von \u00fcber 1,80m gelang es mir nur auf Zehenspitzen den noch gr\u00f6\u00dferen Umstehenden \u00fcber die Schulter zu schauen. Kaum hatte die k\u00f6nigliche Familie das nahegelegene Hotel Prinsenhof verlassen, stiegen hunderte Arme mit Handys und Kameras in die Luft. Mir gelang nur ein Schnappschuss aus der Menge heraus. Ein Programm entlang der Route sollte den royalen G\u00e4sten einen Eindruck von der Stadt und ihren Einwohnern verschaffen. Konfettikanonen, Kindertanzgruppen, Spitzensportler, Alumni der Universit\u00e4t, Musikbands und Quizspiele \u2013 ein Hindernissparcours, den die k\u00f6nigliche Familie, stets umringt von schreienden und jubelnden Menschenmassen, mit Bravour bew\u00e4ltigte.<br \/>\nNach dem Besuch des K\u00f6nigs stiegen die gro\u00dfen Partys auf den B\u00fchnen, Clubs und Bars. Im Stadtpark und in den Nebenstra\u00dfen fernab des Trubels verkauften Einwohner traditionell ihre tweedehands spullen. Das gro\u00dfe Kingsland Festival, schon wochenlang vorher ausverkauft, bot vor allem ein Programm f\u00fcr Technofans.<br \/>\nEgal wer man war, egal wo man sich befand, Groningen war im Ausnahmezustand. Es wurde gefeiert, gelacht und getanzt. Und auch wenn der Krach von den B\u00fchnen aus der Stadt, den Bars und Restaurants, aus den offenen Fenstern und Balkont\u00fcren unglaublich laut war, hatte ich das Gef\u00fchl am friedlichsten Ort der Welt zu sein.<\/p>\n<h6>Alle Fotos von Aniko Schusterius.<\/h6>\n","protected":false},"excerpt":{"rendered":"<p>von Aniko Schusterius Wenn die L\u00e4den ihre Schaufenster Orange dekorieren, wenn an den H\u00e4userfassaden Trauben von rot-wei\u00df-blauen Luftballons h\u00e4ngen und wenn an der Universit\u00e4t Pappkronen verschenkt werden, dann ist es wieder soweit. Der allj\u00e4hrliche Koningsdag wird zelebriert. F\u00fcr mich war der Geburtstag des niederl\u00e4ndischen K\u00f6nigs Willem-Alexander doppelt besonders. Wir haben in Deutschland weder ein K\u00f6nigshaus [&hellip;]<\/p>\n","protected":false},"author":2044,"featured_media":0,"comment_status":"open","ping_status":"open","sticky":false,"template":"","format":"standard","meta":{"footnotes":""},"categories":[720],"tags":[44141,71795,1542,44150],"class_list":["post-17313","post","type-post","status-publish","format-standard","hentry","category-niederlande","tag-beitraege-auf-deutsch","tag-gastbeitrag","tag-kultur","tag-royalty"],"_links":{"self":[{"href":"https:\/\/blogs.fu-berlin.de\/nederlands\/wp-json\/wp\/v2\/posts\/17313","targetHints":{"allow":["GET"]}}],"collection":[{"href":"https:\/\/blogs.fu-berlin.de\/nederlands\/wp-json\/wp\/v2\/posts"}],"about":[{"href":"https:\/\/blogs.fu-berlin.de\/nederlands\/wp-json\/wp\/v2\/types\/post"}],"author":[{"embeddable":true,"href":"https:\/\/blogs.fu-berlin.de\/nederlands\/wp-json\/wp\/v2\/users\/2044"}],"replies":[{"embeddable":true,"href":"https:\/\/blogs.fu-berlin.de\/nederlands\/wp-json\/wp\/v2\/comments?post=17313"}],"version-history":[{"count":8,"href":"https:\/\/blogs.fu-berlin.de\/nederlands\/wp-json\/wp\/v2\/posts\/17313\/revisions"}],"predecessor-version":[{"id":17374,"href":"https:\/\/blogs.fu-berlin.de\/nederlands\/wp-json\/wp\/v2\/posts\/17313\/revisions\/17374"}],"wp:attachment":[{"href":"https:\/\/blogs.fu-berlin.de\/nederlands\/wp-json\/wp\/v2\/media?parent=17313"}],"wp:term":[{"taxonomy":"category","embeddable":true,"href":"https:\/\/blogs.fu-berlin.de\/nederlands\/wp-json\/wp\/v2\/categories?post=17313"},{"taxonomy":"post_tag","embeddable":true,"href":"https:\/\/blogs.fu-berlin.de\/nederlands\/wp-json\/wp\/v2\/tags?post=17313"}],"curies":[{"name":"wp","href":"https:\/\/api.w.org\/{rel}","templated":true}]}}