{"id":17512,"date":"2018-12-31T12:36:28","date_gmt":"2018-12-31T11:36:28","guid":{"rendered":"https:\/\/blogs.fu-berlin.de\/nederlands\/?p=17512"},"modified":"2018-12-31T12:36:28","modified_gmt":"2018-12-31T11:36:28","slug":"gelukkig-nieuwjaar-2019","status":"publish","type":"post","link":"https:\/\/blogs.fu-berlin.de\/nederlands\/2018\/12\/31\/gelukkig-nieuwjaar-2019\/","title":{"rendered":"Gelukkig nieuwjaar!"},"content":{"rendered":"<p>Wir w\u00fcnschen unseren Leserinnen und Lesern einen angenehmen <em>Oudejaarsavond<\/em> (vielleicht ja sogar mit leckeren <em>Oliebollen<\/em>) und einen guten Rutsch ins neue Jahr!<\/p>\n<div style=\"width: 260px\" class=\"wp-caption alignright\"><a href=\"https:\/\/de.wikipedia.org\/wiki\/Oliebol\" target=\"_blank\" rel=\"https:\/\/de.wikipedia.org\/wiki\/Oliebol noopener\"><img loading=\"lazy\" decoding=\"async\" src=\"https:\/\/upload.wikimedia.org\/wikipedia\/commons\/thumb\/8\/87\/Oliebollen.jpg\/250px-Oliebollen.jpg\" alt=\"Frische Oliebollen\" width=\"250\" height=\"188\" \/><\/a><p class=\"wp-caption-text\">Oliebollen zu Silvester <br \/>Foto: Teunie bei Wikipedia (CC BY-SA 3.0)<\/p><\/div>\n<p>Das vergangene Jahr war f\u00fcr die Berliner Niederlandistik ein Jahr des Umbruchs. Zun\u00e4chst hat uns im Fr\u00fchjahr Johanna Ridderbeekx verlassen; sie ist in den Ruhestand gegangen. Gl\u00fccklicherweise konnten wir unser Lektorat aber direkt neu besetzen, mit Truus De Wilde, der besten Niederl\u00e4ndisch-Dozentin der Welt (diesen Titel teilt sie sich \u00fcbrigens mit Johanna Ridderbeekx). Im September gab es dann gleich noch was zu feiern: die Promotion von Truus, zu der wir auch an dieser Stelle noch einmal gratulieren.<\/p>\n<p>Die frei gewordene Mitarbeiterinnenstelle im Bereich der Niederl\u00e4ndischen Sprachwissenschaft konnten wir zum Oktober mit Kristin St\u00f6cker neu besetzen, die kurz zuvor an der FU den Masterstudiengang Sprachwissenschaft mit einer tollen sprachvergleichenden Masterarbeit abgeschlossen hatte.<\/p>\n<p>Im Oktober hat auch Lea Schneider neu bei uns angefangen. Sie studiert ebenfalls den Masterstudiengang Sprachwissenschaft und ist jetzt studentische Hilfskraft am Arbeitsbereich.<\/p>\n<p>Und auch unser Sekretariat musste neu besetzt werden. Es ist uns gelungen, daf\u00fcr eine neue Sekret\u00e4rin zu gewinnen, die bereits einige Erfahrung am Sprachenzentrum der FU mitgebracht hat. Elena Sottil hat zum 1. November bei uns angefangen, und es hat sich schon sehr schnell gezeigt, dass wir damit einen Gl\u00fccksgriff getan haben!<\/p>\n<p>Ich hoffe, dass das neue Jahr etwas ruhiger wird und dass wir in diesem Jahr ein paar neue Initiativen in Angriff nehmen k\u00f6nnen. Ich freue mich jedenfalls auf die Zusammenarbeit in der neuen Konstellation.<\/p>\n<p>Unseren Leserinnen und Lesern w\u00fcnsche ich im Namen aller MitarbeitInnen der FU-Niederlandistik einen wunderbaren Start ins neue Jahr. M\u00f6ge 2019 f\u00fcr Sie und uns ein gutes Jahr werden.<\/p>\n<p>Matthias H\u00fcning<\/p>\n","protected":false},"excerpt":{"rendered":"<p>Wir w\u00fcnschen unseren Leserinnen und Lesern einen angenehmen Oudejaarsavond (vielleicht ja sogar mit leckeren Oliebollen) und einen guten Rutsch ins neue Jahr! Das vergangene Jahr war f\u00fcr die Berliner Niederlandistik ein Jahr des Umbruchs. Zun\u00e4chst hat uns im Fr\u00fchjahr Johanna Ridderbeekx verlassen; sie ist in den Ruhestand gegangen. Gl\u00fccklicherweise konnten wir unser Lektorat aber direkt [&hellip;]<\/p>\n","protected":false},"author":1127,"featured_media":0,"comment_status":"open","ping_status":"open","sticky":false,"template":"","format":"standard","meta":{"footnotes":""},"categories":[1],"tags":[],"class_list":["post-17512","post","type-post","status-publish","format-standard","hentry","category-allgemein"],"_links":{"self":[{"href":"https:\/\/blogs.fu-berlin.de\/nederlands\/wp-json\/wp\/v2\/posts\/17512","targetHints":{"allow":["GET"]}}],"collection":[{"href":"https:\/\/blogs.fu-berlin.de\/nederlands\/wp-json\/wp\/v2\/posts"}],"about":[{"href":"https:\/\/blogs.fu-berlin.de\/nederlands\/wp-json\/wp\/v2\/types\/post"}],"author":[{"embeddable":true,"href":"https:\/\/blogs.fu-berlin.de\/nederlands\/wp-json\/wp\/v2\/users\/1127"}],"replies":[{"embeddable":true,"href":"https:\/\/blogs.fu-berlin.de\/nederlands\/wp-json\/wp\/v2\/comments?post=17512"}],"version-history":[{"count":1,"href":"https:\/\/blogs.fu-berlin.de\/nederlands\/wp-json\/wp\/v2\/posts\/17512\/revisions"}],"predecessor-version":[{"id":17513,"href":"https:\/\/blogs.fu-berlin.de\/nederlands\/wp-json\/wp\/v2\/posts\/17512\/revisions\/17513"}],"wp:attachment":[{"href":"https:\/\/blogs.fu-berlin.de\/nederlands\/wp-json\/wp\/v2\/media?parent=17512"}],"wp:term":[{"taxonomy":"category","embeddable":true,"href":"https:\/\/blogs.fu-berlin.de\/nederlands\/wp-json\/wp\/v2\/categories?post=17512"},{"taxonomy":"post_tag","embeddable":true,"href":"https:\/\/blogs.fu-berlin.de\/nederlands\/wp-json\/wp\/v2\/tags?post=17512"}],"curies":[{"name":"wp","href":"https:\/\/api.w.org\/{rel}","templated":true}]}}