{"id":17536,"date":"2019-01-19T10:47:18","date_gmt":"2019-01-19T09:47:18","guid":{"rendered":"https:\/\/blogs.fu-berlin.de\/nederlands\/?p=17536"},"modified":"2019-01-14T14:20:49","modified_gmt":"2019-01-14T13:20:49","slug":"daenische-miszellen-i","status":"publish","type":"post","link":"https:\/\/blogs.fu-berlin.de\/nederlands\/2019\/01\/19\/daenische-miszellen-i\/","title":{"rendered":"D\u00e4nische Miszellen I"},"content":{"rendered":"<p>In diesem Winter hatte ich gleich zweimal das Vergn\u00fcgen, D\u00e4nemark zu besuchen: Einmal im Urlaub und einmal zu einem Workshop der Kolleginnen und Kollegen an der Universit\u00e4t Aarhus, die zu einer spannenden Diskussionsrunde \u00fcber Kreolsprachen eingeladen hatten. Viele Gelegenheiten um ein paar unfertige Gedanken \u00fcber D\u00e4nisch, Niederl\u00e4ndisch, Deutsch sowie dieses und jenes zu sammeln.<\/p>\n<p><a href=\"https:\/\/upload.wikimedia.org\/wikipedia\/commons\/c\/cc\/Flag_of_Denmark_with_border.svg\"><img loading=\"lazy\" decoding=\"async\" class=\"alignleft \" src=\"https:\/\/upload.wikimedia.org\/wikipedia\/commons\/c\/cc\/Flag_of_Denmark_with_border.svg\" width=\"32\" height=\"24\" \/><\/a><em>D\u00e4nemark <\/em>und <em>D\u00e4nisch <\/em>hei\u00dft auf Niederl\u00e4ndisch bekanntlich <em>Denemarken <\/em>und <em>Deens<\/em>, auf D\u00e4nisch <em>Danmark <\/em>und <em>dansk<\/em>. Simpel. Im Deutschen gibt es aber mindestens zwei Aussprachevarianten. Im S\u00fcden mit einem klaren [\u025b], im Norden eher mit [e] \u2013 dort, wo man auch zwischen <em>s\u00e4en <\/em>und <em>sehen <\/em>keinen Unterscheid h\u00f6rt. Es \u00fcberrascht wenig, dass auch das Niederl\u00e4ndische ein geschlosseneres [e] hat. Und zwar eins, bei dem man auch grob Nord und S\u00fcd auseinanderhalten kann, einmal gerne mit Diphthongierung (<em>Dejnemarke<\/em>, manchmal auch mit Gooise R), einmal eher ohne. Im D\u00e4nischen h\u00f6rt man dagegen deutlich st\u00e4rker ein [\u025b] (<a href=\"https:\/\/da.wiktionary.org\/wiki\/dansk\" target=\"_blank\" rel=\"noopener\">hier<\/a> oder <a href=\"https:\/\/forvo.com\/word\/dansk\/#da\" target=\"_blank\" rel=\"noopener\">hier<\/a> h\u00f6rbar.)<\/p>\n<div id=\"attachment_17540\" style=\"width: 310px\" class=\"wp-caption alignright\"><a href=\"https:\/\/blogs.fu-berlin.de\/nederlands\/files\/2019\/01\/DSC05463.jpg\" target=\"_blank\" rel=\"noopener\"><img loading=\"lazy\" decoding=\"async\" aria-describedby=\"caption-attachment-17540\" class=\"wp-image-17540 size-medium\" src=\"https:\/\/blogs.fu-berlin.de\/nederlands\/files\/2019\/01\/DSC05463-300x200.jpg\" alt=\"\" width=\"300\" height=\"200\" srcset=\"https:\/\/blogs.fu-berlin.de\/nederlands\/files\/2019\/01\/DSC05463-300x200.jpg 300w, https:\/\/blogs.fu-berlin.de\/nederlands\/files\/2019\/01\/DSC05463-768x512.jpg 768w, https:\/\/blogs.fu-berlin.de\/nederlands\/files\/2019\/01\/DSC05463-1024x683.jpg 1024w\" sizes=\"auto, (max-width: 300px) 100vw, 300px\" \/><\/a><p id=\"caption-attachment-17540\" class=\"wp-caption-text\">Schloss Sonderburg. (PK)<\/p><\/div>\n<p>Wie kommt es, dass s\u00fcdliches Deutsch und D\u00e4nisch im [\u025b] \u00fcbereinstimmen, dazwischen aber das [e] liegt? Zufall, oder gibt es eine Erkl\u00e4rung? Jedenfalls schafft es nur das\u00a0<a href=\"https:\/\/nl.wiktionary.org\/wiki\/Denemarke\" target=\"_blank\" rel=\"noopener\">Afrikaans<\/a>, sogar noch ein [i] unterzubringen.<\/p>\n<p><a href=\"https:\/\/upload.wikimedia.org\/wikipedia\/commons\/c\/cc\/Flag_of_Denmark_with_border.svg\"><img loading=\"lazy\" decoding=\"async\" class=\"alignleft \" src=\"https:\/\/upload.wikimedia.org\/wikipedia\/commons\/c\/cc\/Flag_of_Denmark_with_border.svg\" width=\"32\" height=\"24\" \/><\/a>Der Workshop fand in einem G\u00e4stehaus der Uni Aarhus statt, ganz im S\u00fcden von D\u00e4nemark in der N\u00e4he von S\u00f8nderborg, das auf Deutsch Sonderburg hei\u00dft. Die Stadt ist sozusagen das Nassau des Nordens: Eine der Herkunftsst\u00e4dte der K\u00f6nigsh\u00e4user von D\u00e4nemark und Norwegen, die der Familie von Schleswig-Holstein-Sonderburg-Gl\u00fccksburg entstammen. Wenn man die vielen Verknotungen des europ\u00e4ischen Hochadels kennt, dann verwundert es wenig, dass durch Heirat im 20. Jahrhundert auch eine <a href=\"https:\/\/nl.wikipedia.org\/wiki\/Huis_Sleeswijk-Holstein-Sonderburg-Gl%C3%BCcksburg#\/media\/File:EuropeseKoningen.JPG\" target=\"_blank\" rel=\"noopener\">Verbindung mit der belgischen Monarchie<\/a> besteht.<\/p>\n","protected":false},"excerpt":{"rendered":"<p>In diesem Winter hatte ich gleich zweimal das Vergn\u00fcgen, D\u00e4nemark zu besuchen: Einmal im Urlaub und einmal zu einem Workshop der Kolleginnen und Kollegen an der Universit\u00e4t Aarhus, die zu einer spannenden Diskussionsrunde \u00fcber Kreolsprachen eingeladen hatten. Viele Gelegenheiten um ein paar unfertige Gedanken \u00fcber D\u00e4nisch, Niederl\u00e4ndisch, Deutsch sowie dieses und jenes zu sammeln. D\u00e4nemark [&hellip;]<\/p>\n","protected":false},"author":2044,"featured_media":0,"comment_status":"open","ping_status":"open","sticky":false,"template":"","format":"standard","meta":{"footnotes":""},"categories":[23502,23488,3099],"tags":[44141,44150],"class_list":["post-17536","post","type-post","status-publish","format-standard","hentry","category-aussprache","category-sprachvariation","category-sprachvergleich","tag-beitraege-auf-deutsch","tag-royalty"],"_links":{"self":[{"href":"https:\/\/blogs.fu-berlin.de\/nederlands\/wp-json\/wp\/v2\/posts\/17536","targetHints":{"allow":["GET"]}}],"collection":[{"href":"https:\/\/blogs.fu-berlin.de\/nederlands\/wp-json\/wp\/v2\/posts"}],"about":[{"href":"https:\/\/blogs.fu-berlin.de\/nederlands\/wp-json\/wp\/v2\/types\/post"}],"author":[{"embeddable":true,"href":"https:\/\/blogs.fu-berlin.de\/nederlands\/wp-json\/wp\/v2\/users\/2044"}],"replies":[{"embeddable":true,"href":"https:\/\/blogs.fu-berlin.de\/nederlands\/wp-json\/wp\/v2\/comments?post=17536"}],"version-history":[{"count":5,"href":"https:\/\/blogs.fu-berlin.de\/nederlands\/wp-json\/wp\/v2\/posts\/17536\/revisions"}],"predecessor-version":[{"id":17552,"href":"https:\/\/blogs.fu-berlin.de\/nederlands\/wp-json\/wp\/v2\/posts\/17536\/revisions\/17552"}],"wp:attachment":[{"href":"https:\/\/blogs.fu-berlin.de\/nederlands\/wp-json\/wp\/v2\/media?parent=17536"}],"wp:term":[{"taxonomy":"category","embeddable":true,"href":"https:\/\/blogs.fu-berlin.de\/nederlands\/wp-json\/wp\/v2\/categories?post=17536"},{"taxonomy":"post_tag","embeddable":true,"href":"https:\/\/blogs.fu-berlin.de\/nederlands\/wp-json\/wp\/v2\/tags?post=17536"}],"curies":[{"name":"wp","href":"https:\/\/api.w.org\/{rel}","templated":true}]}}