{"id":17886,"date":"2019-07-01T12:45:08","date_gmt":"2019-07-01T10:45:08","guid":{"rendered":"https:\/\/blogs.fu-berlin.de\/nederlands\/?p=17886"},"modified":"2019-06-30T17:52:14","modified_gmt":"2019-06-30T15:52:14","slug":"afrikaans-in-thueringen","status":"publish","type":"post","link":"https:\/\/blogs.fu-berlin.de\/nederlands\/2019\/07\/01\/afrikaans-in-thueringen\/","title":{"rendered":"Afrikaans in Th\u00fcringen"},"content":{"rendered":"<p style=\"text-align: right\"><strong>von <a href=\"https:\/\/duitslandinstituut.nl\/medewerker\/450\/henning-radke\" target=\"_blank\" rel=\"noopener\">Henning Radke<\/a><\/strong><\/p>\n<p>Laut t\u00f6nt die Stimme von <a href=\"https:\/\/www.youtube.com\/watch?v=ZsY0kououXA\" target=\"_blank\" rel=\"noopener\">Jack Parow<\/a> \u00fcber die gro\u00dfen Lautsprecher hinein in die idyllische Landschaft der Th\u00fcringer Provinz. In einem Zelt ganz in der N\u00e4he tanzen etwa 100 junge Menschen und singen textsicher mit: \u201eDans, dans, dans \u2013 ek wil fokken, fokken dans.\u201c. Wenn sie nicht gerade singen, sprechen sie untereinander Deutsch. Die Nacht wird noch lang sein. Der n\u00e4chste Morgen beginnt f\u00fcr die meisten auf dem Zeltplatz mit einem <a href=\"https:\/\/www.youtube.com\/watch?v=KhXjO80hHX0\" target=\"_blank\" rel=\"noopener\">Country-Song<\/a> auf Afrikaans \u2013 schon wieder diese Sprache, die man ansonsten nicht gerade h\u00e4ufig mit Th\u00fcringen assoziiert. Was war da los in dem kleinen Ort unweit von Eisenach?<\/p>\n<div id=\"attachment_17888\" style=\"width: 280px\" class=\"wp-caption alignleft\"><a href=\"https:\/\/blogs.fu-berlin.de\/nederlands\/files\/2019\/06\/Foto-1.jpg\" target=\"_blank\" rel=\"noopener\"><img loading=\"lazy\" decoding=\"async\" aria-describedby=\"caption-attachment-17888\" class=\"wp-image-17888 \" src=\"https:\/\/blogs.fu-berlin.de\/nederlands\/files\/2019\/06\/Foto-1-300x200.jpg\" alt=\"\" width=\"270\" height=\"180\" srcset=\"https:\/\/blogs.fu-berlin.de\/nederlands\/files\/2019\/06\/Foto-1-300x200.jpg 300w, https:\/\/blogs.fu-berlin.de\/nederlands\/files\/2019\/06\/Foto-1-768x512.jpg 768w, https:\/\/blogs.fu-berlin.de\/nederlands\/files\/2019\/06\/Foto-1-1024x683.jpg 1024w, https:\/\/blogs.fu-berlin.de\/nederlands\/files\/2019\/06\/Foto-1.jpg 1200w\" sizes=\"auto, (max-width: 270px) 100vw, 270px\" \/><\/a><p id=\"caption-attachment-17888\" class=\"wp-caption-text\">Die Mischung aus Afrikaans, Deutsch, Englisch und Namslang \u2013 bis dato wohl eher ungeh\u00f6rt in dieser Th\u00fcringer Landschaft (Foto: Andreas Kuhrt).<\/p><\/div>\n<p>Die Antwort liegt Jahrzehnte zur\u00fcck in der Vergangenheit: Anfang der 1960er Jahre wandte sich Rosemarie Bernhardt an die namibische <em><a href=\"https:\/\/www.az.com.na\/\" target=\"_blank\" rel=\"noopener\">Allgemeine Zeitung<\/a><\/em> (AZ) mit einem <a href=\"https:\/\/blogs.fu-berlin.de\/nederlands\/files\/2019\/06\/Foto-3.jpg\" target=\"_blank\" rel=\"noopener\">Aufruf<\/a>, der seine Wirkung nicht verfehlen sollte: Die damalige Bodenstewardess der KLM kam zwar aus Namibia, wohnte jedoch seit einiger Zeit im nieders\u00e4chsischen Hannover und lud daher zu einem Treffen all derjenigen Namibier ein, die sich gerade in Deutschland befanden, \u201eum diesen jungen Menschen die Gelegenheit zu geben, sich in Deutschland n\u00e4her kennenzulernen\u201c, wie die AZ damals schrieb. Mithilfe von Postkarten legte sie den Grundstein f\u00fcr ein deutschlandweites Netzwerk. Das Treffen w\u00e4hrend der Pfingsttage entwickelte sich zu einem festen Termin f\u00fcr viele deutschsprachige Namibier in der Diaspora mitten in Europa.<\/p>\n<div id=\"attachment_17889\" style=\"width: 310px\" class=\"wp-caption alignright\"><a href=\"https:\/\/blogs.fu-berlin.de\/nederlands\/files\/2019\/06\/Foto-2.jpg\" target=\"_blank\" rel=\"noopener\"><img loading=\"lazy\" decoding=\"async\" aria-describedby=\"caption-attachment-17889\" class=\"wp-image-17889 size-medium\" src=\"https:\/\/blogs.fu-berlin.de\/nederlands\/files\/2019\/06\/Foto-2-300x225.jpg\" alt=\"\" width=\"300\" height=\"225\" srcset=\"https:\/\/blogs.fu-berlin.de\/nederlands\/files\/2019\/06\/Foto-2-300x225.jpg 300w, https:\/\/blogs.fu-berlin.de\/nederlands\/files\/2019\/06\/Foto-2-768x576.jpg 768w, https:\/\/blogs.fu-berlin.de\/nederlands\/files\/2019\/06\/Foto-2-1024x768.jpg 1024w\" sizes=\"auto, (max-width: 300px) 100vw, 300px\" \/><\/a><p id=\"caption-attachment-17889\" class=\"wp-caption-text\">Jack Parow, EES &amp; Co.: Die \u00fcbliche Musikauswahl im Auto \u00fcber namibische Sandpads.<\/p><\/div>\n<p>Doch egal aus welcher Perspektive man auf die Community schaut &#8211; ob deutschsprachige Minderheit, namibische Deutsche oder deutsche Namibi(an)er \u2013 ein Aspekt ist unweigerlich mit ihrer Kultur verbunden: die Sprache Afrikaans. Sie speist den <em><a href=\"https:\/\/www.geisteswissenschaften.fu-berlin.de\/v\/namdeutsch\/index.html\" target=\"_blank\" rel=\"noopener\">Namslang<\/a><\/em> der deutschsprachigen Community nicht nur mit einer Vielzahl von Lehnw\u00f6rtern <em>(\u201eich habe <u>lekker<\/u> gelacht <u>ou<\/u><\/em>!<em>\u201c<\/em>) und grammatischen Besonderheiten (\u201e<em>Wieviel <u>geht<\/u> das kosten?<\/em>\u201c), sondern ist auch Teil der Lebenswirklichkeit vieler Menschen in Namibia. Wer nun also als Mitglied der deutsch-namibischen Community nach Europa auswandert, nimmt Afrikaans in der einen oder anderen Form einfach mit. Und so schallte es auch auf dem diesj\u00e4hrigen Treffen in Th\u00fcringen nicht nur deutschen, sondern auch afrikaansen Pop, Rock und Schlager \u00fcber den Zeltplatz, w\u00e4hrend die Nachbarn auf der anderen Seite ihre Steckr\u00fcben pflanzten.<\/p>\n<p>Was h\u00e4tte Rosemarie Bernhardt dazu gesagt? Wenn sie noch lebt, sollte sie mittlerweile \u00fcber 80 sein. Seit fast 60 Jahren bringt ihre Idee von damals Menschen zusammen; mittlerweile in der 3. Generation. Und die tanzt anno 2019 unweit von Eisenach auch zu den Liedern von EES, der zwar nicht auf Afrikaans singt, daf\u00fcr aber im <em>Namslang<\/em> <a href=\"https:\/\/www.youtube.com\/watch?v=lyq_UORMP4Q\" target=\"_blank\" rel=\"noopener\">rappt<\/a> und somit zur sprachlichen Stilikone vieler junger, deutschsprachiger Namibier wurde (\u201eHab kein <u>Gees<\/u> mehr zu moven, bin <u>pap<\/u> (\u2026) <u>maar<\/u> hier kommt der Plan: Ich call die <u>Maats<\/u> zusammen\u201c). Amerikanischer Pop ist hingegen eher selten zu h\u00f6ren. Nur eine amerikanischen Band wurde auf dem Th\u00fcringer Zeltplatz immer wieder gespielt und erntete auffallend lautes Mitsingen: Toto mit ihrem Song <a href=\"https:\/\/www.youtube.com\/watch?v=FTQbiNvZqaY\" target=\"_blank\" rel=\"noopener\">Down in Africa<\/a>.<\/p>\n<hr \/>\n<p><span style=\"color: #808080\">Und weil es thematisch passt noch ein Terminhinweis:<\/span><\/p>\n<p><span style=\"color: #808080\">Vom 3. bis 5. Juli findet an der Freien Universit\u00e4t der Workshop &#8222;German(ic) in contact&#8220; statt. Thema der Konferenz sind allerlei Situationen, in denen Deutsch und andere germanische Sprachen in Kontakt mit einer anders- und mehrsprachigen Umgebung stehen, darunter das Fallbeispiel Namibia, aber auch Ostfriesen in Nordamerika oder Mennoniten in Uruguay. Unser Gastautor Henning Radke wird ebenfalls seine Arbeit zu Namibia vorstellen.<\/span><\/p>\n<p><span style=\"color: #808080\">Programm und weitere Informationen auf der <\/span><a href=\"https:\/\/www.geisteswissenschaften.fu-berlin.de\/v\/namdeutsch\/Workshop\/index.html\" target=\"_blank\" rel=\"noopener\">Webseite der FU-Germanistik<\/a>.<\/p>\n<hr \/>\n<p><span style=\"color: #999999\">Bildnachweise zu diesem Post:<\/span><\/p>\n<p><span style=\"color: #999999\">Foto 1: <a style=\"color: #999999\" href=\"https:\/\/foto.akut.zone\/tag\/fotoausstellung\/\" target=\"_blank\" rel=\"noopener\"><span style=\"color: #33cccc\">Andreas Kuhrt<\/span><\/a><\/span><\/p>\n<p><span style=\"color: #999999\">Foto 2: Henning Radke\/<\/span><a href=\"https:\/\/www.deinnamibia.de\/\" target=\"_blank\" rel=\"noopener\"><span style=\"color: #999999\"><span style=\"color: #33cccc\">Merrick Nock<\/span><\/span><\/a><\/p>\n","protected":false},"excerpt":{"rendered":"<p>von Henning Radke Laut t\u00f6nt die Stimme von Jack Parow \u00fcber die gro\u00dfen Lautsprecher hinein in die idyllische Landschaft der Th\u00fcringer Provinz. In einem Zelt ganz in der N\u00e4he tanzen etwa 100 junge Menschen und singen textsicher mit: \u201eDans, dans, dans \u2013 ek wil fokken, fokken dans.\u201c. Wenn sie nicht gerade singen, sprechen sie untereinander [&hellip;]<\/p>\n","protected":false},"author":2044,"featured_media":0,"comment_status":"open","ping_status":"open","sticky":false,"template":"","format":"standard","meta":{"footnotes":""},"categories":[1205,71792],"tags":[44141,71795,471,1542],"class_list":["post-17886","post","type-post","status-publish","format-standard","hentry","category-afrika","category-suedafrikaafrikaans","tag-beitraege-auf-deutsch","tag-gastbeitrag","tag-geschichte","tag-kultur"],"_links":{"self":[{"href":"https:\/\/blogs.fu-berlin.de\/nederlands\/wp-json\/wp\/v2\/posts\/17886","targetHints":{"allow":["GET"]}}],"collection":[{"href":"https:\/\/blogs.fu-berlin.de\/nederlands\/wp-json\/wp\/v2\/posts"}],"about":[{"href":"https:\/\/blogs.fu-berlin.de\/nederlands\/wp-json\/wp\/v2\/types\/post"}],"author":[{"embeddable":true,"href":"https:\/\/blogs.fu-berlin.de\/nederlands\/wp-json\/wp\/v2\/users\/2044"}],"replies":[{"embeddable":true,"href":"https:\/\/blogs.fu-berlin.de\/nederlands\/wp-json\/wp\/v2\/comments?post=17886"}],"version-history":[{"count":7,"href":"https:\/\/blogs.fu-berlin.de\/nederlands\/wp-json\/wp\/v2\/posts\/17886\/revisions"}],"predecessor-version":[{"id":17896,"href":"https:\/\/blogs.fu-berlin.de\/nederlands\/wp-json\/wp\/v2\/posts\/17886\/revisions\/17896"}],"wp:attachment":[{"href":"https:\/\/blogs.fu-berlin.de\/nederlands\/wp-json\/wp\/v2\/media?parent=17886"}],"wp:term":[{"taxonomy":"category","embeddable":true,"href":"https:\/\/blogs.fu-berlin.de\/nederlands\/wp-json\/wp\/v2\/categories?post=17886"},{"taxonomy":"post_tag","embeddable":true,"href":"https:\/\/blogs.fu-berlin.de\/nederlands\/wp-json\/wp\/v2\/tags?post=17886"}],"curies":[{"name":"wp","href":"https:\/\/api.w.org\/{rel}","templated":true}]}}