{"id":17897,"date":"2019-06-30T18:00:52","date_gmt":"2019-06-30T16:00:52","guid":{"rendered":"https:\/\/blogs.fu-berlin.de\/nederlands\/?p=17897"},"modified":"2019-07-15T21:31:01","modified_gmt":"2019-07-15T19:31:01","slug":"verstrahlte-wissenschaftspolitik","status":"publish","type":"post","link":"https:\/\/blogs.fu-berlin.de\/nederlands\/2019\/06\/30\/verstrahlte-wissenschaftspolitik\/","title":{"rendered":"Verstrahlte Wissenschaftspolitik"},"content":{"rendered":"<p>Dem Klischee zufolge ist der Holl\u00e4nder der Schwabe der Niederlande: sparsam bis zur Gier, effizient bis zum Geiz. In der Geschichte der Kaufleute und Handlungsreisenden hat sich das Image festgesetzt, und auch die aktuelle Politik versucht nicht gerade, den Ruf loszuwerden. Die rechtsliberale Regierung unter Mark Rutte sorgt aktuell wieder daf\u00fcr, die Stereotype zu best\u00e4tigen, n\u00e4mlich in der Wissenschaftspolitik.<\/p>\n<div style=\"width: 286px\" class=\"wp-caption alignright\"><a href=\"https:\/\/upload.wikimedia.org\/wikipedia\/commons\/b\/b9\/Egret_allsky_above100Mev.png\" target=\"_blank\" rel=\"noopener\"><img loading=\"lazy\" decoding=\"async\" src=\"https:\/\/upload.wikimedia.org\/wikipedia\/commons\/b\/b9\/Egret_allsky_above100Mev.png\" alt=\"\" width=\"276\" height=\"166\" \/><\/a><p class=\"wp-caption-text\">Anhand kosmischer Gammastrahlung dargestellte Milchstra\u00dfe. (NASA, PD)<\/p><\/div>\n<p>Um es etwas zu verk\u00fcrzen (ausf\u00fchrlicher kann man <a href=\"https:\/\/www.utoday.nl\/news\/67152\/onderwijsinstellingen-in-spagaat-door-budgetverschuivingen-van-rijn\" target=\"_blank\" rel=\"noopener\">hier die Hintergr\u00fcnde nachlesen<\/a>): Mehr oder weniger Konsens ist, dass die Forschung der naturwissenschaftlichen und technischen F\u00e4cher mehr Mittel braucht. Das darf aber bittesch\u00f6n keine zus\u00e4tzlichen Kosten verursachen, also soll umgeschichtet werden. Mehr Geld f\u00fcr <em>b\u00e8ta-wetenschappen<\/em> bedeutet weniger f\u00fcr <em>alfa<\/em> und<em> gamma.<\/em><\/p>\n<p>Keine besonders hilfreiche Erl\u00e4uterung? Griechische Buchstaben kennen wir im Deutschen beispielsweise f\u00fcr verschiedene Arten von Strahlung. In der Sprachwissenschaft kommen uns zumindest \u03b2 und \u0263 aus dem phonetischen Alphabet bekannt vor. Im niederl\u00e4ndischen Sprachgebrauch teilt man die gro\u00dfen Wissenschaftsbereiche anhand der drei Buchstaben ein:<\/p>\n<p><em>Alfa <\/em>f\u00fcr Geisteswissenschaften<\/p>\n<p><em>B\u00e8ta <\/em>f\u00fcr Naturwissenschaften, Mathematik, Informatik, Ingenieurswissenschaften<\/p>\n<p><em>Gamma <\/em>f\u00fcr Sozialwissenschaften, aber auch Recht und Wirtschaftswissenschaften<\/p>\n<p>Die Medizin hat keinen Buchstaben bekommen und gilt als eigene Kategorie. Traditionell gab es zuerst alfa und b\u00e8ta; die gamma-Disziplinen gelten als neuere Entwicklungen, die sp\u00e4ter eine neue Klasse brauchten. Bei einigen Disziplinen ist die Zuordnung umstritten oder flexibel (etwa bei der Geographie); sowieso wird nat\u00fcrlich zunehmend auf interdisziplin\u00e4re Forschung geachtet. Die Linguistik gilt urspr\u00fcnglich als Teil der alfa-Wissenschaften, aber je nach Ausrichtung hat sie zu den anderen beiden Feldern starke Verbindungen.<\/p>\n<p>Auch <a href=\"https:\/\/blogs.fu-berlin.de\/nederlands\/2017\/05\/07\/zij-is-van-voor-de-mammoet\/\" target=\"_blank\" rel=\"noopener\">im traditionellen Schulsystem<\/a> fand man die Bezeichnungen schon, je nach Schwerpunktsetzung bei den gew\u00e4hlten F\u00e4chern. Und Menschen, die eine bestimmte Beziehung, ein Talent, ein Interesse f\u00fcr eine der Fachgruppen zeigen, nennt man manchmal <a href=\"https:\/\/blogs.fu-berlin.de\/nederlands\/2017\/04\/06\/wie-is-wie-christiaan-huygens\/\" target=\"_blank\" rel=\"noopener\">ebenfalls nach dem Buchstaben<\/a>.<\/p>\n<p>Anders als im Deutschen verzichtet die niederl\u00e4ndische Orthographie bei <em>alfa<\/em> auf die klassisch-griechische Schreibung mit <em>ph<\/em>. Beim W\u00f6rtchen <em>b\u00e8ta <\/em>hilft der selten benutzte Akzent daf\u00fcr, dass der Laut etwas n\u00e4her an der griechischen Aussprache liegt: ein kurzes, offeneres E, und eher kein nord-niederl\u00e4ndisches, lang diphthongiertes <em>eej<\/em>.<\/p>\n<p>Warum bei der Einteilung des Bildungs- und Wissenschaftssystems genau in dieser Reihenfolge die Klassifikationen vergeben wurden, konnte ich nicht mehr nachvollziehen. Genauso schwer nachvollziehbar ist die Universit\u00e4tspolitik in den Niederlanden. Besonders die liberale Partei D66, die sich oft als Wissenschaftspartei sieht und im akademischen Milieu stark ist, bekommt gerade massive Kritik von ihrer Kernw\u00e4hlerschaft zu h\u00f6ren.<\/p>\n<p>Die allgemeine Tendenz hin zum vermeintlich N\u00fctzlichen, zum Konkreten, das sich bezahlt macht, die ist in den Niederlanden nicht neu und auch woanders deutlich sp\u00fcrbar. Aber gerade die Geistes- und Sozialwissenschaften werden jetzt gebraucht, in Zeiten von gesellschaftlicher Polarisierung, von Unverst\u00e4ndnis f\u00fcr kulturelle Diversit\u00e4t und von Ignoranz gegen\u00fcber historischen Zusammenh\u00e4ngen \u2013 das gilt f\u00fcr ganz Europa und weit dar\u00fcber hinaus.<\/p>\n<p>Von Deutschland aus kann man den Entwicklungen im Nachbarland zun\u00e4chst mit Kopfsch\u00fctteln zusehen (oder eine <a href=\"https:\/\/www.pvda.nl\/acties\/stop-de-bezuinigingen-op-medische-alfa-en-gammastudies\/\" target=\"_blank\" rel=\"noopener\">Petition der Opposition<\/a> dagegen unterschreiben). Egal ob Alpha, Beta oder Gamma: strahlend sind diese Entscheidungen sicher nicht. Dass sich die Wissenschaftspolitik hierzulande \u00e4hnlich entwickelt, ist aber leider \u00fcberhaupt nicht auszuschlie\u00dfen.<\/p>\n","protected":false},"excerpt":{"rendered":"<p>Dem Klischee zufolge ist der Holl\u00e4nder der Schwabe der Niederlande: sparsam bis zur Gier, effizient bis zum Geiz. In der Geschichte der Kaufleute und Handlungsreisenden hat sich das Image festgesetzt, und auch die aktuelle Politik versucht nicht gerade, den Ruf loszuwerden. Die rechtsliberale Regierung unter Mark Rutte sorgt aktuell wieder daf\u00fcr, die Stereotype zu best\u00e4tigen, [&hellip;]<\/p>\n","protected":false},"author":2044,"featured_media":0,"comment_status":"open","ping_status":"open","sticky":false,"template":"","format":"standard","meta":{"footnotes":""},"categories":[1,720,6940],"tags":[44141],"class_list":["post-17897","post","type-post","status-publish","format-standard","hentry","category-allgemein","category-niederlande","category-wortschatz","tag-beitraege-auf-deutsch"],"_links":{"self":[{"href":"https:\/\/blogs.fu-berlin.de\/nederlands\/wp-json\/wp\/v2\/posts\/17897","targetHints":{"allow":["GET"]}}],"collection":[{"href":"https:\/\/blogs.fu-berlin.de\/nederlands\/wp-json\/wp\/v2\/posts"}],"about":[{"href":"https:\/\/blogs.fu-berlin.de\/nederlands\/wp-json\/wp\/v2\/types\/post"}],"author":[{"embeddable":true,"href":"https:\/\/blogs.fu-berlin.de\/nederlands\/wp-json\/wp\/v2\/users\/2044"}],"replies":[{"embeddable":true,"href":"https:\/\/blogs.fu-berlin.de\/nederlands\/wp-json\/wp\/v2\/comments?post=17897"}],"version-history":[{"count":6,"href":"https:\/\/blogs.fu-berlin.de\/nederlands\/wp-json\/wp\/v2\/posts\/17897\/revisions"}],"predecessor-version":[{"id":17906,"href":"https:\/\/blogs.fu-berlin.de\/nederlands\/wp-json\/wp\/v2\/posts\/17897\/revisions\/17906"}],"wp:attachment":[{"href":"https:\/\/blogs.fu-berlin.de\/nederlands\/wp-json\/wp\/v2\/media?parent=17897"}],"wp:term":[{"taxonomy":"category","embeddable":true,"href":"https:\/\/blogs.fu-berlin.de\/nederlands\/wp-json\/wp\/v2\/categories?post=17897"},{"taxonomy":"post_tag","embeddable":true,"href":"https:\/\/blogs.fu-berlin.de\/nederlands\/wp-json\/wp\/v2\/tags?post=17897"}],"curies":[{"name":"wp","href":"https:\/\/api.w.org\/{rel}","templated":true}]}}