{"id":17917,"date":"2019-07-30T12:32:52","date_gmt":"2019-07-30T10:32:52","guid":{"rendered":"https:\/\/blogs.fu-berlin.de\/nederlands\/?p=17917"},"modified":"2019-07-30T12:32:30","modified_gmt":"2019-07-30T10:32:30","slug":"zurueck-zu-den-niederlaendischen-wurzeln","status":"publish","type":"post","link":"https:\/\/blogs.fu-berlin.de\/nederlands\/2019\/07\/30\/zurueck-zu-den-niederlaendischen-wurzeln\/","title":{"rendered":"Zur\u00fcck zu den niederl\u00e4ndischen Wurzeln"},"content":{"rendered":"<p><strong>In diesem Jahr w\u00e4re Schauspiel- und Modeikone Audrey Hepburn 90 Jahre alt geworden. Anl\u00e4sslich dieses Jubil\u00e4ums ist in Br\u00fcssel eine Sonderausstellung \u00fcber ihr Privatleben zu sehen.<br \/>\n<\/strong><\/p>\n<p style=\"text-align: right\"><em>von Aniko Schusterius<\/em><\/p>\n<div id=\"attachment_17919\" style=\"width: 187px\" class=\"wp-caption alignright\"><a href=\"https:\/\/blogs.fu-berlin.de\/nederlands\/files\/2019\/07\/Kleine-Audrey_Steinfigur.jpg\" target=\"_blank\" rel=\"noopener\"><img loading=\"lazy\" decoding=\"async\" aria-describedby=\"caption-attachment-17919\" class=\"wp-image-17919 size-medium\" src=\"https:\/\/blogs.fu-berlin.de\/nederlands\/files\/2019\/07\/Kleine-Audrey_Steinfigur-177x300.jpg\" alt=\"\" width=\"177\" height=\"300\" srcset=\"https:\/\/blogs.fu-berlin.de\/nederlands\/files\/2019\/07\/Kleine-Audrey_Steinfigur-177x300.jpg 177w, https:\/\/blogs.fu-berlin.de\/nederlands\/files\/2019\/07\/Kleine-Audrey_Steinfigur-768x1305.jpg 768w, https:\/\/blogs.fu-berlin.de\/nederlands\/files\/2019\/07\/Kleine-Audrey_Steinfigur-603x1024.jpg 603w\" sizes=\"auto, (max-width: 177px) 100vw, 177px\" \/><\/a><p id=\"caption-attachment-17919\" class=\"wp-caption-text\">Unsere Gastautorin Aniko Schusterius mit der kleinen Audrey.<\/p><\/div>\n<p>Es scheint so als w\u00fcrde <a href=\"https:\/\/blogs.fu-berlin.de\/nederlands\/2016\/02\/15\/im-hals-von-audrey-hepburn\/\" target=\"_blank\" rel=\"noopener\">Audrey Hepburn<\/a> h\u00f6chstpers\u00f6nlich die Besucher ihrer Ausstellung in Empfang nehmen. Angelehnt an eine Requisite wartet sie im ersten Saal auf ihre G\u00e4ste und blickt dabei auf eine gro\u00dfe Filmkulisse. Von den W\u00e4nden halt ihre Stimme wieder. Gro\u00dfformatige Plakate zeigen ihr l\u00e4chelndes Antlitz. Das erste und letzte Mal wird sie hier als Schauspielstar innerhalb der Ausstellung inszeniert.<br \/>\nIm Vanderborght-Geb\u00e4ude in Br\u00fcssel will Sean Hepburn Ferrer (\u00e4ltester Sohn der Schauspielerin) den Besuchern Audrey Hepburn vor allem als Menschen vorstellen.<br \/>\nFamilienst\u00fccke, bislang nie gezeigte Fotografien, Zeichnungen und Notizen vermitteln sehr pers\u00f6nliche und intime Eindr\u00fccke. Chronologisch gegliedert sieht man erste Aufnahmen von der kleinen Audrey, wie sie in Br\u00fcssel geboren wird und Anfang des zweiten Weltkrieges mit ihrer niederl\u00e4ndischen Mutter nach Arnheim zieht. Hier nimmt sie erste Ballettstunden und will schon bald als T\u00e4nzerin auf den B\u00fchnen der Welt stehen.<br \/>\nIn den Niederlanden dreht sie 1948 auch ihren ersten Film: \u201eNederlands in zeven lessen\u201c. An diesem Punkt in ihrem Leben spricht Hepburn schon drei Sprachen: Niederl\u00e4ndisch, Franz\u00f6sisch und Englisch (ihr Vater war Brite). Bis zum ihrem Tod 1993 wird sie noch Italienisch und Spanisch lernen. Die junge Hepburn betrachtet ihren Ausflug in die Filmwelt als eine Ausnahme, doch der Besucher wei\u00df bereits, dass dies der Beginn einer gro\u00dfen Karriere ist.<\/p>\n<div class=\"lyte-wrapper\" style=\"width:640px;max-width:100%;margin:5px;\"><div class=\"lyMe\" id=\"WYL_3A4AMtBRI74\"><div id=\"lyte_3A4AMtBRI74\" data-src=\"https:\/\/blogs.fu-berlin.de\/nederlands\/wp-content\/plugins\/wp-youtube-lyte\/lyteCache.php?origThumbUrl=%2F%2Fi.ytimg.com%2Fvi%2F3A4AMtBRI74%2Fhqdefault.jpg\" class=\"pL\"><div class=\"tC\"><div class=\"tT\"><\/div><\/div><div class=\"play\"><\/div><div class=\"ctrl\"><div class=\"Lctrl\"><\/div><div class=\"Rctrl\"><\/div><\/div><\/div><noscript><a href=\"https:\/\/youtu.be\/3A4AMtBRI74\" rel=\"nofollow\"><img loading=\"lazy\" decoding=\"async\" src=\"https:\/\/blogs.fu-berlin.de\/nederlands\/wp-content\/plugins\/wp-youtube-lyte\/lyteCache.php?origThumbUrl=https%3A%2F%2Fi.ytimg.com%2Fvi%2F3A4AMtBRI74%2F0.jpg\" alt=\"YouTube-Video-Thumbnail\" width=\"640\" height=\"340\" \/><br \/>Dieses Video auf YouTube ansehen<\/a><\/noscript><\/div><\/div><div class=\"lL\" style=\"max-width:100%;width:640px;margin:5px;\"><br\/><span class=\"lyte_disclaimer\">ACHTUNG: Daten nach YouTube werden erst beim Abspielen des Videos \u00fcbertragen.<\/span><\/div><\/p>\n<p><span style=\"color: #333399\"><em>Nederlands in zeven lessen <\/em><\/span><span style=\"color: #333399\">mit Audrey Hepburn<\/span><\/p>\n<p>Hepburns Familie und Freunde nehmen einen gro\u00dfen Teil der Ausstellungsfl\u00e4che ein. Das Brautkleid von Hepburns Eheschlie\u00dfung mit Mel Ferrer und ihre Trauringe erz\u00e4hlen von dem Fest in der Schweiz, welche zu ihrem Lebensmittelpunkt wird. Die Wiege von Sean und Fotos von seiner Taufe sind Zeitzeugen der liebevollen und sensiblen Mutter, als die Audrey Hepburn beschrieben wird. Auch Kollegen wie Elisabeth Taylor und Cary Grant berichten in einer Videosammlung von der scheinbar perfekten Frau.<br \/>\nSchnell wird deutlich, dass es sich vor allem um eine Sammlung von guten Erinnerungen handelt- Gedanken und Momente ihres \u00e4ltesten Sohnes, die weder von zwei gescheiterten Ehen noch dem zweiten Kind Hepburns Luca Dotti berichten. Doch das tut der Ausstellung keinen Abbruch. Der dem Anlass entsprechend positive Blick auf ihr Leben bringt auch neue Informationen f\u00fcr langj\u00e4hrige Fans mit sich.<br \/>\nBesonders emotional inszeniert wird ihr Engagement f\u00fcr Unicef. Videomitschnitte zeigen wie Hepburn unerm\u00fcdlich Gelder f\u00fcr Dritte-Welt-L\u00e4nder sammelte. Ihre appellierenden Reden kann man auf ihren Notizen mitlesen: \u201eKinderen\u00a0 kunnen worden gered als we vastbesloten zijn om dat te doen\u201c.<\/p>\n<p>H\u00f6rproben, Filmausschnitte und Fotos: Verschiedenste Medien setzten sich in \u201eIntimate Audrey\u201c zu einem gro\u00dfen erz\u00e4hlenden Puzzle zusammen. Durch eine d\u00fcnne Plexiglasscheibe blicken die Besucher herab auf alte P\u00e4sse, den gold-gl\u00e4nzenden Oscar und Zeichnungen von Kost\u00fcmen und Outfits. Visuell sehr beeindruckend gestaltet setzt Kurator Hepburn Ferrer noch eins drauf, als ein bl\u00fchender Kirschbaum tats\u00e4chlich auch noch duftet. Und auch der ineinander \u00fcberlaufende Erz\u00e4hlstrang der Ausstellung ist sehr gelungen. So endet die Zeitreise in einem kleinen Kinosaal, welcher Ausschnitte von Hepburns gro\u00dfen Leinwandmomenten zeigt. Und drau\u00dfen auf der Bank wartet wieder Audrey. Doch nun im Alter von f\u00fcnf Jahren.<\/p>\n<p><strong>Intimate Audrey, Espace Vanderborght, noch bis zum 25. August, t\u00e4glich 10 bis 18 Uhr<br \/>\nintimateaudrey.org<\/strong><\/p>\n","protected":false},"excerpt":{"rendered":"<p>In diesem Jahr w\u00e4re Schauspiel- und Modeikone Audrey Hepburn 90 Jahre alt geworden. Anl\u00e4sslich dieses Jubil\u00e4ums ist in Br\u00fcssel eine Sonderausstellung \u00fcber ihr Privatleben zu sehen. von Aniko Schusterius Es scheint so als w\u00fcrde Audrey Hepburn h\u00f6chstpers\u00f6nlich die Besucher ihrer Ausstellung in Empfang nehmen. Angelehnt an eine Requisite wartet sie im ersten Saal auf ihre [&hellip;]<\/p>\n","protected":false},"author":2044,"featured_media":0,"comment_status":"open","ping_status":"open","sticky":false,"template":"","format":"standard","meta":{"footnotes":""},"categories":[720],"tags":[44141,71795,1542],"class_list":["post-17917","post","type-post","status-publish","format-standard","hentry","category-niederlande","tag-beitraege-auf-deutsch","tag-gastbeitrag","tag-kultur"],"_links":{"self":[{"href":"https:\/\/blogs.fu-berlin.de\/nederlands\/wp-json\/wp\/v2\/posts\/17917","targetHints":{"allow":["GET"]}}],"collection":[{"href":"https:\/\/blogs.fu-berlin.de\/nederlands\/wp-json\/wp\/v2\/posts"}],"about":[{"href":"https:\/\/blogs.fu-berlin.de\/nederlands\/wp-json\/wp\/v2\/types\/post"}],"author":[{"embeddable":true,"href":"https:\/\/blogs.fu-berlin.de\/nederlands\/wp-json\/wp\/v2\/users\/2044"}],"replies":[{"embeddable":true,"href":"https:\/\/blogs.fu-berlin.de\/nederlands\/wp-json\/wp\/v2\/comments?post=17917"}],"version-history":[{"count":6,"href":"https:\/\/blogs.fu-berlin.de\/nederlands\/wp-json\/wp\/v2\/posts\/17917\/revisions"}],"predecessor-version":[{"id":17924,"href":"https:\/\/blogs.fu-berlin.de\/nederlands\/wp-json\/wp\/v2\/posts\/17917\/revisions\/17924"}],"wp:attachment":[{"href":"https:\/\/blogs.fu-berlin.de\/nederlands\/wp-json\/wp\/v2\/media?parent=17917"}],"wp:term":[{"taxonomy":"category","embeddable":true,"href":"https:\/\/blogs.fu-berlin.de\/nederlands\/wp-json\/wp\/v2\/categories?post=17917"},{"taxonomy":"post_tag","embeddable":true,"href":"https:\/\/blogs.fu-berlin.de\/nederlands\/wp-json\/wp\/v2\/tags?post=17917"}],"curies":[{"name":"wp","href":"https:\/\/api.w.org\/{rel}","templated":true}]}}