{"id":17928,"date":"2019-09-14T14:37:19","date_gmt":"2019-09-14T12:37:19","guid":{"rendered":"https:\/\/blogs.fu-berlin.de\/nederlands\/?p=17928"},"modified":"2019-09-18T21:20:42","modified_gmt":"2019-09-18T19:20:42","slug":"beruehrungspunkte-namibia","status":"publish","type":"post","link":"https:\/\/blogs.fu-berlin.de\/nederlands\/2019\/09\/14\/beruehrungspunkte-namibia\/","title":{"rendered":"Ber\u00fchrungspunkte: Namibia"},"content":{"rendered":"<p><a href=\"https:\/\/commons.wikimedia.org\/wiki\/File:Michelangelo_Touching_Hands.jpg\"><img loading=\"lazy\" decoding=\"async\" class=\"alignright \" src=\"https:\/\/upload.wikimedia.org\/wikipedia\/commons\/3\/33\/Michelangelo_Touching_Hands.jpg\" width=\"102\" height=\"70\" \/><\/a><span style=\"color: #808000\">Wo kommt der niederl\u00e4ndische Sprach- und Kulturraum mit anderen in Ber\u00fchrung? Wo gibt es gemeinsame Interessensgebiete der Niederlandistik und ihrer Nachbarf\u00e4cher? Solche Ber\u00fchrungspunkte stellen wir in einer kleinen Serie vor.<\/span><\/p>\n<p>Die Serie <em>Ber\u00fchrungspunkte<\/em>, die wir im Mai 2017 starteten, werden wir in loser Folge fortsetzen.<\/p>\n<p><a href=\"https:\/\/blogs.fu-berlin.de\/nederlands\/files\/2019\/08\/20190701_095643-e1566119804905.jpg\" target=\"_blank\" rel=\"noopener\"><img loading=\"lazy\" decoding=\"async\" class=\"alignleft wp-image-17939 \" src=\"https:\/\/blogs.fu-berlin.de\/nederlands\/files\/2019\/08\/20190701_095643-e1566119804905-225x300.jpg\" alt=\"\" width=\"212\" height=\"283\" srcset=\"https:\/\/blogs.fu-berlin.de\/nederlands\/files\/2019\/08\/20190701_095643-e1566119804905-225x300.jpg 225w, https:\/\/blogs.fu-berlin.de\/nederlands\/files\/2019\/08\/20190701_095643-e1566119804905.jpg 720w\" sizes=\"auto, (max-width: 212px) 100vw, 212px\" \/><\/a><\/p>\n<p>Namibische <a href=\"https:\/\/blogs.fu-berlin.de\/nederlands?s=ber%C3%BChrungspunkte&amp;x=0&amp;y=0\" target=\"_blank\" rel=\"noopener\">Ber\u00fchrungspunkte<\/a> zum niederl\u00e4ndischen Sprachraum findet man eigentlich eher \u00fcber den Umweg des Afrikaans. Aber ein Besuch <span style=\"color: #ff0000\"><span style=\"color: #333333\">beim<\/span> <\/span>Nationalarchiv Namibias veranlasst mich zu diesem Blogbeitrag, denn dort gab es Ausz\u00fcge aus der Korrespondenz und den Tageb\u00fcchern von Hendrik Witbooi &#8211; auf Niederl\u00e4ndisch!<br \/>\nWie das?<\/p>\n<p><a href=\"https:\/\/commons.wikimedia.org\/wiki\/File:Kaptein_Hendrik_Witbooi_(Portrait).jpg\" target=\"_blank\" rel=\"noopener\"><img loading=\"lazy\" decoding=\"async\" class=\"alignright\" src=\"https:\/\/upload.wikimedia.org\/wikipedia\/commons\/thumb\/2\/2d\/Kaptein_Hendrik_Witbooi_%28Portrait%29.jpg\/456px-Kaptein_Hendrik_Witbooi_%28Portrait%29.jpg\" alt=\"\" width=\"48\" height=\"63\" \/><\/a>Hendrik Witbooi wurde um 1830 in Pella (Kapkolonie) geboren. Sein wirklicher Name: <span lang=\"khi\">\u01c3Nanseb \u01c0Gabemab. Die Zeichen ! und \u01c0 stehen f\u00fcr Laute, die von unserer Zunge eine schwer zu erlernenden Akrobatik erfordern.<br \/>\n<\/span><\/p>\n<blockquote><p>Die Ger\u00e4uschbildung dieser Laute entsteht durch das \u00d6ffnen des prim\u00e4ren Verschlusses der entstandenen oralen Luftkammer, in welche die umgebende Luft infolgedessen schnell hineinstr\u00f6mt, um den Unterdruck auszugleichen. Die Klicks werden auf verschiedene Weise durch Schnalzen mit der Zunge gebildet. Um die Klicks zu erzeugen, muss die Zunge eine saugende Bewegung ausf\u00fchren. Die Stellung der Zunge und die Art des Atemholens bringt ganz verschiedene Klicks hervor. <a href=\"https:\/\/de.wikipedia.org\/wiki\/Klick_(Phonetik)\" target=\"_blank\" rel=\"noopener\">Quelle<\/a><\/p><\/blockquote>\n<p>Ein <span id=\"a373375\" class=\"ga\"><span class=\"gah\"><span class=\"gy gbo\"><span class=\"gv\"><span class=\"g6\">Erbsenz\u00e4hler<\/span><\/span><\/span><\/span><\/span> (<em>pietje-precies<\/em>) w\u00fcrde beim Lesen von Witboois Notizen rufen: Kapholl\u00e4ndisch!<br \/>\nJa, richtig!<br \/>\nAber &#8230; die Zeilen lesen sich (ein paar Abweichungen) wie das heutige Niederl\u00e4ndisch.<br \/>\nWitbooi hat am Kap das dortige NL gelernt und beherrschte das <span id=\"a163257\" class=\"ga\"><span class=\"gah\"><span class=\"gy gac\"><span class=\"gv\"><span id=\"v24553\" class=\"gq gad gk\"><span class=\"gg\"><span class=\"gaj\">in Wort und Schrift (<em><span class=\"gae\">in<\/span><span class=\"gba\"> woord en geschrift<\/span><\/em>). Allein schon in seinem Namen erkennt man (wit=wei\u00df, booi=boy) die Namensgebung einer Kolonialmacht. <\/span><\/span><\/span><\/span><\/span><\/span><\/span><span id=\"a163257\" class=\"ga\"><span class=\"gah\"><span class=\"gy gac\"><span class=\"gv\"><span id=\"v24553\" class=\"gq gad gk\"><span class=\"gg\"><span class=\"gaj\">Das Volk der <a href=\"https:\/\/de.wikipedia.org\/wiki\/Nama_(Volk)#Auszug_nach_S%C3%BCdwestafrika\" target=\"_blank\" rel=\"noopener\">Nama<\/a> wanderte in den Norden aus und lie\u00df sich nieder in dem Gebiet, das 1884\/1885 (<a href=\"https:\/\/blogs.fu-berlin.de\/nederlands\/2015\/01\/04\/een-verzameling-van-congressen\/\" target=\"_blank\" rel=\"noopener\">Kongokonferenz<\/a>) dem deutschen Reich zugeschlagen wurde: Deutsch-S\u00fcdwestafrika &#8211; dem heutigen Namibia. <\/span><\/span><\/span><\/span><\/span><\/span><\/span><\/p>\n<p>Erst 1925 wurde in S\u00fcdafrika das Niederl\u00e4ndische als Staatssprache abgeschafft und Afrikaans neben Englisch als Amtssprache in der S\u00fcdafrikanischen Union anerkannt.<\/p>\n<p><span id=\"a163257\" class=\"ga\"><span class=\"gah\"><span class=\"gy gac\"><span class=\"gv\"><span id=\"v24553\" class=\"gq gad gk\"><span class=\"gg\"><span class=\"gaj\">Auch die <a href=\"https:\/\/de.wikipedia.org\/wiki\/Baster\" target=\"_blank\" rel=\"noopener\">Baster<\/a> (Afrikaans f\u00fcr &#8222;Bastard&#8220; &#8211; sie selbst bestehen auf diese Bezeichnung), Nachkommen <span style=\"color: #333333\">aus <\/span>Beziehungen zwischen Nama-Frauen und Buren in S\u00fcdafrika, haben die niederl\u00e4ndische Sprache mitgenommen. Sie wanderten unter F\u00fchrung von Hermanus van Wyk in den Norden aus und leben im namibischen Rehoboth. Ihre Sprache ist meist Afrikaans und sie haben in der Regel niederl\u00e4ndisch klingende Namen: <a href=\"https:\/\/en.wikipedia.org\/wiki\/Hans_Beukes\" target=\"_blank\" rel=\"noopener\">Hans Beukes<\/a> geh\u00f6rte z.B. zu den Namibiern, die sich bei der UNO f\u00fcr die Unabh\u00e4ngigkeit Namibias einsetzten.<br \/>\n<\/span><\/span><\/span><\/span><\/span><\/span><\/span><\/p>\n<p>In Namibia kam es 1904 zu einem Aufstand der Herero und Nama gegen die deutsche Kolonialmacht. Hendrik Witbooi fiel 1905. Der &#8222;Konflikt&#8220; &#8211; wie Deutschst\u00e4mmige diesen Krieg manchmal nennen &#8211; endete in einen <a href=\"https:\/\/de.wikipedia.org\/wiki\/V%C3%B6lkermord_an_den_Herero_und_Nama\" target=\"_blank\" rel=\"noopener\">Genozid<\/a>; ihm fielen 10.000 Nama (und 40.000-60.000 Herero) zum Opfer.<\/p>\n<p>Zur\u00fcck zum Anfang:<br \/>\nDiese Dokumente von Hendrik Witbooi geh\u00f6ren zum <a href=\"http:\/\/www.unesco.org\/new\/en\/communication-and-information\/memory-of-the-world\/register\/full-list-of-registered-heritage\/registered-heritage-page-5\/letter-journals-of-hendrik-witbooi\/\" target=\"_blank\" rel=\"noopener\">UNESCO-Weltdokumentenerbe<\/a>. Das \u00dcberseemuseum in Bremen hat diese Dokumente vor etwa 20 Jahren zur\u00fcckgegeben.<br \/>\nInzwischen hat auch das Stuttgarter Museum Witboois Bibel und Peitsche <a href=\"https:\/\/www.deutschlandfunkkultur.de\/geraubte-kulturgueter-baden-wuerttemberg-gibt-witbooi-bibel.1013.de.html?dram:article_id=442397\" target=\"_blank\" rel=\"noopener\">zur\u00fcckgegeben<\/a>.<\/p>\n<p>Die Niederl\u00e4nderin Connie Braam (eine der Gr\u00fcnderInnen der <em>Anti-Apartheidsbeweging<\/em> der NL) schrieb den Roman <a href=\"https:\/\/www.tzum.info\/2017\/02\/recensie-conny-braam-hendrik-witbooi\/\" target=\"_blank\" rel=\"noopener\"><i>Ik ben Hendrik Witbooi<\/i><\/a> &#8211; noch nicht \u00fcbersetzt.<\/p>\n","protected":false},"excerpt":{"rendered":"<p>Wo kommt der niederl\u00e4ndische Sprach- und Kulturraum mit anderen in Ber\u00fchrung? Wo gibt es gemeinsame Interessensgebiete der Niederlandistik und ihrer Nachbarf\u00e4cher? Solche Ber\u00fchrungspunkte stellen wir in einer kleinen Serie vor. Die Serie Ber\u00fchrungspunkte, die wir im Mai 2017 starteten, werden wir in loser Folge fortsetzen. Namibische Ber\u00fchrungspunkte zum niederl\u00e4ndischen Sprachraum findet man eigentlich eher \u00fcber [&hellip;]<\/p>\n","protected":false},"author":1834,"featured_media":0,"comment_status":"open","ping_status":"open","sticky":false,"template":"","format":"standard","meta":{"footnotes":""},"categories":[1205,71792],"tags":[44141,71810,71795,471,71806],"class_list":["post-17928","post","type-post","status-publish","format-standard","hentry","category-afrika","category-suedafrikaafrikaans","tag-beitraege-auf-deutsch","tag-beruehrungspunkte","tag-gastbeitrag","tag-geschichte","tag-wie-is-wie"],"_links":{"self":[{"href":"https:\/\/blogs.fu-berlin.de\/nederlands\/wp-json\/wp\/v2\/posts\/17928","targetHints":{"allow":["GET"]}}],"collection":[{"href":"https:\/\/blogs.fu-berlin.de\/nederlands\/wp-json\/wp\/v2\/posts"}],"about":[{"href":"https:\/\/blogs.fu-berlin.de\/nederlands\/wp-json\/wp\/v2\/types\/post"}],"author":[{"embeddable":true,"href":"https:\/\/blogs.fu-berlin.de\/nederlands\/wp-json\/wp\/v2\/users\/1834"}],"replies":[{"embeddable":true,"href":"https:\/\/blogs.fu-berlin.de\/nederlands\/wp-json\/wp\/v2\/comments?post=17928"}],"version-history":[{"count":25,"href":"https:\/\/blogs.fu-berlin.de\/nederlands\/wp-json\/wp\/v2\/posts\/17928\/revisions"}],"predecessor-version":[{"id":18008,"href":"https:\/\/blogs.fu-berlin.de\/nederlands\/wp-json\/wp\/v2\/posts\/17928\/revisions\/18008"}],"wp:attachment":[{"href":"https:\/\/blogs.fu-berlin.de\/nederlands\/wp-json\/wp\/v2\/media?parent=17928"}],"wp:term":[{"taxonomy":"category","embeddable":true,"href":"https:\/\/blogs.fu-berlin.de\/nederlands\/wp-json\/wp\/v2\/categories?post=17928"},{"taxonomy":"post_tag","embeddable":true,"href":"https:\/\/blogs.fu-berlin.de\/nederlands\/wp-json\/wp\/v2\/tags?post=17928"}],"curies":[{"name":"wp","href":"https:\/\/api.w.org\/{rel}","templated":true}]}}