{"id":18227,"date":"2020-03-17T16:00:43","date_gmt":"2020-03-17T15:00:43","guid":{"rendered":"https:\/\/blogs.fu-berlin.de\/nederlands\/?p=18227"},"modified":"2020-03-18T13:37:09","modified_gmt":"2020-03-18T12:37:09","slug":"zaandam","status":"publish","type":"post","link":"https:\/\/blogs.fu-berlin.de\/nederlands\/2020\/03\/17\/zaandam\/","title":{"rendered":"Zaandam"},"content":{"rendered":"<p><em><a href=\"https:\/\/blogs.fu-berlin.de\/nederlands\/files\/2020\/02\/zaandam.3.jpg\" target=\"_blank\" rel=\"noopener\"><img loading=\"lazy\" decoding=\"async\" class=\"alignleft wp-image-18229\" src=\"https:\/\/blogs.fu-berlin.de\/nederlands\/files\/2020\/02\/zaandam.3-300x225.jpg\" alt=\"\" width=\"288\" height=\"216\" srcset=\"https:\/\/blogs.fu-berlin.de\/nederlands\/files\/2020\/02\/zaandam.3-300x225.jpg 300w, https:\/\/blogs.fu-berlin.de\/nederlands\/files\/2020\/02\/zaandam.3-768x576.jpg 768w, https:\/\/blogs.fu-berlin.de\/nederlands\/files\/2020\/02\/zaandam.3-1024x768.jpg 1024w\" sizes=\"auto, (max-width: 288px) 100vw, 288px\" \/><\/a>Nach einer ziemlich miserablen \u00dcberfahrt sind wir endlich am Ende unserer Reise angekommen. Wir haben ganz Holland durchquert, und was ich gesehen habe, schien mir viel sch\u00f6ner zu sein als das, was man allgemein h\u00f6rt. Zaandam ist besonders reizend und man h\u00e4tte hier ein ganzes Malerleben lang zu tun. Wir werden uns hier sehr wohl f\u00fchlen, glaube ich. Die Niederl\u00e4nder scheinen sehr nett und gastfreundlich zu sein.<\/em><\/p>\n<p>&nbsp;<\/p>\n<p>Soweit der franz\u00f6sische Impressionist Claude Monet, dem bis zum 1. Juni im Potsdamer <a href=\"https:\/\/www.museum-barberini.com\/monet\/\" target=\"_blank\" rel=\"noopener\">Barbarini-Museum<\/a> eine Ausstellung gewidmet ist (Achtung: das Museum ist Corona-bedingt zur Zeit geschlossen, vorl\u00e4ufig bis zum 18. April).<\/p>\n<div style=\"width: 189px\" class=\"wp-caption alignright\"><a href=\"https:\/\/commons.wikimedia.org\/wiki\/File:Tsaar_peter_munt_zaandam.jpg\"><img loading=\"lazy\" decoding=\"async\" class=\"\" src=\"https:\/\/upload.wikimedia.org\/wikipedia\/commons\/9\/90\/Tsaar_peter_munt_zaandam.jpg\" width=\"179\" height=\"134\" \/><\/a><p class=\"wp-caption-text\">Tsaar Peter munt (Arch, PD-self)<\/p><\/div>\n<p>Nicht nur Monet war in diesem St\u00e4dtchen, das mittlerweile Teil der Gemeinde Zaanstad ist. Im 17. Jahrhundert machte der russische Zar Peter I in Zaandam eine Zimmermannslehre und wohnte in einem bescheidenen H\u00e4uschen, das man immer noch besichtigen kann.<\/p>\n<p>Opernliebhaber wissen Bescheid: <a href=\"https:\/\/de.wikipedia.org\/wiki\/Zar_und_Zimmermann\" target=\"_blank\" rel=\"noopener\">Zar und Zimmermann<\/a>.<\/p>\n<p>Also warum nicht mal in den Semesterferien &#8211; auf dem <a href=\"https:\/\/blogs.fu-berlin.de\/nederlands\/2020\/02\/20\/studeer-je-fit\/\" target=\"_blank\" rel=\"noopener\">Rad<\/a> &#8211; von <strong>A<\/strong>\u2019dam bis <strong>Z<\/strong>\u2019dam!?<\/p>\n","protected":false},"excerpt":{"rendered":"<p>Nach einer ziemlich miserablen \u00dcberfahrt sind wir endlich am Ende unserer Reise angekommen. Wir haben ganz Holland durchquert, und was ich gesehen habe, schien mir viel sch\u00f6ner zu sein als das, was man allgemein h\u00f6rt. Zaandam ist besonders reizend und man h\u00e4tte hier ein ganzes Malerleben lang zu tun. Wir werden uns hier sehr wohl [&hellip;]<\/p>\n","protected":false},"author":1834,"featured_media":0,"comment_status":"open","ping_status":"open","sticky":false,"template":"","format":"standard","meta":{"footnotes":""},"categories":[720],"tags":[44141,71795,471,1542],"class_list":["post-18227","post","type-post","status-publish","format-standard","hentry","category-niederlande","tag-beitraege-auf-deutsch","tag-gastbeitrag","tag-geschichte","tag-kultur"],"_links":{"self":[{"href":"https:\/\/blogs.fu-berlin.de\/nederlands\/wp-json\/wp\/v2\/posts\/18227","targetHints":{"allow":["GET"]}}],"collection":[{"href":"https:\/\/blogs.fu-berlin.de\/nederlands\/wp-json\/wp\/v2\/posts"}],"about":[{"href":"https:\/\/blogs.fu-berlin.de\/nederlands\/wp-json\/wp\/v2\/types\/post"}],"author":[{"embeddable":true,"href":"https:\/\/blogs.fu-berlin.de\/nederlands\/wp-json\/wp\/v2\/users\/1834"}],"replies":[{"embeddable":true,"href":"https:\/\/blogs.fu-berlin.de\/nederlands\/wp-json\/wp\/v2\/comments?post=18227"}],"version-history":[{"count":17,"href":"https:\/\/blogs.fu-berlin.de\/nederlands\/wp-json\/wp\/v2\/posts\/18227\/revisions"}],"predecessor-version":[{"id":18284,"href":"https:\/\/blogs.fu-berlin.de\/nederlands\/wp-json\/wp\/v2\/posts\/18227\/revisions\/18284"}],"wp:attachment":[{"href":"https:\/\/blogs.fu-berlin.de\/nederlands\/wp-json\/wp\/v2\/media?parent=18227"}],"wp:term":[{"taxonomy":"category","embeddable":true,"href":"https:\/\/blogs.fu-berlin.de\/nederlands\/wp-json\/wp\/v2\/categories?post=18227"},{"taxonomy":"post_tag","embeddable":true,"href":"https:\/\/blogs.fu-berlin.de\/nederlands\/wp-json\/wp\/v2\/tags?post=18227"}],"curies":[{"name":"wp","href":"https:\/\/api.w.org\/{rel}","templated":true}]}}