{"id":1827,"date":"2014-04-28T16:00:08","date_gmt":"2014-04-28T14:00:08","guid":{"rendered":"https:\/\/blogs.fu-berlin.de\/nederlands\/?p=1827"},"modified":"2014-05-07T12:17:58","modified_gmt":"2014-05-07T10:17:58","slug":"bofkont","status":"publish","type":"post","link":"https:\/\/blogs.fu-berlin.de\/nederlands\/2014\/04\/28\/bofkont\/","title":{"rendered":"Bofkont"},"content":{"rendered":"<p>Lies Hontelez ist gerade dabei, sich eine komplette Aussteuer zusammenzukaufen, denn sie will ausziehen. Das ist an sich nat\u00fcrlich nicht ungew\u00f6hnlich. Frau Hontelez ist allerdings schon 89 Jahre alt. Sie hat keine Lust mehr auf ihr Altenheim und will wieder selbst\u00e4ndig wohnen. Und weil ihre Gesundheit das noch zul\u00e4sst sagt sie: &#8222;Weet u wat ik ben: een bofkont.&#8220;<\/p>\n<p>Der Journalist Frank van Wijck f\u00fcgt in seinem <a href=\"https:\/\/www.artsenauto.nl\/bofkont\/\" target=\"_blank\">Blogbeitrag<\/a> \u00fcber Frau Hontelez hinzu: &#8222;Dat laatste woordje verraadt haar leeftijd, want niemand zegt nog \u2018bofkont\u2019 tegenwoordig.&#8220; Ich wei\u00df nicht, ob das stimmt; mir kommt das Wort gar nicht so archaisch vor, und bei Google und Twitter findet man auch jede Menge neuere Belege f\u00fcr seine Verwendung.<\/p>\n<div style=\"width: 167px\" class=\"wp-caption alignright\"><a href=\"https:\/\/commons.wikimedia.org\/wiki\/File:Mumps.jpg\" target=\"_blank\"><img loading=\"lazy\" decoding=\"async\" class=\" \" alt=\"\" src=\"https:\/\/upload.wikimedia.org\/wikipedia\/commons\/thumb\/5\/5a\/Mumps.jpg\/157px-Mumps.jpg\" width=\"157\" height=\"240\" \/><\/a><p class=\"wp-caption-text\">Junge mit <em>bof<\/em> (&#8218;Mumps&#8216;) (Foto: Heinrich Weingaertner, CC BY-SA 3.0)<\/p><\/div>\n<p><em>Bofkont<\/em> bedeutet &#8218;Gl\u00fcckspilz&#8216;. Man kann sich nun fragen, wie es denn an diese Bedeutung gekommen ist, denn seine beiden Bestandteile legen diese Bedeutung nicht direkt nahe. Ein <em>bof<\/em> ist eine lautmalerische Bezeichnung f\u00fcr einen dumpfen Schlag (wie das Deutsche &#8218;Bums&#8216;). Ein Schlag kann zu einer Schwellung f\u00fchren, und das ist wohl &#8211; so die etymologischen W\u00f6rterb\u00fccher &#8211; das Motiv daf\u00fcr gewesen, dass das Wort auch f\u00fcr andere Arten von Schwellungen verwendet wurde. Insbesondere bezeichnet es eine Kinderkrankheit (Ziegenpeter, Mumps).<br \/>\nDass sich aus dieser Ausgangslage dann im 19. Jahrhundert die Bedeutung &#8218;Gl\u00fcck&#8216; entwickeln konnte, die man auch im zugeh\u00f6rigen Verb <em>boffen<\/em> (&#8218;Gl\u00fcck haben, Schwein haben&#8216;) findet, zeigt wieder einmal, dass die Wege der Sprachgeschichte manchmal recht verschlungen sein k\u00f6nnen.<\/p>\n<p>Ebenso bemerkenswert ist die Geschichte des zweiten Elements von <em>bofkont<\/em>.<br \/>\nDas Wort <em>kont<\/em> bedeutete urspr\u00fcnglich &#8218;Vagina, weibliches Gechlechtsteil&#8216; (mittelniederl\u00e4ndisch <em>conte<\/em>) und diese Bedeutung hat bzw. hatte es auch in seinen \u00c4quivalenten in anderen germanischen Sprachen (vgl. beispielsweise noch Englisch <em>cunt<\/em>). Im Niederl\u00e4ndischen hat es dann aber die Bedeutung &#8218;Hintern, Po&#8216; angenommen, und mit dieser Bedeutungsentwicklung steht das Niederl\u00e4ndische in den germanischen Sprachen ganz alleine da.<\/p>\n<p>Wie dem auch sei: ausgehend von der <em>Po<\/em>-Bedeutung wird <em>kont<\/em> dann jedenfalls auch metonymisch (pars pro toto) zur Bezeichnung von Menschen verwendet, vor allem in Zusammensetzungen wie eben <a href=\"https:\/\/www.songtexte.com\/songtext\/hans-dorrestijn\/bofkont-2bf1e062.html\" target=\"_blank\"><em>bofkont<\/em><\/a>. Andere Beispiele sind <a href=\"https:\/\/nl.wikipedia.org\/wiki\/Oscar_Mopperkont\" target=\"_blank\"><em>mopperkont<\/em><\/a> (jemand der st\u00e4ndig n\u00f6rgelt),\u00a0<a href=\"https:\/\/www.volkskrant.nl\/vk\/nl\/3184\/opinie\/article\/detail\/3437085\/2013\/05\/06\/Samsom-breek-je-afspraak-en-wees-een-draaikont.dhtml\" target=\"_blank\"><em>draaikont<\/em><\/a> (jemand der sich immer mit dem Wind mitdreht, ein Opportunist) oder <a href=\"https:\/\/nos.nl\/l\/639971\" target=\"_blank\"><em>twijfelkont<\/em><\/a> (jemdand der st\u00e4ndig zweifelt).<\/p>\n","protected":false},"excerpt":{"rendered":"<p>Lies Hontelez ist gerade dabei, sich eine komplette Aussteuer zusammenzukaufen, denn sie will ausziehen. Das ist an sich nat\u00fcrlich nicht ungew\u00f6hnlich. Frau Hontelez ist allerdings schon 89 Jahre alt. Sie hat keine Lust mehr auf ihr Altenheim und will wieder selbst\u00e4ndig wohnen. Und weil ihre Gesundheit das noch zul\u00e4sst sagt sie: &#8222;Weet u wat ik [&hellip;]<\/p>\n","protected":false},"author":1127,"featured_media":0,"comment_status":"open","ping_status":"open","sticky":false,"template":"","format":"standard","meta":{"footnotes":""},"categories":[3098,6941,6940],"tags":[44141],"class_list":["post-1827","post","type-post","status-publish","format-standard","hentry","category-sprachwandel","category-wortbildung","category-wortschatz","tag-beitraege-auf-deutsch"],"_links":{"self":[{"href":"https:\/\/blogs.fu-berlin.de\/nederlands\/wp-json\/wp\/v2\/posts\/1827","targetHints":{"allow":["GET"]}}],"collection":[{"href":"https:\/\/blogs.fu-berlin.de\/nederlands\/wp-json\/wp\/v2\/posts"}],"about":[{"href":"https:\/\/blogs.fu-berlin.de\/nederlands\/wp-json\/wp\/v2\/types\/post"}],"author":[{"embeddable":true,"href":"https:\/\/blogs.fu-berlin.de\/nederlands\/wp-json\/wp\/v2\/users\/1127"}],"replies":[{"embeddable":true,"href":"https:\/\/blogs.fu-berlin.de\/nederlands\/wp-json\/wp\/v2\/comments?post=1827"}],"version-history":[{"count":8,"href":"https:\/\/blogs.fu-berlin.de\/nederlands\/wp-json\/wp\/v2\/posts\/1827\/revisions"}],"predecessor-version":[{"id":1857,"href":"https:\/\/blogs.fu-berlin.de\/nederlands\/wp-json\/wp\/v2\/posts\/1827\/revisions\/1857"}],"wp:attachment":[{"href":"https:\/\/blogs.fu-berlin.de\/nederlands\/wp-json\/wp\/v2\/media?parent=1827"}],"wp:term":[{"taxonomy":"category","embeddable":true,"href":"https:\/\/blogs.fu-berlin.de\/nederlands\/wp-json\/wp\/v2\/categories?post=1827"},{"taxonomy":"post_tag","embeddable":true,"href":"https:\/\/blogs.fu-berlin.de\/nederlands\/wp-json\/wp\/v2\/tags?post=1827"}],"curies":[{"name":"wp","href":"https:\/\/api.w.org\/{rel}","templated":true}]}}