{"id":18390,"date":"2020-06-10T10:22:19","date_gmt":"2020-06-10T08:22:19","guid":{"rendered":"https:\/\/blogs.fu-berlin.de\/nederlands\/?p=18390"},"modified":"2020-06-07T02:32:51","modified_gmt":"2020-06-07T00:32:51","slug":"angela-merkel-schpreekt-nederlands","status":"publish","type":"post","link":"https:\/\/blogs.fu-berlin.de\/nederlands\/2020\/06\/10\/angela-merkel-schpreekt-nederlands\/","title":{"rendered":"Angela Merkel schpreekt Nederlands"},"content":{"rendered":"<p>Corona hat europaweit, weltweit in der Kulturbranche gro\u00dfe Verluste hinterlassen: abgesagte Konzerte, leere Theaters\u00e4le, keine Auftritte f\u00fcr unabh\u00e4ngige Kulturschaffende. Aus den Niederlanden schaut man aufmerksam nach Deutschland, wie der Sektor unterst\u00fctzt wird. Sicher ist auch hierzulande nicht alles Gold was gl\u00e4nzt, aber eines ist bekannt: Die niederl\u00e4ndische Regierung hat wenig Sinn f\u00fcr Dinge, die zwar dem menschlichen Geist n\u00fctzen, aber weniger dem Portemonnaie. Das gilt im Bereich von Bildung und Forschung ebenso wie in der Kultur.<\/p>\n<p>Also tun sich bekannte Pers\u00f6nlichkeiten zusammen, um auf das Problem aufmerksam zu machen, etwa in der Initiative #cultuurinactie. Die zust\u00e4ndige Ministerin <a href=\"https:\/\/nl.wikipedia.org\/wiki\/Ingrid_van_Engelshoven\" target=\"_blank\" rel=\"noopener\">Ingrid van Engelshoven<\/a> musste sich \u2013 offensichtlich wenig am\u00fcsiert \u2013 vor laufender Kamera anschauen, wie ihr eine Angela Merkel als besseres Vorbild vorgef\u00fchrt wurde. Hinter der Topffrisur und dem Blazer steckt die Kabarettistin <a href=\"https:\/\/nl.wikipedia.org\/wiki\/Sanne_Wallis_de_Vries\" target=\"_blank\" rel=\"noopener\">Sanne Wallis de Vries<\/a>, die eine fast perfekt niederl\u00e4ndischsprachige Kanzlerin spielt.<\/p>\n<div class=\"lyte-wrapper\" style=\"width:640px;max-width:100%;margin:5px;\"><div class=\"lyMe\" id=\"WYL_dcVp8AB4F90\"><div id=\"lyte_dcVp8AB4F90\" data-src=\"https:\/\/blogs.fu-berlin.de\/nederlands\/wp-content\/plugins\/wp-youtube-lyte\/lyteCache.php?origThumbUrl=%2F%2Fi.ytimg.com%2Fvi%2FdcVp8AB4F90%2Fhqdefault.jpg\" class=\"pL\"><div class=\"tC\"><div class=\"tT\"><\/div><\/div><div class=\"play\"><\/div><div class=\"ctrl\"><div class=\"Lctrl\"><\/div><div class=\"Rctrl\"><\/div><\/div><\/div><noscript><a href=\"https:\/\/youtu.be\/dcVp8AB4F90\" rel=\"nofollow\"><img loading=\"lazy\" decoding=\"async\" src=\"https:\/\/blogs.fu-berlin.de\/nederlands\/wp-content\/plugins\/wp-youtube-lyte\/lyteCache.php?origThumbUrl=https%3A%2F%2Fi.ytimg.com%2Fvi%2FdcVp8AB4F90%2F0.jpg\" alt=\"YouTube-Video-Thumbnail\" width=\"640\" height=\"340\" \/><br \/>Dieses Video auf YouTube ansehen<\/a><\/noscript><\/div><\/div><div class=\"lL\" style=\"max-width:100%;width:640px;margin:5px;\"><br\/><span class=\"lyte_disclaimer\">ACHTUNG: Daten nach YouTube werden erst beim Abspielen des Videos \u00fcbertragen.<\/span><\/div><\/p>\n<p><strong>Fast<\/strong> perfekt \u2013 denn diese Angela Merkel spricht zwar flie\u00dfend und in der Grammatik \u00e4u\u00dferst fehlerfrei, beinahe unglaubw\u00fcrdig idiomatisch f\u00fcr eine deutsche Muttersprachlerin. (Vielleicht ein Lernvorsprung, falls sie aus der Kindheit noch etwas Uckerm\u00e4rkisches Platt mitbekommen hat?) Aber im Wortschatz passieren hier und da ein paar perfekt ausgew\u00e4hlte, typische Schnitzer und man h\u00f6rt nat\u00fcrlich einen deutschen Akzent, der an einigen Stellen erstaunlich gut getroffen ist.<\/p>\n<p>Passend verrutscht ist etwa der ui-Diphthong [\u0153y], der bei ihr zum [oj] wird \u2013 f\u00fcr deutschsprachige Zungen in der Tat eine ernste Herausforderung. \u00dcberall dort, wo Deutsch und Niederl\u00e4ndisch sehr nah beisammen liegen, platziert sie geschickt \u201aversehentlich\u2018 die deutsche Variante, sei es <em>Kultur <\/em>statt <em>cultuur <\/em>oder <em>eigentlich <\/em>statt <em>eigenlijk. <\/em>Ihr rutscht zuerst ein <em>kop <\/em>heraus, den sie flugs zu <em>hoofd <\/em>\u201akorrigiert\u2018. Alles kleine Unsicherheiten, die beim spontanen Sprechen schnell passieren, und zwar in beiden Richtungen zwischen den Sprachen.<\/p>\n<p>Dass man oft das Gooise R h\u00f6rt, muss an sich auch nicht unauthentisch sein, denn viele Lernende mit Deutsch als Erstsprache \u00fcbernehmen das mit Selbstverst\u00e4ndlichkeit. Ob Angela Merkel, h\u00e4tte sie Niederl\u00e4ndisch gelernt, tats\u00e4chlich eine Tendenz zum Poldernederlands h\u00e4tte?<\/p>\n<p>Nicht ganz glaubw\u00fcrdig ist der Anlaut mit [\u0283t] und [\u0283p], wo Niederl\u00e4ndisch [st] und [sp] hat, beispielsweise wenn <em>steun <\/em>zu <em>st\u00f6hn <\/em>wird. Das bereitet beim Spracherwerb im Grunde selten Probleme. Wenn bei <em>fantastisch <\/em>oder <em>misschien <\/em>die Schreibweise mit &lt;sch&gt; vielleicht doch einmal Verwirrung stiftet und ein [\u0283] dabei herauskommt, kann man sich das wiederum zumindest vorstellen.<\/p>\n<p>Sehr konsequent h\u00e4lt die polyglotte Frau Merkel an den Endungen auf \u2013<em>en <\/em>fest, die ja aus niederl\u00e4ndischer Sicht f\u00fcr das Deutsche geradezu emblematisch sind (und wiederum im Deutschen mit niederl\u00e4ndischem Akzent manchmal unter die R\u00e4der komme.) So gesehen ist die Aussage <em>ik heb me ingelezen<\/em> mit vollem \u2013<em>en <\/em>und nat\u00fcrlich auch mit [g] nicht nur gut parodiert, sondern m\u00f6glicherweise auch f\u00fcr die Vorbereitung auf den Auftritt als Angela Merkel durchaus zutreffend.<br \/>\nOb die Ministerin ein Einsehen hat und nach der Vorstellung etwas mehr Leidenschaft zumindest f\u00fcr die sprachaffinen K\u00fcnste und Wissenschaften aufbringt, muss sich erst noch zeigen.<\/p>\n","protected":false},"excerpt":{"rendered":"<p>Corona hat europaweit, weltweit in der Kulturbranche gro\u00dfe Verluste hinterlassen: abgesagte Konzerte, leere Theaters\u00e4le, keine Auftritte f\u00fcr unabh\u00e4ngige Kulturschaffende. Aus den Niederlanden schaut man aufmerksam nach Deutschland, wie der Sektor unterst\u00fctzt wird. Sicher ist auch hierzulande nicht alles Gold was gl\u00e4nzt, aber eines ist bekannt: Die niederl\u00e4ndische Regierung hat wenig Sinn f\u00fcr Dinge, die zwar [&hellip;]<\/p>\n","protected":false},"author":2044,"featured_media":0,"comment_status":"open","ping_status":"open","sticky":false,"template":"","format":"standard","meta":{"footnotes":""},"categories":[23502,720,3099],"tags":[44141,1542,116],"class_list":["post-18390","post","type-post","status-publish","format-standard","hentry","category-aussprache","category-niederlande","category-sprachvergleich","tag-beitraege-auf-deutsch","tag-kultur","tag-politik"],"_links":{"self":[{"href":"https:\/\/blogs.fu-berlin.de\/nederlands\/wp-json\/wp\/v2\/posts\/18390","targetHints":{"allow":["GET"]}}],"collection":[{"href":"https:\/\/blogs.fu-berlin.de\/nederlands\/wp-json\/wp\/v2\/posts"}],"about":[{"href":"https:\/\/blogs.fu-berlin.de\/nederlands\/wp-json\/wp\/v2\/types\/post"}],"author":[{"embeddable":true,"href":"https:\/\/blogs.fu-berlin.de\/nederlands\/wp-json\/wp\/v2\/users\/2044"}],"replies":[{"embeddable":true,"href":"https:\/\/blogs.fu-berlin.de\/nederlands\/wp-json\/wp\/v2\/comments?post=18390"}],"version-history":[{"count":8,"href":"https:\/\/blogs.fu-berlin.de\/nederlands\/wp-json\/wp\/v2\/posts\/18390\/revisions"}],"predecessor-version":[{"id":18398,"href":"https:\/\/blogs.fu-berlin.de\/nederlands\/wp-json\/wp\/v2\/posts\/18390\/revisions\/18398"}],"wp:attachment":[{"href":"https:\/\/blogs.fu-berlin.de\/nederlands\/wp-json\/wp\/v2\/media?parent=18390"}],"wp:term":[{"taxonomy":"category","embeddable":true,"href":"https:\/\/blogs.fu-berlin.de\/nederlands\/wp-json\/wp\/v2\/categories?post=18390"},{"taxonomy":"post_tag","embeddable":true,"href":"https:\/\/blogs.fu-berlin.de\/nederlands\/wp-json\/wp\/v2\/tags?post=18390"}],"curies":[{"name":"wp","href":"https:\/\/api.w.org\/{rel}","templated":true}]}}