{"id":2163,"date":"2014-05-25T11:10:20","date_gmt":"2014-05-25T09:10:20","guid":{"rendered":"https:\/\/blogs.fu-berlin.de\/nederlands\/?p=2163"},"modified":"2014-05-28T07:55:38","modified_gmt":"2014-05-28T05:55:38","slug":"is-dit-correct-nederlands","status":"publish","type":"post","link":"https:\/\/blogs.fu-berlin.de\/nederlands\/2014\/05\/25\/is-dit-correct-nederlands\/","title":{"rendered":"Is dit correct Nederlands?"},"content":{"rendered":"<p><em>Wat is dit voor Nederlands? Zijn dat normale vari\u00ebteiten of is het gewoon slecht Nederlands?<\/em><\/p>\n<p>Deze vraag stelde ik naar aanleiding van (<em>anl\u00e4sslich<\/em>) dit <a href=\"https:\/\/www.standaard.be\/cnt\/dmf20140513_003\" target=\"_blank\">artikel<\/a> aan mijn Vlaamse en aan mijn Neder-Belgische collega. Het ging om de uitdrukkingen <strong>1. op gang trappen 2. (niet) hoog oplopen met iets <\/strong>en<strong> 3. iets niet aan zijn hart laten komen<\/strong>.<\/p>\n<p>Het antwoord van de eerste: &#8222;Ik zoek vertwijfeld naar slecht Nederlands&#8230; Wat vind je concreet niet goed?&#8220;<br \/>\nVan de tweede: &#8222;Als jij de gemarkeerde uitdrukkingen als &#8222;fouten&#8220; beschouwt, wil ik wel eens lezen waarom :).&#8220;<\/p>\n<p>Zo&#8217;n duidelijk antwoord had ik niet verwacht. Eerlijk gezegd was het voor mij gewoon slordig Nederlands; een paar zinnen en meteen drie fouten &#8211; en dat in de kwaliteitskrant De Standaard. Ik dacht aan wat Geert van Istendael me ooit verteld had over de strenge eisen die in zijn tijd nog aan het Nederlands van journalisten werden gesteld.<\/p>\n<div style=\"width: 210px\" class=\"wp-caption alignright\"><a href=\"https:\/\/commons.wikimedia.org\/wiki\/File:Nederland%2BVlaanderen_800x533.png\" target=\"_blank\"><img loading=\"lazy\" decoding=\"async\" class=\" \" alt=\"\" src=\"https:\/\/upload.wikimedia.org\/wikipedia\/commons\/7\/79\/Nederland%2BVlaanderen_800x533.png\" width=\"200\" height=\"133\" \/><\/a><p class=\"wp-caption-text\">Nederland en Vlaanderen (Foto: BDijkstra, PD)<\/p><\/div>\n<p>Correct Nederlands was mijns inziens geweest:<\/p>\n<p>&#8211; de aftrap geven voor<br \/>\n&#8211; iets (niet) waarderen, (niet) veel ophebben met iets<br \/>\n&#8211; zich\u00a0van iets niets aantrekken<\/p>\n<p>En ik ben toch echt niet iemand die van toeten noch blazen weet (<em>aus dem Mustopf kommt<\/em>). Ik neus dagelijks in Vlaamse dagbladen en ben niet onbekend met Belgische vari\u00ebteiten. Die weet ik doorgaans (<em>f\u00fcr gew\u00f6hnlich<\/em>) zelfs zeer te waarderen. Daar loop ik dus als het ware (<em>sozusagen<\/em>) hoog mee op! \ud83d\ude42<\/p>\n<p><em>Wordt vervolgd&#8230;<\/em><\/p>\n","protected":false},"excerpt":{"rendered":"<p>Wat is dit voor Nederlands? Zijn dat normale vari\u00ebteiten of is het gewoon slecht Nederlands? Deze vraag stelde ik naar aanleiding van (anl\u00e4sslich) dit artikel aan mijn Vlaamse en aan mijn Neder-Belgische collega. Het ging om de uitdrukkingen 1. op gang trappen 2. (niet) hoog oplopen met iets en 3. iets niet aan zijn hart [&hellip;]<\/p>\n","protected":false},"author":1834,"featured_media":0,"comment_status":"open","ping_status":"open","sticky":false,"template":"","format":"standard","meta":{"footnotes":""},"categories":[2983,720,23488],"tags":[],"class_list":["post-2163","post","type-post","status-publish","format-standard","hentry","category-belgien","category-niederlande","category-sprachvariation"],"_links":{"self":[{"href":"https:\/\/blogs.fu-berlin.de\/nederlands\/wp-json\/wp\/v2\/posts\/2163","targetHints":{"allow":["GET"]}}],"collection":[{"href":"https:\/\/blogs.fu-berlin.de\/nederlands\/wp-json\/wp\/v2\/posts"}],"about":[{"href":"https:\/\/blogs.fu-berlin.de\/nederlands\/wp-json\/wp\/v2\/types\/post"}],"author":[{"embeddable":true,"href":"https:\/\/blogs.fu-berlin.de\/nederlands\/wp-json\/wp\/v2\/users\/1834"}],"replies":[{"embeddable":true,"href":"https:\/\/blogs.fu-berlin.de\/nederlands\/wp-json\/wp\/v2\/comments?post=2163"}],"version-history":[{"count":31,"href":"https:\/\/blogs.fu-berlin.de\/nederlands\/wp-json\/wp\/v2\/posts\/2163\/revisions"}],"predecessor-version":[{"id":2532,"href":"https:\/\/blogs.fu-berlin.de\/nederlands\/wp-json\/wp\/v2\/posts\/2163\/revisions\/2532"}],"wp:attachment":[{"href":"https:\/\/blogs.fu-berlin.de\/nederlands\/wp-json\/wp\/v2\/media?parent=2163"}],"wp:term":[{"taxonomy":"category","embeddable":true,"href":"https:\/\/blogs.fu-berlin.de\/nederlands\/wp-json\/wp\/v2\/categories?post=2163"},{"taxonomy":"post_tag","embeddable":true,"href":"https:\/\/blogs.fu-berlin.de\/nederlands\/wp-json\/wp\/v2\/tags?post=2163"}],"curies":[{"name":"wp","href":"https:\/\/api.w.org\/{rel}","templated":true}]}}