{"id":360,"date":"2014-03-07T11:27:57","date_gmt":"2014-03-07T10:27:57","guid":{"rendered":"https:\/\/blogs.fu-berlin.de\/nederlands\/?p=360"},"modified":"2014-03-04T15:54:22","modified_gmt":"2014-03-04T14:54:22","slug":"burgermol","status":"publish","type":"post","link":"https:\/\/blogs.fu-berlin.de\/nederlands\/2014\/03\/07\/burgermol\/","title":{"rendered":"De burgermol en Guusje, het steppeslurfhondje"},"content":{"rendered":"<p>Op het einde van de maand publiceert Van Dale regelmatig een aantal kandidaten voor een Woord van de Maand. Het overzicht, sinds januari 2012, vind je <a href=\"https:\/\/www.vandale.nl\/woord-van-de-maand#.UxWc04XuUzJ\" target=\"_blank\">hier<\/a>.<\/p>\n<p>Het leuke is dat die woorden veel meer zijn dan gewoon nieuwe woorden. Als je doorklikt, krijg je er telkens een verhaal bij. En zo merk je dat nieuwe woorden vaak samenhangen met wat er in Nederland (en in mindere mate ook in Belgi\u00eb) die maand gebeurde.<\/p>\n<p>Kijken we even naar het woord van januari 2014, <em>utopiaan<\/em>.<em> <\/em>De variant met hoofdletter:<\/p>\n<blockquote><p>Een<em> Utopiaan<\/em> is een deelnemer van het programma Utopia, of beter gezegd: een bewoner van Utopia, de locatie waar het programma Utopia wordt opgenomen, waar mensen proberen van scratch af aan een nieuwe, ideale samenleving op te bouwen.<\/p><\/blockquote>\n<p>Wat er in Utopia allemaal gebeurt, kan je ook zonder tv volgen, <a href=\"https:\/\/www.utopiatv.nl\/\" target=\"_blank\">hier<\/a>.<\/p>\n<div style=\"width: 330px\" class=\"wp-caption alignright\"><a href=\"https:\/\/commons.wikimedia.org\/wiki\/File:Steppeslurfhondje_%288373403401%29.jpg\" target=\"_blank\"><img loading=\"lazy\" decoding=\"async\" class=\" \" alt=\"\" src=\"https:\/\/upload.wikimedia.org\/wikipedia\/commons\/thumb\/2\/2e\/Steppeslurfhondje_%288373403401%29.jpg\/320px-Steppeslurfhondje_%288373403401%29.jpg\" width=\"320\" height=\"213\" \/><\/a><p class=\"wp-caption-text\">Steppeslurfhondje (Foto: Tim Strater, CC BY-SA 2.0)<\/p><\/div>\n<p>Niet toevallig is ook het woord <em>utopiaan<\/em>, dus zonder hoofdletter, tegelijk aan een opmars begonnen. Het wordt steeds vaker gebruikt als alternatief voor <a href=\"https:\/\/taalbank.nl\/index.php\/woordvandeweek\/item\/utopiaan-2\" target=\"_blank\">utopist<\/a>. En u kan op de website zelfs lezen waar dat woord dan weer vandaan komt. Achter elk woord verbergt zich een hele wereld. Een overzicht van de woorden leest als een overzicht van thema&#8217;s die de laatste jaren aan bod kwamen.<\/p>\n<p>Niet de woordenboekmakers beslissen wat het woord van de maand wordt. Ze maken wel de lijst voor de mogelijke woorden van februari 2014 <a href=\"https:\/\/www.vandale.nl\/woord-van-de-maand#.UxWsx4XuUzJ\" target=\"_blank\">bekend<\/a>. Dan is het aan de taalgebruiker. En of de <a href=\"https:\/\/www.taalbank.nl\/index.php\/woord-van-de-dag\/item\/burgermol\" target=\"_blank\">burgermol<\/a> het haalt, of Guusje, het o z\u00f3\u00f3\u00f3\u00f3\u00f3 schattige <a href=\"https:\/\/www.taalbank.nl\/index.php\/woord-van-de-dag\/item\/steppeslurfhondje\" target=\"_blank\">steppeslurfhondje<\/a>, mag u dus beslissen. De verkiezing van het woord van februari 2014 is nog open tot 12 maart.<\/p>\n","protected":false},"excerpt":{"rendered":"<p>Op het einde van de maand publiceert Van Dale regelmatig een aantal kandidaten voor een Woord van de Maand. Het overzicht, sinds januari 2012, vind je hier. Het leuke is dat die woorden veel meer zijn dan gewoon nieuwe woorden. Als je doorklikt, krijg je er telkens een verhaal bij. En zo merk je dat [&hellip;]<\/p>\n","protected":false},"author":1839,"featured_media":0,"comment_status":"open","ping_status":"open","sticky":false,"template":"","format":"standard","meta":{"footnotes":""},"categories":[720,6941,6940],"tags":[],"class_list":["post-360","post","type-post","status-publish","format-standard","hentry","category-niederlande","category-wortbildung","category-wortschatz"],"_links":{"self":[{"href":"https:\/\/blogs.fu-berlin.de\/nederlands\/wp-json\/wp\/v2\/posts\/360","targetHints":{"allow":["GET"]}}],"collection":[{"href":"https:\/\/blogs.fu-berlin.de\/nederlands\/wp-json\/wp\/v2\/posts"}],"about":[{"href":"https:\/\/blogs.fu-berlin.de\/nederlands\/wp-json\/wp\/v2\/types\/post"}],"author":[{"embeddable":true,"href":"https:\/\/blogs.fu-berlin.de\/nederlands\/wp-json\/wp\/v2\/users\/1839"}],"replies":[{"embeddable":true,"href":"https:\/\/blogs.fu-berlin.de\/nederlands\/wp-json\/wp\/v2\/comments?post=360"}],"version-history":[{"count":13,"href":"https:\/\/blogs.fu-berlin.de\/nederlands\/wp-json\/wp\/v2\/posts\/360\/revisions"}],"predecessor-version":[{"id":1064,"href":"https:\/\/blogs.fu-berlin.de\/nederlands\/wp-json\/wp\/v2\/posts\/360\/revisions\/1064"}],"wp:attachment":[{"href":"https:\/\/blogs.fu-berlin.de\/nederlands\/wp-json\/wp\/v2\/media?parent=360"}],"wp:term":[{"taxonomy":"category","embeddable":true,"href":"https:\/\/blogs.fu-berlin.de\/nederlands\/wp-json\/wp\/v2\/categories?post=360"},{"taxonomy":"post_tag","embeddable":true,"href":"https:\/\/blogs.fu-berlin.de\/nederlands\/wp-json\/wp\/v2\/tags?post=360"}],"curies":[{"name":"wp","href":"https:\/\/api.w.org\/{rel}","templated":true}]}}