{"id":4014,"date":"2014-07-26T11:03:16","date_gmt":"2014-07-26T09:03:16","guid":{"rendered":"https:\/\/blogs.fu-berlin.de\/nederlands\/?p=4014"},"modified":"2014-07-28T11:06:23","modified_gmt":"2014-07-28T09:06:23","slug":"mh17","status":"publish","type":"post","link":"https:\/\/blogs.fu-berlin.de\/nederlands\/2014\/07\/26\/mh17\/","title":{"rendered":"MH17"},"content":{"rendered":"<div style=\"width: 269px\" class=\"wp-caption alignright\"><a href=\"https:\/\/www.defensie.nl\/actueel\/nieuws\/2014\/07\/25\/derde-eervolle-escorte-voor-slachtoffers-mh17\"><img loading=\"lazy\" decoding=\"async\" class=\"  \" alt=\"\" src=\"https:\/\/www.defensie.nl\/binaries\/small\/content\/gallery\/defensie\/content-afbeeldingen\/actueel\/nieuws\/2014\/07\/24\/kisten.lijkwagens.jpg\" width=\"259\" height=\"173\" \/><\/a><p class=\"wp-caption-text\">Foto: Ministerie van Defensie<\/p><\/div>\n<p>Diese Bilder werden wir so schnell nicht vergessen. Die Medien sprechen immer noch von einer Flugzeug<em>katastrophe<\/em> (<em>een vliegramp<\/em> auf Niederl\u00e4ndisch). Als ginge es um eine Art Naturereignis. Es geht aber um die verheerenden Folgen eines Krieges, angezettelt von Menschen, f\u00fcr die der Abschuss der MH17 &#8222;just a minor incident&#8220; ist, wie der niederl\u00e4ndische Journalist <a href=\"https:\/\/twitter.com\/obk\/status\/492434170191564802\" target=\"_blank\">Olaf Koens<\/a> aus der Ukraine berichtete.<\/p>\n<p>Es sind wohl vor allem die <a href=\"https:\/\/nos.nl\/artikel\/679227-in-beeld-indrukwekkende-terugkeer.html\" target=\"_blank\">Bilder der endlos langen Kolonne von Leichenwagen<\/a>, die sich als Mahnmal gegen den Irrsinn des Kriegs in unser kollektives Ged\u00e4chnis einpr\u00e4gen werden. Auch heute werden wir sie wieder zu sehen bekommen, wenn die vorl\u00e4ufig letzten beiden Maschinen mit 38 S\u00e4rgen aus Charkov in Eindhoven angekommen sind.<\/p>\n<p>Die Niederl\u00e4nder verdienen unser tiefes Mitgef\u00fchl und unseren Respekt f\u00fcr ihren w\u00fcrdevollen Umgang mit den Folgen dieser grauenvollen Tat.<\/p>\n","protected":false},"excerpt":{"rendered":"<p>Diese Bilder werden wir so schnell nicht vergessen. Die Medien sprechen immer noch von einer Flugzeugkatastrophe (een vliegramp auf Niederl\u00e4ndisch). Als ginge es um eine Art Naturereignis. Es geht aber um die verheerenden Folgen eines Krieges, angezettelt von Menschen, f\u00fcr die der Abschuss der MH17 &#8222;just a minor incident&#8220; ist, wie der niederl\u00e4ndische Journalist Olaf [&hellip;]<\/p>\n","protected":false},"author":1127,"featured_media":0,"comment_status":"open","ping_status":"open","sticky":false,"template":"","format":"standard","meta":{"footnotes":""},"categories":[1],"tags":[44141],"class_list":["post-4014","post","type-post","status-publish","format-standard","hentry","category-allgemein","tag-beitraege-auf-deutsch"],"_links":{"self":[{"href":"https:\/\/blogs.fu-berlin.de\/nederlands\/wp-json\/wp\/v2\/posts\/4014","targetHints":{"allow":["GET"]}}],"collection":[{"href":"https:\/\/blogs.fu-berlin.de\/nederlands\/wp-json\/wp\/v2\/posts"}],"about":[{"href":"https:\/\/blogs.fu-berlin.de\/nederlands\/wp-json\/wp\/v2\/types\/post"}],"author":[{"embeddable":true,"href":"https:\/\/blogs.fu-berlin.de\/nederlands\/wp-json\/wp\/v2\/users\/1127"}],"replies":[{"embeddable":true,"href":"https:\/\/blogs.fu-berlin.de\/nederlands\/wp-json\/wp\/v2\/comments?post=4014"}],"version-history":[{"count":9,"href":"https:\/\/blogs.fu-berlin.de\/nederlands\/wp-json\/wp\/v2\/posts\/4014\/revisions"}],"predecessor-version":[{"id":4023,"href":"https:\/\/blogs.fu-berlin.de\/nederlands\/wp-json\/wp\/v2\/posts\/4014\/revisions\/4023"}],"wp:attachment":[{"href":"https:\/\/blogs.fu-berlin.de\/nederlands\/wp-json\/wp\/v2\/media?parent=4014"}],"wp:term":[{"taxonomy":"category","embeddable":true,"href":"https:\/\/blogs.fu-berlin.de\/nederlands\/wp-json\/wp\/v2\/categories?post=4014"},{"taxonomy":"post_tag","embeddable":true,"href":"https:\/\/blogs.fu-berlin.de\/nederlands\/wp-json\/wp\/v2\/tags?post=4014"}],"curies":[{"name":"wp","href":"https:\/\/api.w.org\/{rel}","templated":true}]}}