{"id":4024,"date":"2014-08-05T08:28:51","date_gmt":"2014-08-05T06:28:51","guid":{"rendered":"https:\/\/blogs.fu-berlin.de\/nederlands\/?p=4024"},"modified":"2014-07-28T11:07:25","modified_gmt":"2014-07-28T09:07:25","slug":"bewerbungsschluss-master-niederlaendisch-im-internationalen-kontext","status":"publish","type":"post","link":"https:\/\/blogs.fu-berlin.de\/nederlands\/2014\/08\/05\/bewerbungsschluss-master-niederlaendisch-im-internationalen-kontext\/","title":{"rendered":"Bewerbungsschluss Master &#8218;Niederlandistik im internationalen Kontext&#8216;"},"content":{"rendered":"<p>Sie haben ein Bachelorstudium der Niederlandistik (als Haupt- oder Nebenfach) absolviert? Auch wenn Sie das Zeugnis noch nicht in H\u00e4nden halten, k\u00f6nnen Sie sich jetzt f\u00fcr unseren Masterstudiengang <em>Niederlandistik im internationalen Kontext<\/em> bewerben. Aber nicht mehr lange: die <strong>Bewerbungsfrist endet am 15. August<\/strong>.<\/p>\n<p>Wir haben <a href=\"https:\/\/blogs.fu-berlin.de\/nederlands\/2014\/07\/18\/nederlands-studeren-in-berlijn-nieuw-masterprogramma\/\" target=\"_blank\">neulich hier<\/a> schon ausf\u00fchrlicher \u00fcber diesen spannenden neuen Studiengang berichtet. Jetzt ist es an Ihnen. Kommen Sie nach Berlin. Wir freuen uns auf Sie!<\/p>\n<p>Weitere Infos zum Studiengang und zu den Bewerbungsmodalit\u00e4ten:<\/p>\n<ul>\n<li>auf der <a href=\"https:\/\/www.fu-berlin.de\/studium\/studienangebot\/master\/niederlandistik_im_internationalen_kontext\/index.html\" target=\"_blank\">Infoseite der Freien Universit\u00e4t<\/a> und<\/li>\n<li>auf der <a href=\"https:\/\/www.geisteswissenschaften.fu-berlin.de\/we04\/niederlandistik\/index.html\" target=\"_blank\">Website der FU-Niederlandistik<\/a>.<\/li>\n<\/ul>\n","protected":false},"excerpt":{"rendered":"<p>Sie haben ein Bachelorstudium der Niederlandistik (als Haupt- oder Nebenfach) absolviert? Auch wenn Sie das Zeugnis noch nicht in H\u00e4nden halten, k\u00f6nnen Sie sich jetzt f\u00fcr unseren Masterstudiengang Niederlandistik im internationalen Kontext bewerben. Aber nicht mehr lange: die Bewerbungsfrist endet am 15. August. Wir haben neulich hier schon ausf\u00fchrlicher \u00fcber diesen spannenden neuen Studiengang berichtet. [&hellip;]<\/p>\n","protected":false},"author":1127,"featured_media":0,"comment_status":"open","ping_status":"open","sticky":false,"template":"","format":"standard","meta":{"footnotes":""},"categories":[1],"tags":[],"class_list":["post-4024","post","type-post","status-publish","format-standard","hentry","category-allgemein"],"_links":{"self":[{"href":"https:\/\/blogs.fu-berlin.de\/nederlands\/wp-json\/wp\/v2\/posts\/4024","targetHints":{"allow":["GET"]}}],"collection":[{"href":"https:\/\/blogs.fu-berlin.de\/nederlands\/wp-json\/wp\/v2\/posts"}],"about":[{"href":"https:\/\/blogs.fu-berlin.de\/nederlands\/wp-json\/wp\/v2\/types\/post"}],"author":[{"embeddable":true,"href":"https:\/\/blogs.fu-berlin.de\/nederlands\/wp-json\/wp\/v2\/users\/1127"}],"replies":[{"embeddable":true,"href":"https:\/\/blogs.fu-berlin.de\/nederlands\/wp-json\/wp\/v2\/comments?post=4024"}],"version-history":[{"count":5,"href":"https:\/\/blogs.fu-berlin.de\/nederlands\/wp-json\/wp\/v2\/posts\/4024\/revisions"}],"predecessor-version":[{"id":4038,"href":"https:\/\/blogs.fu-berlin.de\/nederlands\/wp-json\/wp\/v2\/posts\/4024\/revisions\/4038"}],"wp:attachment":[{"href":"https:\/\/blogs.fu-berlin.de\/nederlands\/wp-json\/wp\/v2\/media?parent=4024"}],"wp:term":[{"taxonomy":"category","embeddable":true,"href":"https:\/\/blogs.fu-berlin.de\/nederlands\/wp-json\/wp\/v2\/categories?post=4024"},{"taxonomy":"post_tag","embeddable":true,"href":"https:\/\/blogs.fu-berlin.de\/nederlands\/wp-json\/wp\/v2\/tags?post=4024"}],"curies":[{"name":"wp","href":"https:\/\/api.w.org\/{rel}","templated":true}]}}