{"id":4326,"date":"2015-02-26T10:00:54","date_gmt":"2015-02-26T09:00:54","guid":{"rendered":"https:\/\/blogs.fu-berlin.de\/nederlands\/?p=4326"},"modified":"2015-02-23T14:28:18","modified_gmt":"2015-02-23T13:28:18","slug":"muziek","status":"publish","type":"post","link":"https:\/\/blogs.fu-berlin.de\/nederlands\/2015\/02\/26\/muziek\/","title":{"rendered":"Muziek"},"content":{"rendered":"<div style=\"width: 194px\" class=\"wp-caption alignright\"><a href=\"https:\/\/commons.wikimedia.org\/wiki\/File:Emoji_u1f3b6.svg\" target=\"_blank\"><img loading=\"lazy\" decoding=\"async\" src=\"https:\/\/upload.wikimedia.org\/wikipedia\/commons\/thumb\/1\/1b\/Emoji_u1f3b6.svg\/240px-Emoji_u1f3b6.svg.png\" alt=\"\" width=\"184\" height=\"184\" \/><\/a><p class=\"wp-caption-text\">Muziek (Google)<\/p><\/div>\n<p><a href=\"https:\/\/blogs.fu-berlin.de\/nederlands\/author\/dpvn\/\" target=\"_blank\">Janneke Diepeveen<\/a> is niet meer aan ons instituut verbonden. Zij is <strong>met de muziek mee<\/strong>! Dit wordt eigenlijk gezegd van mensen die zich aan verplichtingen onttrekken; in dit speciale geval is deze opmerking dus volkomen misplaatst (<em>fehl am Platz<\/em>), evenals <em>zij is <a href=\"https:\/\/blogs.fu-berlin.de\/nederlands\/2014\/09\/30\/pleite\/\" target=\"_blank\">pleite<\/a><\/em> overigens. Ik zou mijn ongenoegen over haar vertrek op een sympathiekere manier kunnen uitdrukken: <a href=\"https:\/\/blogs.fu-berlin.de\/nederlands\/2014\/06\/28\/hier-mist-een-linguist\/\" target=\"_blank\">zij mist<\/a>! Maar dat is weer geen goed Nederlands, als u begrijpt wat ik bedoel.<\/p>\n<p>Er zijn ook mensen die <strong>voor de muziek uit lopen <\/strong>(<em>voreilig handeln, etwas \u00fcberst\u00fcrzen<\/em>). Zo zijn mijn collega&#8217;s niet. Zij gaan niet over \u00e9\u00e9n nacht ijs (<em>nichts \u00fcberst\u00fcrzen<\/em>), zij plannen een excursie naar Belgi\u00eb lang van tevoren (<em><span class=\"f0f\"><span class=\"f0j\"><span class=\"f3 f0g\"><span class=\"f0\"><span class=\"fr\">im Voraus<\/span><\/span><\/span><\/span><\/span><\/em>) en bereiden de reis samen met de studenten in een projectcollege voor. Dat is een werkwijze waar <strong>muziek in zit<\/strong><em>, <\/em>die <em>vielversprechend<\/em> is<em>.<\/em><\/p>\n<p>Rechtsboven ziet u muzieknoten. Hebt u ook zo&#8217;n hekel aan die buurman die <strong>veel noten op zijn zang<\/strong> heeft? (<em>gro\u00dfe T\u00f6ne spucken<\/em>)<br \/>\nDe <em>Freie Universit\u00e4t Berlin<\/em> behoort tot de Duitse hogescholen die zich <em>excellent<\/em> mogen noemen en zij maakt met de titel <em>Eliteuniversit\u00e4t<\/em> natuurlijk ook goede sier. Met andere woorden: ze heeft <strong>veel noten op haar zang<\/strong> &#8211; te veel?<\/p>\n<div style=\"width: 259px\" class=\"wp-caption alignleft\"><a href=\"https:\/\/commons.wikimedia.org\/wiki\/File:Krijtjes_en_spons.JPG\" target=\"_blank\"><img loading=\"lazy\" decoding=\"async\" class=\"\" src=\"https:\/\/upload.wikimedia.org\/wikipedia\/commons\/thumb\/f\/f9\/Krijtjes_en_spons.JPG\/320px-Krijtjes_en_spons.JPG\" alt=\"\" width=\"249\" height=\"98\" \/><\/a><p class=\"wp-caption-text\">Krijtjes (Onderwijsgek, CC-BY-SA-3.0)<\/p><\/div>\n<p>Wij staan namelijk vaak college te geven voor een ouwerwets bord (<em>Tafel<\/em>) met een krijtje in de hand. Voor een <a href=\"https:\/\/taaladvies.net\/taal\/advies\/vraag\/1296\/powerpointpresentatie_powerpointpresentatie_powerpointpresentatie_powerpointpresentatie_powerpointpresentatie\/\" target=\"_blank\">powerpointpresentatie<\/a> moeten we beamer, laptop, verlengsnoer, stekkerdoos en luidsprekerboxjes zelf meezeulen (<em>mitschleppen<\/em>). Hangt er in de collegezaal wel een beamer onder het plafond (<em>Decke<\/em>), moet de docent op een tafel klimmen om hem aan te zetten: een afstandsbediening is er niet.<br \/>\nHet zou onze alma mater goed staan <strong>een toontje lager<\/strong> te <strong>zingen<\/strong> (<em>kleinere Br\u00f6tchen backen<\/em>), denk ik wel eens.<\/p>\n","protected":false},"excerpt":{"rendered":"<p>Janneke Diepeveen is niet meer aan ons instituut verbonden. Zij is met de muziek mee! Dit wordt eigenlijk gezegd van mensen die zich aan verplichtingen onttrekken; in dit speciale geval is deze opmerking dus volkomen misplaatst (fehl am Platz), evenals zij is pleite overigens. Ik zou mijn ongenoegen over haar vertrek op een sympathiekere manier [&hellip;]<\/p>\n","protected":false},"author":1834,"featured_media":0,"comment_status":"open","ping_status":"open","sticky":false,"template":"","format":"standard","meta":{"footnotes":""},"categories":[23484,3099,6940],"tags":[],"class_list":["post-4326","post","type-post","status-publish","format-standard","hentry","category-idiom","category-sprachvergleich","category-wortschatz"],"_links":{"self":[{"href":"https:\/\/blogs.fu-berlin.de\/nederlands\/wp-json\/wp\/v2\/posts\/4326","targetHints":{"allow":["GET"]}}],"collection":[{"href":"https:\/\/blogs.fu-berlin.de\/nederlands\/wp-json\/wp\/v2\/posts"}],"about":[{"href":"https:\/\/blogs.fu-berlin.de\/nederlands\/wp-json\/wp\/v2\/types\/post"}],"author":[{"embeddable":true,"href":"https:\/\/blogs.fu-berlin.de\/nederlands\/wp-json\/wp\/v2\/users\/1834"}],"replies":[{"embeddable":true,"href":"https:\/\/blogs.fu-berlin.de\/nederlands\/wp-json\/wp\/v2\/comments?post=4326"}],"version-history":[{"count":51,"href":"https:\/\/blogs.fu-berlin.de\/nederlands\/wp-json\/wp\/v2\/posts\/4326\/revisions"}],"predecessor-version":[{"id":7099,"href":"https:\/\/blogs.fu-berlin.de\/nederlands\/wp-json\/wp\/v2\/posts\/4326\/revisions\/7099"}],"wp:attachment":[{"href":"https:\/\/blogs.fu-berlin.de\/nederlands\/wp-json\/wp\/v2\/media?parent=4326"}],"wp:term":[{"taxonomy":"category","embeddable":true,"href":"https:\/\/blogs.fu-berlin.de\/nederlands\/wp-json\/wp\/v2\/categories?post=4326"},{"taxonomy":"post_tag","embeddable":true,"href":"https:\/\/blogs.fu-berlin.de\/nederlands\/wp-json\/wp\/v2\/tags?post=4326"}],"curies":[{"name":"wp","href":"https:\/\/api.w.org\/{rel}","templated":true}]}}