{"id":4922,"date":"2014-09-24T11:30:31","date_gmt":"2014-09-24T09:30:31","guid":{"rendered":"https:\/\/blogs.fu-berlin.de\/nederlands\/?p=4922"},"modified":"2015-06-21T23:40:37","modified_gmt":"2015-06-21T21:40:37","slug":"eine-hauptstadt-nassauert","status":"publish","type":"post","link":"https:\/\/blogs.fu-berlin.de\/nederlands\/2014\/09\/24\/eine-hauptstadt-nassauert\/","title":{"rendered":"Eine Hauptstadt nassauert"},"content":{"rendered":"<div style=\"width: 176px\" class=\"wp-caption alignright\"><a href=\"https:\/\/nl.wikipedia.org\/wiki\/Huis_Nassau\" target=\"_blank\"><img loading=\"lazy\" decoding=\"async\" class=\"  \" src=\"https:\/\/upload.wikimedia.org\/wikipedia\/commons\/e\/ea\/Wapen_nassau1.PNG\" alt=\"\" width=\"166\" height=\"200\" \/><\/a><p class=\"wp-caption-text\">Wappen des Hauses Nassau (Foto: JohanIV, PD)<\/p><\/div>\n<p>Das deutsche Verb <i>nassauern<\/i> d\u00fcrfte im Sprachgebrauch eher auf dem absteigenden Ast sein (<i>op zijn retour zijn<\/i> \u2013 im Niederl\u00e4ndischen ohne Pflanzenbezug). Dem etymologischen W\u00f6rterbuch zufolge geht <i>nassauern <\/i>zur\u00fcck auf<i> nass<\/i>, aber nicht etwa im Sinne von <i>feucht<\/i>. Fr\u00fcher hatte <i>nass<\/i> auch die Bedeutung von \u201earm, ohne Geld, umsonst\u201c, so sagt es der Kluge und f\u00fcgt hinzu, das Verb <i>nassauern<\/i> sei eine \u201eScherzbildung zum Ortsnamen Nassau\u201c. Wer nassauert, der lebt auf Kosten anderer, ist also ein Parasit oder Schmarotzer. Was genau das mit dem St\u00e4dtchen Nassau an der Lahn zu tun hat, l\u00e4sst sich wohl nicht erkl\u00e4ren, ohne sich dessen Einwohner zum Feind zu machen.<\/p>\n<p><i>Laten we nu van de hak op de tak springen<\/i> (vom Hundertsten ins Tausendste kommen \u2013 hier bringt das Niederl\u00e4ndische nun doch den sprichw\u00f6rtlichen Ast unter). Dass das niederl\u00e4ndische K\u00f6nigshaus der Nassauer auf Kosten anderer lebt, mag volkswirtschaftlich gesehen vielleicht stimmen. Ein solcher Vorwurf kommt aber in der Regel nur sehr eingefleischten Monarchiekritikern \u00fcber die Lippen.<\/p>\n<div id=\"attachment_4936\" style=\"width: 210px\" class=\"wp-caption alignleft\"><a href=\"https:\/\/blogs.fu-berlin.de\/nederlands\/files\/2015\/09\/AutoNassau.jpg\" target=\"_blank\"><img loading=\"lazy\" decoding=\"async\" aria-describedby=\"caption-attachment-4936\" class=\" wp-image-4936   \" title=\"Auto in Nassau (Foto: PK)\" src=\"https:\/\/blogs.fu-berlin.de\/nederlands\/files\/2015\/09\/AutoNassau-300x168.jpg\" alt=\"\" width=\"200\" height=\"112\" srcset=\"https:\/\/blogs.fu-berlin.de\/nederlands\/files\/2015\/09\/AutoNassau-300x168.jpg 300w, https:\/\/blogs.fu-berlin.de\/nederlands\/files\/2015\/09\/AutoNassau-1024x575.jpg 1024w, https:\/\/blogs.fu-berlin.de\/nederlands\/files\/2015\/09\/AutoNassau.jpg 2048w\" sizes=\"auto, (max-width: 200px) 100vw, 200px\" \/><\/a><p id=\"caption-attachment-4936\" class=\"wp-caption-text\">Auto in Nassau (Foto: PK)<\/p><\/div>\n<p>Tats\u00e4chlich haben die Nassauer ihren Namen sogar sehr gro\u00dfz\u00fcgig zur Verf\u00fcgung gestellt. Nicht nur musste das Residenzst\u00e4dtchen Nassau als Stammsitz einer adligen Familie sein Toponym hergeben, um den Herrschergeschlechtern mehrerer europ\u00e4ischer L\u00e4nder zur Identifikation zu verhelfen \u2013 neben den Niederl\u00e4ndern etwa auch den Luxemburgern. Zus\u00e4tzlich \u00fcbertrugen die niederl\u00e4ndischen Monarchen den Namen auch auf die Siedlung, welche sp\u00e4ter einmal Hauptstadt der Bahamas werden sollte: Nassau. Ausnahmsweise hat dies nichts mit der niederl\u00e4ndischen Kolonialgeschichte in der Karibik zu tun, denn die Bahamas waren vor ihrer Unabh\u00e4ngigkeit fast durchgehend britisch. Die Briten jedoch hatten im 17. Jahrhundert mit Wilhelm III. einen niederl\u00e4ndischen Nassauer zum K\u00f6nig, dem zu Ehren die Hauptstadt der Kolonie benannt wurde.<\/p>\n<p>Den Landesnamen durften dagegen die Spanier stiften, die in den umliegenden Gew\u00e4ssern so ihre Schwierigkeiten mit der Navigation hatten und es <i>baja mar<\/i>, also \u201eflaches Meer\u201c tauften. Die ebenfalls landschaftlich benannten <i>niederen Lande<\/i> hatten dabei nichts zu melden.<\/p>\n","protected":false},"excerpt":{"rendered":"<p>Das deutsche Verb nassauern d\u00fcrfte im Sprachgebrauch eher auf dem absteigenden Ast sein (op zijn retour zijn \u2013 im Niederl\u00e4ndischen ohne Pflanzenbezug). Dem etymologischen W\u00f6rterbuch zufolge geht nassauern zur\u00fcck auf nass, aber nicht etwa im Sinne von feucht. Fr\u00fcher hatte nass auch die Bedeutung von \u201earm, ohne Geld, umsonst\u201c, so sagt es der Kluge und [&hellip;]<\/p>\n","protected":false},"author":2044,"featured_media":0,"comment_status":"open","ping_status":"open","sticky":false,"template":"","format":"standard","meta":{"footnotes":""},"categories":[10102,1207,720],"tags":[44141,44150],"class_list":["post-4922","post","type-post","status-publish","format-standard","hentry","category-etymologie","category-karibik","category-niederlande","tag-beitraege-auf-deutsch","tag-royalty"],"_links":{"self":[{"href":"https:\/\/blogs.fu-berlin.de\/nederlands\/wp-json\/wp\/v2\/posts\/4922","targetHints":{"allow":["GET"]}}],"collection":[{"href":"https:\/\/blogs.fu-berlin.de\/nederlands\/wp-json\/wp\/v2\/posts"}],"about":[{"href":"https:\/\/blogs.fu-berlin.de\/nederlands\/wp-json\/wp\/v2\/types\/post"}],"author":[{"embeddable":true,"href":"https:\/\/blogs.fu-berlin.de\/nederlands\/wp-json\/wp\/v2\/users\/2044"}],"replies":[{"embeddable":true,"href":"https:\/\/blogs.fu-berlin.de\/nederlands\/wp-json\/wp\/v2\/comments?post=4922"}],"version-history":[{"count":9,"href":"https:\/\/blogs.fu-berlin.de\/nederlands\/wp-json\/wp\/v2\/posts\/4922\/revisions"}],"predecessor-version":[{"id":9287,"href":"https:\/\/blogs.fu-berlin.de\/nederlands\/wp-json\/wp\/v2\/posts\/4922\/revisions\/9287"}],"wp:attachment":[{"href":"https:\/\/blogs.fu-berlin.de\/nederlands\/wp-json\/wp\/v2\/media?parent=4922"}],"wp:term":[{"taxonomy":"category","embeddable":true,"href":"https:\/\/blogs.fu-berlin.de\/nederlands\/wp-json\/wp\/v2\/categories?post=4922"},{"taxonomy":"post_tag","embeddable":true,"href":"https:\/\/blogs.fu-berlin.de\/nederlands\/wp-json\/wp\/v2\/tags?post=4922"}],"curies":[{"name":"wp","href":"https:\/\/api.w.org\/{rel}","templated":true}]}}