{"id":4938,"date":"2014-09-24T10:00:15","date_gmt":"2014-09-24T08:00:15","guid":{"rendered":"https:\/\/blogs.fu-berlin.de\/nederlands\/?p=4938"},"modified":"2014-09-24T10:44:24","modified_gmt":"2014-09-24T08:44:24","slug":"neuerungen-in-unserem-blog","status":"publish","type":"post","link":"https:\/\/blogs.fu-berlin.de\/nederlands\/2014\/09\/24\/neuerungen-in-unserem-blog\/","title":{"rendered":"Neuerungen in unserem Blog"},"content":{"rendered":"<p>Liebe Leserinnen und Leser,<\/p>\n<p>ab heute haben unsere <em>Beobachtungen zur niederl\u00e4ndischen Sprache<\/em> einen neuen Beobachter. Philipp Kr\u00e4mer ist seit dem 1. September als wissenschaftlicher Mitarbeiter an unserem Institut t\u00e4tig. Als gelernter Romanist verst\u00e4rkt er unser Team mit Forschungsschwerpunkten im Bereich der Soziolinguistik und der Kreolistik. Mehr Informationen zu seiner Person finden Sie auf seiner <a href=\"https:\/\/neon.niederlandistik.fu-berlin.de\/kraemer\" target=\"_blank\">Mitarbeiterseite<\/a> auf NEON. In seinem ersten Beitrag zu unserem Blog besch\u00e4ftigt er sich mit den Nassauern.<\/p>\n<p>Bei dieser Gelegenheit m\u00f6chte ich Sie auch gerne darauf hinweisen, dass wir seit einigen Tagen eine weitere Neuerung haben. Unter den Blog-Beitr\u00e4gen gibt es jetzt die M\u00f6glichkeit, diese zu &#8218;liken&#8216; oder weiter zu empfehlen. Es w\u00fcrde uns freuen, wenn Sie davon regen Gebrauch machen.<\/p>\n","protected":false},"excerpt":{"rendered":"<p>Liebe Leserinnen und Leser, ab heute haben unsere Beobachtungen zur niederl\u00e4ndischen Sprache einen neuen Beobachter. Philipp Kr\u00e4mer ist seit dem 1. September als wissenschaftlicher Mitarbeiter an unserem Institut t\u00e4tig. Als gelernter Romanist verst\u00e4rkt er unser Team mit Forschungsschwerpunkten im Bereich der Soziolinguistik und der Kreolistik. Mehr Informationen zu seiner Person finden Sie auf seiner Mitarbeiterseite [&hellip;]<\/p>\n","protected":false},"author":1127,"featured_media":0,"comment_status":"open","ping_status":"open","sticky":false,"template":"","format":"standard","meta":{"footnotes":""},"categories":[1],"tags":[],"class_list":["post-4938","post","type-post","status-publish","format-standard","hentry","category-allgemein"],"_links":{"self":[{"href":"https:\/\/blogs.fu-berlin.de\/nederlands\/wp-json\/wp\/v2\/posts\/4938","targetHints":{"allow":["GET"]}}],"collection":[{"href":"https:\/\/blogs.fu-berlin.de\/nederlands\/wp-json\/wp\/v2\/posts"}],"about":[{"href":"https:\/\/blogs.fu-berlin.de\/nederlands\/wp-json\/wp\/v2\/types\/post"}],"author":[{"embeddable":true,"href":"https:\/\/blogs.fu-berlin.de\/nederlands\/wp-json\/wp\/v2\/users\/1127"}],"replies":[{"embeddable":true,"href":"https:\/\/blogs.fu-berlin.de\/nederlands\/wp-json\/wp\/v2\/comments?post=4938"}],"version-history":[{"count":1,"href":"https:\/\/blogs.fu-berlin.de\/nederlands\/wp-json\/wp\/v2\/posts\/4938\/revisions"}],"predecessor-version":[{"id":4939,"href":"https:\/\/blogs.fu-berlin.de\/nederlands\/wp-json\/wp\/v2\/posts\/4938\/revisions\/4939"}],"wp:attachment":[{"href":"https:\/\/blogs.fu-berlin.de\/nederlands\/wp-json\/wp\/v2\/media?parent=4938"}],"wp:term":[{"taxonomy":"category","embeddable":true,"href":"https:\/\/blogs.fu-berlin.de\/nederlands\/wp-json\/wp\/v2\/categories?post=4938"},{"taxonomy":"post_tag","embeddable":true,"href":"https:\/\/blogs.fu-berlin.de\/nederlands\/wp-json\/wp\/v2\/tags?post=4938"}],"curies":[{"name":"wp","href":"https:\/\/api.w.org\/{rel}","templated":true}]}}