{"id":6189,"date":"2014-12-06T20:47:08","date_gmt":"2014-12-06T19:47:08","guid":{"rendered":"https:\/\/blogs.fu-berlin.de\/nederlands\/?p=6189"},"modified":"2015-06-21T21:11:50","modified_gmt":"2015-06-21T19:11:50","slug":"drei-belgische-koeniginnen-und-zwei-belgische-koenige","status":"publish","type":"post","link":"https:\/\/blogs.fu-berlin.de\/nederlands\/2014\/12\/06\/drei-belgische-koeniginnen-und-zwei-belgische-koenige\/","title":{"rendered":"Drei belgische K\u00f6niginnen und zwei belgische K\u00f6nige"},"content":{"rendered":"<p>Bis vor Kurzem gab es drei belgische K\u00f6niginnen gleichzeitig: Fabiola, Paola und Mathilde. Man k\u00f6nnte meinen, das sei eine typisch belgische L\u00f6sung: vielleicht eine f\u00fcr Flandern, eine f\u00fcr Wallonien, eine f\u00fcr Br\u00fcssel (oder die deutschsprachige Gemeinschaft). Aber so simpel ist es nicht.<\/p>\n<p>Die Unterscheidung ist eine der weitreichenden Nuancen. Die Ehefrau des regierenden K\u00f6nigs ist die <em>K\u00f6nigin der Belgier<\/em>, ebenso wie ihr Mann <em>K\u00f6nig der Belgier<\/em> (<em>Koning der Belgen \/ Roi des Belges<\/em>) ist. Er ist also, sprachlich und auch verfassungsphilosophisch gesehen, das Oberhaupt des belgischen Volkes. Paola, die Ehefrau des im letzten Jahr abgetretenen Albert II., darf sich dennoch weiterhin <em>K\u00f6nigin <\/em>nennen.<\/p>\n<div style=\"width: 168px\" class=\"wp-caption alignright\"><a href=\"https:\/\/de.wikipedia.org\/wiki\/Fabiola_Mora_y_Arag%C3%B3n\" target=\"_blank\"><img loading=\"lazy\" decoding=\"async\" class=\" \" src=\"https:\/\/upload.wikimedia.org\/wikipedia\/commons\/7\/79\/Fabiola_of_Belgium_1969.jpg\" alt=\"\" width=\"158\" height=\"266\" \/><\/a><p class=\"wp-caption-text\">Fabiola im Jahr 1969, als sie noch K\u00f6nigin der Belgier war. (Foto: Karl H. Schumacher, PD)<\/p><\/div>\n<p>Dieselbe Bezeichnung f\u00fchrte Fabiola, die Witwe des verstorbenen Baudoin \/ Boudewijn. Gelegentlich liest man f\u00fcr Fabiola oder Paola den Begriff <em>K\u00f6nigin von Belgien.\u00a0<\/em>Dies kann man auf zweierlei Art deuten: \u00dcblicherweise w\u00fcrde man erwarten, dass dieses\u00a0<em>von<\/em> ungef\u00e4hr <em>Herrschaft \u00fcber <\/em>bedeutet. Schlie\u00dflich war Beatrix auch <em>Koningin der Nederlanden<\/em> und nicht <em>Koningin der Nederlanders<\/em>.<\/p>\n<p>Genau dies ist aber in Belgien nicht der Fall. Eher muss man das\u00a0<em>von<\/em> lesen als <em>in <\/em>oder <em>durch<\/em>: Das Land gew\u00e4hrt den ehemaligen K\u00f6nigsgattinnen das Recht, sich weiterhin <em>K\u00f6nigin<\/em> zu nennen, sozusagen als <em>K\u00f6nigin von Belgiens Gnaden. <\/em>Im Land selbst vermeidet man das Verwirrungsrisiko und spricht einfach von <em>Koningin Fabiola <\/em>oder <em>Reine Paola<\/em>. Googelt man <em>Koningin van Belgi\u00eb<\/em>, dann findet man haupts\u00e4chlich Quellen aus den Niederlanden.<\/p>\n<p>Am 05.12.2014 ist Fabiola im Alter von 86 Jahren <a href=\"https:\/\/www.demorgen.be\/binnenland\/koningin-fabiola-86-is-overleden-a2143073\/\" target=\"_blank\">gestorben<\/a>. Sie galt als konservative, aber auch <a href=\"https:\/\/twitter.com\/GoedeleWachters\/status\/540934484867428352\/photo\/1\" target=\"_blank\">humorvolle<\/a> Monarchengattin. Nun bleibt also eine <em>K\u00f6nigin der Belgier<\/em> und eine <em>K\u00f6nigin von Belgien. <\/em>Wem das zu wenig ist, m\u00f6ge sich daran erfreuen, dass es auch zwei K\u00f6nige gibt. Filip \/ Philippe ist, wie erw\u00e4hnt, als Staatsoberhaupt <em>K\u00f6nig der Belgier<\/em>. Sein Vater Albert II. darf sich ebenfalls <a href=\"https:\/\/deredactie.be\/cm\/vrtnieuws\/binnenland\/1.1668827\" target=\"_blank\">weiterhin <em>K\u00f6nig<\/em> nennen<\/a>, allerdings ist ihm genau wie seiner Gattin das Volk im Namen abhanden gekommen.<br \/>\nSollte dies Albert traurig stimmen, kann er sich mit einer weiteren grammatischen Spitzfindigkeit tr\u00f6sten. Sein Sohn, f\u00fcr den er auf den Thron verzichtete, regiert bei besonders strenger Genus-Sexus-Auslegung nur die H\u00e4lfte des Volks. Einen <em>K\u00f6nig der Belgierinnen <\/em>(<em>Koning der Belgischen<\/em>) gab es bisher noch nie. Angesichts der breiten Auswahl von Alt-K\u00f6nigen und -K\u00f6niginnen w\u00e4re auch das sicher ein attraktiver Ersatztitel f\u00fcr den Ruhestand. Nur aus frankophoner Perspektive gibt der Titel wenig her: Als <em>Roi des Belges<\/em> w\u00e4re er n\u00e4mlich formgleich mit dem Titel des aktuellen Herrschers. Ist das K\u00f6nigspaar am Ende auf Franz\u00f6sisch geschlechtergerecht, auf Niederl\u00e4ndisch und Deutsch aber nicht?<\/p>\n","protected":false},"excerpt":{"rendered":"<p>Bis vor Kurzem gab es drei belgische K\u00f6niginnen gleichzeitig: Fabiola, Paola und Mathilde. Man k\u00f6nnte meinen, das sei eine typisch belgische L\u00f6sung: vielleicht eine f\u00fcr Flandern, eine f\u00fcr Wallonien, eine f\u00fcr Br\u00fcssel (oder die deutschsprachige Gemeinschaft). Aber so simpel ist es nicht. Die Unterscheidung ist eine der weitreichenden Nuancen. Die Ehefrau des regierenden K\u00f6nigs ist [&hellip;]<\/p>\n","protected":false},"author":2044,"featured_media":0,"comment_status":"open","ping_status":"open","sticky":false,"template":"","format":"standard","meta":{"footnotes":""},"categories":[2983,6940],"tags":[44141,44150],"class_list":["post-6189","post","type-post","status-publish","format-standard","hentry","category-belgien","category-wortschatz","tag-beitraege-auf-deutsch","tag-royalty"],"_links":{"self":[{"href":"https:\/\/blogs.fu-berlin.de\/nederlands\/wp-json\/wp\/v2\/posts\/6189","targetHints":{"allow":["GET"]}}],"collection":[{"href":"https:\/\/blogs.fu-berlin.de\/nederlands\/wp-json\/wp\/v2\/posts"}],"about":[{"href":"https:\/\/blogs.fu-berlin.de\/nederlands\/wp-json\/wp\/v2\/types\/post"}],"author":[{"embeddable":true,"href":"https:\/\/blogs.fu-berlin.de\/nederlands\/wp-json\/wp\/v2\/users\/2044"}],"replies":[{"embeddable":true,"href":"https:\/\/blogs.fu-berlin.de\/nederlands\/wp-json\/wp\/v2\/comments?post=6189"}],"version-history":[{"count":15,"href":"https:\/\/blogs.fu-berlin.de\/nederlands\/wp-json\/wp\/v2\/posts\/6189\/revisions"}],"predecessor-version":[{"id":7259,"href":"https:\/\/blogs.fu-berlin.de\/nederlands\/wp-json\/wp\/v2\/posts\/6189\/revisions\/7259"}],"wp:attachment":[{"href":"https:\/\/blogs.fu-berlin.de\/nederlands\/wp-json\/wp\/v2\/media?parent=6189"}],"wp:term":[{"taxonomy":"category","embeddable":true,"href":"https:\/\/blogs.fu-berlin.de\/nederlands\/wp-json\/wp\/v2\/categories?post=6189"},{"taxonomy":"post_tag","embeddable":true,"href":"https:\/\/blogs.fu-berlin.de\/nederlands\/wp-json\/wp\/v2\/tags?post=6189"}],"curies":[{"name":"wp","href":"https:\/\/api.w.org\/{rel}","templated":true}]}}