{"id":6439,"date":"2014-12-30T10:08:32","date_gmt":"2014-12-30T09:08:32","guid":{"rendered":"https:\/\/blogs.fu-berlin.de\/nederlands\/?p=6439"},"modified":"2014-12-23T12:09:19","modified_gmt":"2014-12-23T11:09:19","slug":"das-erste-jahr","status":"publish","type":"post","link":"https:\/\/blogs.fu-berlin.de\/nederlands\/2014\/12\/30\/das-erste-jahr\/","title":{"rendered":"Das erste Jahr"},"content":{"rendered":"<p>Genau ein Jahr gibt es unseren Blog mit <em>Beobachtungen zur niederl\u00e4ndischen Sprache<\/em> jetzt. Ein kleines Jubil\u00e4um, das wir aber nicht unbemerkt verstreichen lassen wollen. Zumal es nicht nur Anlass zur Freude ist, sondern auch ein Moment des Abschieds: <strong><a title=\"Homepage von Janneke Diepeveen\" href=\"https:\/\/neon.niederlandistik.fu-berlin.de\/diepeveen\/\" target=\"_blank\">Janneke Diepeveen<\/a> <\/strong>verl\u00e4sst uns zum 1.1.2015. Acht Jahre war sie bei uns an der FU-Niederlandistik t\u00e4tig, zun\u00e4chst als wissenschaftliche Mitarbeiterin, dann als Mitarbeiterin f\u00fcr <a title=\"Website des Dutch++-Projekts\" href=\"https:\/\/dutchplusplus.ned.univie.ac.at\/\" target=\"_blank\">Dutch++<\/a>, einem Kooperationsprojekt zur sprachlichen Variation im Niederl\u00e4ndischen. Dieses Projekt geht jetzt zuende und mit ihm die FU-Zeit von Janneke.<\/p>\n<p>Leser\/innen dieser Seiten kennen Janneke als begnadete Bloggerin, die mit ihren originellen und informativen <a title=\"Die Beitr\u00e4ge von Janneke Diepeveen\" href=\"https:\/\/blogs.fu-berlin.de\/nederlands\/author\/dpvn\/\">Texten<\/a> ganz wesentlich dazu beigetragen hat, dass unser Blog sich im vergangenen Jahr zu einem sehr ansehnlichen Projekt gemausert hat (finde ich). Unser Blog l\u00e4uft einfach weiter, aber f\u00fcr Janneke bricht jetzt eine neue, spannende Phase ihrer beruflichen Laufbahn an. Wir w\u00fcnschen ihr daf\u00fcr alles Gute!<\/p>\n","protected":false},"excerpt":{"rendered":"<p>Genau ein Jahr gibt es unseren Blog mit Beobachtungen zur niederl\u00e4ndischen Sprache jetzt. Ein kleines Jubil\u00e4um, das wir aber nicht unbemerkt verstreichen lassen wollen. Zumal es nicht nur Anlass zur Freude ist, sondern auch ein Moment des Abschieds: Janneke Diepeveen verl\u00e4sst uns zum 1.1.2015. Acht Jahre war sie bei uns an der FU-Niederlandistik t\u00e4tig, zun\u00e4chst [&hellip;]<\/p>\n","protected":false},"author":1127,"featured_media":0,"comment_status":"open","ping_status":"open","sticky":false,"template":"","format":"standard","meta":{"footnotes":""},"categories":[1],"tags":[],"class_list":["post-6439","post","type-post","status-publish","format-standard","hentry","category-allgemein"],"_links":{"self":[{"href":"https:\/\/blogs.fu-berlin.de\/nederlands\/wp-json\/wp\/v2\/posts\/6439","targetHints":{"allow":["GET"]}}],"collection":[{"href":"https:\/\/blogs.fu-berlin.de\/nederlands\/wp-json\/wp\/v2\/posts"}],"about":[{"href":"https:\/\/blogs.fu-berlin.de\/nederlands\/wp-json\/wp\/v2\/types\/post"}],"author":[{"embeddable":true,"href":"https:\/\/blogs.fu-berlin.de\/nederlands\/wp-json\/wp\/v2\/users\/1127"}],"replies":[{"embeddable":true,"href":"https:\/\/blogs.fu-berlin.de\/nederlands\/wp-json\/wp\/v2\/comments?post=6439"}],"version-history":[{"count":2,"href":"https:\/\/blogs.fu-berlin.de\/nederlands\/wp-json\/wp\/v2\/posts\/6439\/revisions"}],"predecessor-version":[{"id":6441,"href":"https:\/\/blogs.fu-berlin.de\/nederlands\/wp-json\/wp\/v2\/posts\/6439\/revisions\/6441"}],"wp:attachment":[{"href":"https:\/\/blogs.fu-berlin.de\/nederlands\/wp-json\/wp\/v2\/media?parent=6439"}],"wp:term":[{"taxonomy":"category","embeddable":true,"href":"https:\/\/blogs.fu-berlin.de\/nederlands\/wp-json\/wp\/v2\/categories?post=6439"},{"taxonomy":"post_tag","embeddable":true,"href":"https:\/\/blogs.fu-berlin.de\/nederlands\/wp-json\/wp\/v2\/tags?post=6439"}],"curies":[{"name":"wp","href":"https:\/\/api.w.org\/{rel}","templated":true}]}}