{"id":6500,"date":"2014-12-29T09:00:18","date_gmt":"2014-12-29T08:00:18","guid":{"rendered":"https:\/\/blogs.fu-berlin.de\/nederlands\/?p=6500"},"modified":"2014-12-28T00:22:48","modified_gmt":"2014-12-27T23:22:48","slug":"liegt-oudejaar-zwischen-den-jahren","status":"publish","type":"post","link":"https:\/\/blogs.fu-berlin.de\/nederlands\/2014\/12\/29\/liegt-oudejaar-zwischen-den-jahren\/","title":{"rendered":"Liegt oudejaar zwischen den Jahren?"},"content":{"rendered":"<p>Noch schreiben wir das Jahr 2014, denn erst am 31. Dezember ist Silvester. Auf Niederl\u00e4ndisch nennt man dieses Datum v\u00f6llig eindeutig <i>oud(e)jaar <\/i>oder <i>oudejaarsdag<\/i>: Danach ist Schluss mit dem alten Jahr, und das neue beginnt. Im deutschsprachigen Raum sind wir uns da anscheinend nicht ganz sicher, denn hier befinden wir uns gerade <i>zwischen den Jahren <\/i>(gelegentlich auch <i>zwischen den Tagen<\/i>).<\/p>\n<p>Gemeint ist damit der Zeitraum zwischen Weihnachten und Neujahr. Mit <i>oudejaar <\/i>ist also die Zeit <i>zwischen den Jahren <\/i>vorbei. F\u00fcr manche erstreckt sich der Zeitraum aber auch bis zum Dreik\u00f6nigstag (nl. <i>Driekoningen<\/i>). In diesem Fall w\u00e4re <i>oudejaar<\/i> also genau in der Mitte zwischen den Jahren. Laut <a href=\"https:\/\/de.wikipedia.org\/wiki\/Zwischen_den_Jahren\" target=\"_blank\">Wikipedia<\/a> nennt man im Friesischen diese Zeit <em>twaschen ulj en nai<\/em> (dt. <em>zwischen Alt und Neu<\/em>, also zwischen dem alten und dem neuen Jahr). Vielleicht kennt sich jemand in unserer Leserschaft mit dem Friesischen besser aus und kann uns mehr dar\u00fcber sagen? Die Kombination\u00a0<em>oud en nieuw<\/em> w\u00fcrde man in diesem Zusammenhang auf Niederl\u00e4ndisch eher auf <em>oudejaar <\/em>und <em>Nieuwjaar <\/em>beziehen, also auf Silvester und den Neujahrstag: &#8222;Wat doe jij met oud en nieuw (<em>an\/zu Silvester<\/em>)?&#8220; &#8211; &#8222;Ik ga in elk geval niet naar de Brandenburger Tor!&#8220; <em>Dazwischen<\/em> kann bei dieser Lesart von <em>oud en nieuw <\/em>logischerweise nicht viel liegen.<\/p>\n<p>Der Begriff <i>zwischen den Jahren<\/i> kam zustande, weil nach den verschiedenen Reformen der Zeitrechnung das Kalenderjahr und das Kirchenjahr nicht mehr exakt identisch waren. Viele Leute sind der Meinung, man solle zwischen den Jahren keine W\u00e4sche waschen, weil man damit angeblich Ungl\u00fcck heraufbeschw\u00f6rt. Ich kenne niemanden, der sich daran h\u00e4lt, aber es gibt offenbar noch viele <a href=\"https:\/\/www.welt.de\/wissenschaft\/article2946910\/Zwischen-den-Jahren-woher-kommt-das.html\" target=\"_blank\">weitere Regeln<\/a>. Man soll zum Beispiel offenbar in dieser Periode auch nicht\u00a0<a title=\"Katten spinnen\" href=\"https:\/\/blogs.fu-berlin.de\/nederlands\/2014\/10\/20\/katten-spinnen\/\" target=\"_blank\">spinnen<\/a> und n\u00e4hen, also generell die Finger von allen Textilarbeiten lassen.<\/p>\n<div style=\"width: 379px\" class=\"wp-caption alignright\"><a href=\"https:\/\/nl.wikipedia.org\/wiki\/Hangmat\"><img loading=\"lazy\" decoding=\"async\" class=\"   \" alt=\"\" src=\"https:\/\/upload.wikimedia.org\/wikipedia\/commons\/c\/c7\/Grand_Turk%2838%29.jpg\" width=\"369\" height=\"277\" \/><\/a><p class=\"wp-caption-text\">Zeit zum Ausspannen: Entweder als ganzes &#8222;tussenjaar&#8220; oder nur ein paar Tage &#8222;zwischen den Jahren&#8220;. (Foto: JoJan, CC-BY-SA 3.0)<\/p><\/div>\n<p>Eines ist aber sicherlich sinnvoll: Wer es kann, nutzt diese Tage zur Ruhe und Erholung. Das hat die Zeit <i>zwischen den Jahren <\/i>gemeinsam mit dem <i>tussenjaar<\/i>, das sich viele Niederl\u00e4ndischsprachige inzwischen g\u00f6nnen. Auf Deutsch spricht man recht unspezifisch von einer <i>Auszeit<\/i> oder einem <i>Sabbatjahr<\/i>, als Entlehnung inzwischen auch \u00f6fter von <i>Sabbatical <\/i>oder <i>Gap Year<\/i>. F\u00fcr mich klingt <i>tussenjaar <\/i>fast schon ungem\u00fctlich, weil es so wirkt, als sei es zwischen zwei stressigen Lebensphasen nur eingeklemmt und br\u00e4chte nur vor\u00fcbergehend, fast vergeblich, etwas Luft zum Atmen. Auch das gilt f\u00fcr <i>zwischen den Jahren<\/i> auf \u00e4hnliche Weise. Danach f\u00e4llt man meist unsanft in den Alltag zur\u00fcck.<\/p>\n<p>Wie meine Familie mich belehrt, ist das Spinnen und N\u00e4hen \u00fcbrigens auch am Dreifaltigkeitssonntag (<em>Trinitatis<\/em>, nl. auch <em><a href=\"https:\/\/nl.wikipedia.org\/wiki\/Trinitatis\" target=\"_blank\">Drievuldigheidszondag<\/a><\/em>) verboten, weil sonst der Blitz in die Nadel schl\u00e4gt. Der Dreifaltigkeitssonntag liegt immer eine Woche nach Pfingsten im Mai oder Juni und ist wiederum eine wichtige Wegmarke im evangelischen Kirchenjahr, denn danach beginnt die Trinitatiszeit, die bis zum Advent andauert.\u00a0 Handarbeit scheint jedenfalls ganzj\u00e4hrig \u00e4u\u00dferst gef\u00e4hrlich zu sein. Dornr\u00f6schen wusste das entweder nicht, oder sie hielt dies alles f\u00fcr <a title=\"Een sprookje\" href=\"https:\/\/blogs.fu-berlin.de\/nederlands\/2014\/12\/22\/een-sprookje\/\" target=\"_blank\">M\u00e4rchen<\/a>.<\/p>\n","protected":false},"excerpt":{"rendered":"<p>Noch schreiben wir das Jahr 2014, denn erst am 31. Dezember ist Silvester. Auf Niederl\u00e4ndisch nennt man dieses Datum v\u00f6llig eindeutig oud(e)jaar oder oudejaarsdag: Danach ist Schluss mit dem alten Jahr, und das neue beginnt. Im deutschsprachigen Raum sind wir uns da anscheinend nicht ganz sicher, denn hier befinden wir uns gerade zwischen den Jahren [&hellip;]<\/p>\n","protected":false},"author":2044,"featured_media":0,"comment_status":"open","ping_status":"open","sticky":false,"template":"","format":"standard","meta":{"footnotes":""},"categories":[1,23484,6940],"tags":[44141,1542],"class_list":["post-6500","post","type-post","status-publish","format-standard","hentry","category-allgemein","category-idiom","category-wortschatz","tag-beitraege-auf-deutsch","tag-kultur"],"_links":{"self":[{"href":"https:\/\/blogs.fu-berlin.de\/nederlands\/wp-json\/wp\/v2\/posts\/6500","targetHints":{"allow":["GET"]}}],"collection":[{"href":"https:\/\/blogs.fu-berlin.de\/nederlands\/wp-json\/wp\/v2\/posts"}],"about":[{"href":"https:\/\/blogs.fu-berlin.de\/nederlands\/wp-json\/wp\/v2\/types\/post"}],"author":[{"embeddable":true,"href":"https:\/\/blogs.fu-berlin.de\/nederlands\/wp-json\/wp\/v2\/users\/2044"}],"replies":[{"embeddable":true,"href":"https:\/\/blogs.fu-berlin.de\/nederlands\/wp-json\/wp\/v2\/comments?post=6500"}],"version-history":[{"count":8,"href":"https:\/\/blogs.fu-berlin.de\/nederlands\/wp-json\/wp\/v2\/posts\/6500\/revisions"}],"predecessor-version":[{"id":6510,"href":"https:\/\/blogs.fu-berlin.de\/nederlands\/wp-json\/wp\/v2\/posts\/6500\/revisions\/6510"}],"wp:attachment":[{"href":"https:\/\/blogs.fu-berlin.de\/nederlands\/wp-json\/wp\/v2\/media?parent=6500"}],"wp:term":[{"taxonomy":"category","embeddable":true,"href":"https:\/\/blogs.fu-berlin.de\/nederlands\/wp-json\/wp\/v2\/categories?post=6500"},{"taxonomy":"post_tag","embeddable":true,"href":"https:\/\/blogs.fu-berlin.de\/nederlands\/wp-json\/wp\/v2\/tags?post=6500"}],"curies":[{"name":"wp","href":"https:\/\/api.w.org\/{rel}","templated":true}]}}