{"id":6816,"date":"2015-02-06T16:00:59","date_gmt":"2015-02-06T15:00:59","guid":{"rendered":"https:\/\/blogs.fu-berlin.de\/nederlands\/?p=6816"},"modified":"2015-10-02T12:55:04","modified_gmt":"2015-10-02T10:55:04","slug":"beer-leeuw-luipaard-en-het-kalf","status":"publish","type":"post","link":"https:\/\/blogs.fu-berlin.de\/nederlands\/2015\/02\/06\/beer-leeuw-luipaard-en-het-kalf\/","title":{"rendered":"Beer, leeuw, luipaard en het kalf"},"content":{"rendered":"<div style=\"width: 112px\" class=\"wp-caption alignright\"><a href=\"https:\/\/commons.wikimedia.org\/wiki\/File:Golden_Bear,_Berlin_film_frestival_340387674_5ec4f68a7d.jpg\" target=\"_blank\"><img loading=\"lazy\" decoding=\"async\" class=\"\" src=\"https:\/\/upload.wikimedia.org\/wikipedia\/commons\/1\/12\/Golden_Bear%2C_Berlin_film_frestival_340387674_5ec4f68a7d.jpg\" alt=\"\" width=\"102\" height=\"153\" \/><\/a><p class=\"wp-caption-text\">Gouden Beer (Foto: Solar ikon*, CC-BY-2.0)<\/p><\/div>\n<p>Hier rechts ziet u de Gouden Beer die binnenkort uitgereikt gaat worden op het internationale filmfestival van Berlijn, de <a href=\"https:\/\/www.berlinale.de\/de\/HomePage.html\" target=\"_blank\"><em>Berlinale<\/em><\/a>. Het is een ontwerp van de kunstenares <a href=\"https:\/\/de.wikipedia.org\/wiki\/Ren%C3%A9e_Sintenis\" target=\"_blank\">Ren\u00e9e Sintenis<\/a> (1888-1965).<\/p>\n<div style=\"width: 261px\" class=\"wp-caption alignleft\"><a href=\"https:\/\/commons.wikimedia.org\/wiki\/File:Bundesarchiv_Bild_183-1987-0704-021,_Berlin,_750-Jahr-Feier,_Festumzug,_Berliner_B%C3%A4r.jpg\" target=\"_blank\"><img loading=\"lazy\" decoding=\"async\" class=\"\" src=\"https:\/\/upload.wikimedia.org\/wikipedia\/commons\/b\/b2\/Bundesarchiv_Bild_183-1987-0704-021%2C_Berlin%2C_750-Jahr-Feier%2C_Festumzug%2C_Berliner_B%C3%A4r.jpg\" alt=\"\" width=\"251\" height=\"177\" \/><\/a><p class=\"wp-caption-text\">Er\u00f6ffnungsbild mit B\u00e4ren; Festumzug anl\u00e4sslich des 750-j\u00e4hrigen Stadtjubil\u00e4ums von Berlin (Bundesarchiv, CC-BY-SA-3.0-DE)<\/p><\/div>\n<p>De beer is het symbool voor Berlijn, een stad waar men uitbundig en tot in de kleine uurtjes (<a href=\"https:\/\/www.redensarten.net\/Puppen.html\" target=\"_blank\"><em>bis in die Puppen<\/em><\/a>) weet feest te vieren (links): &#8222;<em>arm aber sexy, und das ist auch gut so&#8220;<\/em>, zoals <a href=\"https:\/\/de.wikiquote.org\/wiki\/Klaus_Wowereit\" target=\"_blank\">Wowi<\/a>, onze vorige burgemeester, placht te zeggen.<br \/>\nHier in Berlijn heb ik ook de uitdrukking <em>da steppt der B\u00e4r <\/em>geleerd en meteen begrepen wat ermee wordt bedoeld. Tot mijn verbazing (<em>man lernt nie aus<\/em>) las ik in de Van Dale <em><span id=\"a64672\" class=\"ga\"><span class=\"gah\"><span class=\"gy gac\"><span class=\"gv\"><span id=\"v47442\" class=\"gq gad\"><span class=\"gg\"><span class=\"gaj\">daar is de beer los <\/span><\/span><\/span><\/span><\/span><\/span><\/span><\/em><span id=\"a64672\" class=\"ga\"><span class=\"gah\"><span class=\"gy gac\"><span class=\"gv\"><span id=\"v47442\" class=\"gq gad\"><span class=\"gg\"><span class=\"gaj\">als vertaling voor<\/span><\/span><\/span><\/span><\/span><\/span><\/span><em><span id=\"a64672\" class=\"ga\"><span class=\"gah\"><span class=\"gy gac\"><span class=\"gv\"><span id=\"v47442\" class=\"gq gad\"><span class=\"gg\"><span class=\"gaj\"> da ist der <a href=\"https:\/\/blogs.fu-berlin.de\/nederlands\/2015\/01\/06\/kussen\/\" target=\"_blank\">Teufel<\/a> los.<\/span><\/span><\/span><\/span><\/span><\/span><\/span><\/em><\/p>\n<div style=\"width: 221px\" class=\"wp-caption alignright\"><a href=\"https:\/\/commons.wikimedia.org\/wiki\/File:Worshiping_the_golden_calf.jpg\" target=\"_blank\"><img loading=\"lazy\" decoding=\"async\" src=\"https:\/\/upload.wikimedia.org\/wikipedia\/commons\/2\/2f\/Worshiping_the_golden_calf.jpg\" alt=\"\" width=\"211\" height=\"239\" \/><\/a><p class=\"wp-caption-text\">Aanbidding van het Gouden Kalf (the Providence Lithograph Company, PD US)<\/p><\/div>\n<p>Maar ik wilde het over filmfestivals hebben. In Cannes wordt de Gouden Palm uitgereikt, in Veneti\u00eb de Leeuw en in Locarno het Luipaard (sic).<br \/>\nEn Nederland dan? De leeuw was al vergeven, palmen zijn aan het <a href=\"https:\/\/blogs.fu-berlin.de\/nederlands\/2014\/02\/04\/met-kornee-aan-de-noordzee\/\" target=\"_blank\">Noordzeestrand<\/a> sowieso niet te vinden en de kans dat op de <a href=\"https:\/\/nl.wikipedia.org\/wiki\/Veluwe\" target=\"_blank\">Veluwe<\/a> ooit een luipaard (<em>Leopard<\/em>) wordt gespot, is te verwaarlozen.<br \/>\nIk heb geen flauw idee hoe lang de organisatoren van het Nederlands Filmfestival met de handen in het <a href=\"https:\/\/blogs.fu-berlin.de\/nederlands\/2014\/05\/03\/haar\/\" target=\"_blank\">haar<\/a> hebben gezeten voordat het verlossende <span lang=\"grc\" xml:lang=\"grc\">\u03b5\u1f55\u03c1\u03b7\u03ba\u03b1<\/span> klonk: een kalf, <a href=\"https:\/\/nl.wikipedia.org\/wiki\/Gouden_Kalf_%28filmprijs%29\" target=\"_blank\">het Gouden Kalf<\/a>!<br \/>\nIs er een passendere filmprijs denkbaar in een land met talloze <a href=\"https:\/\/kerkzoeker.nl\/\" target=\"_blank\">kerkelijke gezindten<\/a> en met zo&#8217;n rijke traditie van schisma&#8217;s: altijd iedereen op zoek naar en overtuigd van de juiste interpretatie van Gods Woord? Nee toch?!<\/p>\n<p><a href=\"https:\/\/blogs.fu-berlin.de\/nederlands\/2014\/11\/11\/moet-kunnen\/\" target=\"_blank\">Herman Pleij<\/a> is het vast met me eens. Hebt u trouwens de <a href=\"https:\/\/www.dereactor.org\/home\/detail\/getuite_lippen\/\" target=\"_blank\">recensie<\/a> van <em>Moet kunnen<\/em>, geschreven door onze collega Johanna Bundschuh-van Duikeren, al gelezen?<\/p>\n","protected":false},"excerpt":{"rendered":"<p>Hier rechts ziet u de Gouden Beer die binnenkort uitgereikt gaat worden op het internationale filmfestival van Berlijn, de Berlinale. Het is een ontwerp van de kunstenares Ren\u00e9e Sintenis (1888-1965). De beer is het symbool voor Berlijn, een stad waar men uitbundig en tot in de kleine uurtjes (bis in die Puppen) weet feest te [&hellip;]<\/p>\n","protected":false},"author":1834,"featured_media":0,"comment_status":"open","ping_status":"open","sticky":false,"template":"","format":"standard","meta":{"footnotes":""},"categories":[720],"tags":[23510,1542],"class_list":["post-6816","post","type-post","status-publish","format-standard","hentry","category-niederlande","tag-flora-fauna","tag-kultur"],"_links":{"self":[{"href":"https:\/\/blogs.fu-berlin.de\/nederlands\/wp-json\/wp\/v2\/posts\/6816","targetHints":{"allow":["GET"]}}],"collection":[{"href":"https:\/\/blogs.fu-berlin.de\/nederlands\/wp-json\/wp\/v2\/posts"}],"about":[{"href":"https:\/\/blogs.fu-berlin.de\/nederlands\/wp-json\/wp\/v2\/types\/post"}],"author":[{"embeddable":true,"href":"https:\/\/blogs.fu-berlin.de\/nederlands\/wp-json\/wp\/v2\/users\/1834"}],"replies":[{"embeddable":true,"href":"https:\/\/blogs.fu-berlin.de\/nederlands\/wp-json\/wp\/v2\/comments?post=6816"}],"version-history":[{"count":48,"href":"https:\/\/blogs.fu-berlin.de\/nederlands\/wp-json\/wp\/v2\/posts\/6816\/revisions"}],"predecessor-version":[{"id":7169,"href":"https:\/\/blogs.fu-berlin.de\/nederlands\/wp-json\/wp\/v2\/posts\/6816\/revisions\/7169"}],"wp:attachment":[{"href":"https:\/\/blogs.fu-berlin.de\/nederlands\/wp-json\/wp\/v2\/media?parent=6816"}],"wp:term":[{"taxonomy":"category","embeddable":true,"href":"https:\/\/blogs.fu-berlin.de\/nederlands\/wp-json\/wp\/v2\/categories?post=6816"},{"taxonomy":"post_tag","embeddable":true,"href":"https:\/\/blogs.fu-berlin.de\/nederlands\/wp-json\/wp\/v2\/tags?post=6816"}],"curies":[{"name":"wp","href":"https:\/\/api.w.org\/{rel}","templated":true}]}}