{"id":7481,"date":"2015-05-13T08:21:10","date_gmt":"2015-05-13T06:21:10","guid":{"rendered":"https:\/\/blogs.fu-berlin.de\/nederlands\/?p=7481"},"modified":"2016-05-05T00:06:12","modified_gmt":"2016-05-04T22:06:12","slug":"royaal","status":"publish","type":"post","link":"https:\/\/blogs.fu-berlin.de\/nederlands\/2015\/05\/13\/royaal\/","title":{"rendered":"Royaal"},"content":{"rendered":"<p>Een royaal gebaar is <em>eine<\/em> <em>gro\u00dfz\u00fcgige Geste&#8230;<\/em><\/p>\n<blockquote><p>Jongens, wat willen jullie drinken? Ik trakteer vanavond!<\/p><\/blockquote>\n<p>We kunnen het ook een vorstelijk of koninklijk gebaar noemen en zitten dan dichter bij de oorspronkelijke betekenis van het woord.<br \/>\nH\u00e8&#8230;? Zijn we weer bij het koninklijke baren (<em>Geb\u00e4ren<\/em>) aanbeland? Collega Philipp Kr\u00e4mer heeft royaal bericht over <a href=\"https:\/\/blogs.fu-berlin.de\/nederlands\/2014\/12\/06\/drei-belgische-koeniginnen-und-zwei-belgische-koenige\/\" target=\"_blank\">Belgische koningen en koninginnen<\/a>, vorstelijke <a href=\"https:\/\/blogs.fu-berlin.de\/nederlands\/2015\/02\/09\/von-einem-zwilling-befallen-ii\/\" target=\"_blank\">tweelingen<\/a> en de etymologie van <a href=\"https:\/\/blogs.fu-berlin.de\/nederlands\/2015\/02\/08\/von-einem-zwilling-befallen-i\/\" target=\"_blank\">bevallen<\/a> (<em>geb\u00e4ren<\/em>) heeft hij uitvoerig uit de doeken gedaan <span id=\"a106324\" class=\"ga\"><span id=\"v15033\" class=\"gab gad\"><\/span><\/span><span id=\"a106324\" class=\"ga\"><span class=\"gah\"><span class=\"gy gac\"><span class=\"gv\"><span class=\"gab\"><span id=\"v15033\" class=\"gab gad\"><span class=\"gaj\">(<\/span><\/span><\/span><\/span><\/span><\/span><\/span><em><span id=\"a106324\" class=\"ga\"><span class=\"gah\"><span class=\"gy gac\"><span class=\"gv\"><span class=\"gab\"><span id=\"v15033\" class=\"gab gad\"><span class=\"gaj\">haargenau erkl\u00e4rt<\/span><\/span><\/span><\/span><\/span><\/span><\/span><\/em>).<\/p>\n<p><em>Das Gest\u00fct <\/em>(stoeterij) <em>Europas<\/em><em>, zo<\/em> noemde Bismarck het huis van <a href=\"https:\/\/www.sachsen-coburg-gotha.de\/?Das_Herzogshaus:Geschichte:Coburg_und_Europa\" target=\"_blank\">Sachsen-Coburg und Gotha<\/a>. De <a href=\"https:\/\/www.sachsen-coburg-gotha.de\/?Das_Herzogshaus:Wappen:Gro%DFes_Staatswappen\" target=\"_blank\">Coburgs<\/a> hebben inderdaad royaal gezaaid en geoogst in bijna alle Europese vorstenhuizen &#8211; alleen bij de Oranjes kregen ze geen voet tussen deur.<\/p>\n<div style=\"width: 184px\" class=\"wp-caption alignleft\"><a href=\"https:\/\/commons.wikimedia.org\/wiki\/File:Saksen-Koburg_Leopold-2a.jpeg\" target=\"_blank\"><img loading=\"lazy\" decoding=\"async\" src=\"https:\/\/upload.wikimedia.org\/wikipedia\/commons\/thumb\/7\/70\/Saksen-Koburg_Leopold-2a.jpeg\/212px-Saksen-Koburg_Leopold-2a.jpeg\" alt=\"\" width=\"174\" height=\"197\" \/><\/a><p class=\"wp-caption-text\">Leopold I (George Dawe, CC-PD-Mark)<\/p><\/div>\n<p>Na de succesvolle opstand tegen de protestantse Nederlanders zochten de Belgen een nieuwe heerser. Hij moest op de een of andere manier neutraal zijn &#8211; de Europese machten hadden na Napoleon behoefte aan een bufffer tussen Duitsland en Frankrijk &#8211; en Nederlands mocht de nieuwe monarch sowieso niet zijn. In Groot-Brittanni\u00eb was een Coburger weduwnaar geworden, Leopold: wel Duits van geboorte maar genoeg ge\u0457ntegreerd in het Britse koningshuis. Hij moest beloven een Franse (Orl<span class=\"st\">\u00e9<\/span>ans-)prinses te huwen en de kinderen in het katholieke geloof op te voeden. &#8222;Bruxelles vaut bien une messe&#8220;, zal hij gedacht hebben <em>et voil\u00e0<\/em>: de eerste koning der Belgen. De leden van het Belgische koningshuis, dat na WO I de naam Coburg afzwoor, zijn daarna altijd katholiek in het huwelijk getreden &#8211; ik noem ze niet allemaal, maar Boudewijn met de Spaanse Fabiola (<em>Opus Dei?<\/em>), Albert met de Italiaanse <a href=\"https:\/\/blogs.fu-berlin.de\/nederlands\/2015\/01\/18\/gastarbeiders\/\" target=\"_blank\">Dolce Paola<\/a> Ruffo di Calabria (ze leerden elkaar kennen bij de opening van het Tweede Varicaans Concilie) en Filip (de huidige koning) met inheemse katholieke adel: Mathilde d\u2019Udekem d\u2019Acoz. Des konings zus Astrid huwde een Habsburger, uiteraard ook katholiek.<\/p>\n<div style=\"width: 208px\" class=\"wp-caption alignright\"><a href=\"https:\/\/commons.wikimedia.org\/wiki\/File:WilliamOfOrange1580.jpg\" target=\"_blank\"><img loading=\"lazy\" decoding=\"async\" src=\"https:\/\/upload.wikimedia.org\/wikipedia\/commons\/thumb\/4\/46\/WilliamOfOrange1580.jpg\/173px-WilliamOfOrange1580.jpg\" alt=\"\" width=\"198\" height=\"275\" \/><\/a><p class=\"wp-caption-text\">Willem van Oranje (Rijksmuseum, CC-PD-Mark)<\/p><\/div>\n<p>Willem van <a href=\"https:\/\/blogs.fu-berlin.de\/nederlands\/2014\/09\/24\/eine-hauptstadt-nassauert\/\" target=\"_blank\">Nassau<\/a>, geboren in het Duitse Dillenburg en gezegend met de titel <em>prins van Oranje<\/em> (het prinsdom Orange &#8211; ligt bij Avignon &#8211; had hij ge\u00ebrfd) heeft bij minstens 4 vrouwen kinderen verwekt: Anna van Egmont van Buren, Anna van Saksen, Charlotte van Bourbon en <a href=\"https:\/\/nl.wikipedia.org\/wiki\/Louise_de_Coligny\" target=\"_blank\">Louise de Coligny<\/a>. Anna van Saksen bedroog onze Willem met Jan Rubens (Jan wie?&#8230; ja, de vader van Peter Paul). De familie Rubens was met Oranje naar Duitsland uitgeweken en van het een komt het ander, ook toen al. Hebt u zich nooit afgevraagd waarom de <a href=\"https:\/\/blogs.fu-berlin.de\/nederlands\/2014\/11\/07\/antwerpse-handjes\/\" target=\"_blank\">Antwerpenaar<\/a> Peter Paul Rubens in het Duitse Siegen ter wereld kwam? Nou daarom!<\/p>\n<p>Lezers van Heinrichs Manns <a href=\"https:\/\/de.wikipedia.org\/wiki\/Die_Jugend_des_K%C3%B6nigs_Henri_Quatre\" target=\"_blank\"><em>Henri IV<\/em><\/a> (<em>Paris vaut bien une messe<\/em>) kennen de hugenootse (calvinistisch-protestantse) familie De Coligny. Uit dit laatste huwelijk van Willem werd Frederik Hendrik geboren. En die (getrouwd met <a title=\"Amalie zu Solms-Braunfels\" href=\"https:\/\/de.wikipedia.org\/wiki\/Amalie_zu_Solms-Braunfels\">Amalie zu Solms-Braunfels<\/a>) huwelijkte zijn dochters doelbewust uit aan 1. de keurvorst van Brandenburg (<a href=\"https:\/\/upload.wikimedia.org\/wikipedia\/commons\/thumb\/8\/86\/Schloss_Oranienburg_-_Jan_2013.jpg\/800px-Schloss_Oranienburg_-_Jan_2013.jpg\" target=\"_blank\">Oranienburg<\/a>), 2. de vorst van Anhalt-Dessau (<a href=\"https:\/\/upload.wikimedia.org\/wikipedia\/commons\/thumb\/4\/4d\/Oranienbaum%2CSchloss.jpg\/800px-Oranienbaum%2CSchloss.jpg\" target=\"_blank\">Oranienbaum<\/a>), 3. Wilhelm Friedrich von Nassau-Dietz (<a href=\"https:\/\/upload.wikimedia.org\/wikipedia\/commons\/7\/78\/Diez_Oranienstein.JPG\" target=\"_blank\">Oranienstein<\/a>) en 4. de <span id=\"a75987\" class=\"ga\"><span class=\"gah\"><span class=\"gy gah1\"><span class=\"gv\"><span class=\"gh\">paltsgraaf<\/span><\/span><\/span><\/span><\/span> Ludwig Heinrich von Simmern (<a href=\"https:\/\/de.wikipedia.org\/wiki\/Schloss_Oranienhof#\/media\/File:Oranienhof_Kreuznach_1838.png\" target=\"_blank\">Oranienhof<\/a>). Ook in latere tijden zien we bij de Oranjes een voorkeur voor Hohenzollerns en andere protestantse Duitse vorstenhuisjes &#8211; maar geen Coburgs.<\/p>\n<div style=\"width: 256px\" class=\"wp-caption alignleft\"><a href=\"https:\/\/commons.wikimedia.org\/wiki\/File:Prinses_Irene_en_Carel_Hugo_van_Bourbon-Parma.jpg\" target=\"_blank\"><img loading=\"lazy\" decoding=\"async\" class=\"\" src=\"https:\/\/upload.wikimedia.org\/wikipedia\/commons\/thumb\/5\/51\/Prinses_Irene_en_Carel_Hugo_van_Bourbon-Parma.jpg\/297px-Prinses_Irene_en_Carel_Hugo_van_Bourbon-Parma.jpg\" alt=\"\" width=\"246\" height=\"199\" \/><\/a><p class=\"wp-caption-text\">Irene en Carlos Hugo van Bourbon-Parma. (https:\/\/www.gahetna.nl\/over-ons\/open-data, CC-BY-SA-3.0-NL)<\/p><\/div>\n<p>Er was er een die met de protestantse regel brak: <a href=\"https:\/\/nl.wikipedia.org\/wiki\/Irene_van_Lippe-Biesterfeld\" target=\"_blank\">Irene<\/a>, tante van de huidige koning, werd katholiek (een orkaan in het protestantse glas water) en huwde een Bourbon (maar dat had de <em>Vader des Vaderlands<\/em> dus ook al gedaan) die aanspraak maakte op de Spaanse troon (Franco leefde nog). Ze moest afstand doen van haar rechten op de Nederlandse troon: soit!<br \/>\nHaar zussen Beatrix en Margriet huwden conform: Claus von Amsberg en de gewone protestant mr. Pieter van Vollenhove uit Schiedam.<br \/>\nDe cabarettier Wim Kan verwoordde het als volgt:<\/p>\n<blockquote><p><em>&#8222;Onze prinsessen huwen al wat ons land in de loop der eeuwen <\/em><em>heeft <\/em><em>bedreigd: Spanje, Duitsland en Schiedam&#8220;<\/em> (jenever)<\/p><\/blockquote>\n<p>Irene beviel overigens in 1972 van een <span id=\"a201473\" class=\"wu\"><span class=\"w0b\"><span id=\"b249853\" class=\"w0f\"><span class=\"wv\"><span class=\"w9\"><span class=\"woi w3\"><span class=\"wp\"><span class=\"wy\"><span id=\"v114157\"><span class=\"wr\">twee-eiige <a href=\"https:\/\/blogs.fu-berlin.de\/nederlands\/2015\/02\/09\/von-einem-zwilling-befallen-ii\/\" target=\"_blank\">tweeling<\/a><\/span><\/span><\/span><\/span><\/span><\/span><\/span><\/span><\/span><\/span>.<\/p>\n<p>Koning Willem-Alexander chillt royaal met de katholieke M\u00e1xima. De kinderen worden in het hervormde (<em>reformierte<\/em>) geloof opgevoed.<\/p>\n<p><strong>PS\u00a0 1\u00a0<\/strong> Vertaalprobleem<br \/>\nHet Nederlandse koningshuis is hervormd (<em>reformiert<\/em>). De gereformeerden (<em>die<\/em> <em>Reformierten<\/em>) hebben zich in 1886 van de <a href=\"https:\/\/nl.wikipedia.org\/wiki\/Nederlandse_Hervormde_Kerk\" target=\"_blank\">Nederlands Hervormde Kerk<\/a> afgescheiden. Deze kerkscheuring wordt <a href=\"https:\/\/nl.wikipedia.org\/wiki\/Doleantie\" target=\"_blank\">Doleantie<\/a> genoemd. In het Duits is het verschil tussen<em> hervormd<\/em> en <em>gereformeerd<\/em> niet te maken, tenzij we gereformeerd als <em>rereformiert<\/em> vertalen (maar dat maakt de zaak ook niet duidelijker).<\/p>\n<p><strong>PS\u00a0 2<\/strong>\u00a0 Simeon II, de voormalige tsaar van Bulgarije, later minister-president van het land, moest\/wilde van naam veranderen. Hij kwam uit het huis Sachsen-Coburg und Gotha en heet nu Simeon <a href=\"https:\/\/nl.wikipedia.org\/wiki\/Simeon_van_Saksen-Coburg_en_Gotha\" target=\"_blank\">Sakskoboerggotski<\/a>, wist Philipp Kr\u00e4mer me te vertellen.<\/p>\n","protected":false},"excerpt":{"rendered":"<p>Een royaal gebaar is eine gro\u00dfz\u00fcgige Geste&#8230; Jongens, wat willen jullie drinken? Ik trakteer vanavond! We kunnen het ook een vorstelijk of koninklijk gebaar noemen en zitten dan dichter bij de oorspronkelijke betekenis van het woord. H\u00e8&#8230;? Zijn we weer bij het koninklijke baren (Geb\u00e4ren) aanbeland? Collega Philipp Kr\u00e4mer heeft royaal bericht over Belgische koningen [&hellip;]<\/p>\n","protected":false},"author":1834,"featured_media":0,"comment_status":"open","ping_status":"open","sticky":false,"template":"","format":"standard","meta":{"footnotes":""},"categories":[2983,720,3099],"tags":[471,44150],"class_list":["post-7481","post","type-post","status-publish","format-standard","hentry","category-belgien","category-niederlande","category-sprachvergleich","tag-geschichte","tag-royalty"],"_links":{"self":[{"href":"https:\/\/blogs.fu-berlin.de\/nederlands\/wp-json\/wp\/v2\/posts\/7481","targetHints":{"allow":["GET"]}}],"collection":[{"href":"https:\/\/blogs.fu-berlin.de\/nederlands\/wp-json\/wp\/v2\/posts"}],"about":[{"href":"https:\/\/blogs.fu-berlin.de\/nederlands\/wp-json\/wp\/v2\/types\/post"}],"author":[{"embeddable":true,"href":"https:\/\/blogs.fu-berlin.de\/nederlands\/wp-json\/wp\/v2\/users\/1834"}],"replies":[{"embeddable":true,"href":"https:\/\/blogs.fu-berlin.de\/nederlands\/wp-json\/wp\/v2\/comments?post=7481"}],"version-history":[{"count":76,"href":"https:\/\/blogs.fu-berlin.de\/nederlands\/wp-json\/wp\/v2\/posts\/7481\/revisions"}],"predecessor-version":[{"id":12403,"href":"https:\/\/blogs.fu-berlin.de\/nederlands\/wp-json\/wp\/v2\/posts\/7481\/revisions\/12403"}],"wp:attachment":[{"href":"https:\/\/blogs.fu-berlin.de\/nederlands\/wp-json\/wp\/v2\/media?parent=7481"}],"wp:term":[{"taxonomy":"category","embeddable":true,"href":"https:\/\/blogs.fu-berlin.de\/nederlands\/wp-json\/wp\/v2\/categories?post=7481"},{"taxonomy":"post_tag","embeddable":true,"href":"https:\/\/blogs.fu-berlin.de\/nederlands\/wp-json\/wp\/v2\/tags?post=7481"}],"curies":[{"name":"wp","href":"https:\/\/api.w.org\/{rel}","templated":true}]}}