{"id":7592,"date":"2015-03-23T09:39:26","date_gmt":"2015-03-23T08:39:26","guid":{"rendered":"https:\/\/blogs.fu-berlin.de\/nederlands\/?p=7592"},"modified":"2017-01-08T13:39:19","modified_gmt":"2017-01-08T12:39:19","slug":"allgemein-und-generell","status":"publish","type":"post","link":"https:\/\/blogs.fu-berlin.de\/nederlands\/2015\/03\/23\/allgemein-und-generell\/","title":{"rendered":"Allgemein und generell"},"content":{"rendered":"<p>Die niederl\u00e4ndische Gesellschaft ist eine Konsensdemokratie, hei\u00dft es oft. Ob sich die politische Tradition des Ausgleichs auf europ\u00e4ischer B\u00fchne auszahlt, muss momentan Finanzminister <a title=\"Stroei-voei, Jeroen\" href=\"https:\/\/blogs.fu-berlin.de\/nederlands\/2015\/02\/23\/stroei-voei-jeroen\/\" target=\"_blank\">Dijsselbloem<\/a> als Vorsitzender der Eurogruppe beweisen. Ein wichtiges Mittel der Diplomatie sind vage Formulierungen, die den politischen Partnern nicht wehtun.<\/p>\n<p>Mit vagen Formulierungen hat die niederl\u00e4ndische Regierung in ihren Funktionsbezeichnungen gro\u00dfe Erfahrung. Dijsselbloems Vorgesetzter <a href=\"https:\/\/blogs.fu-berlin.de\/nederlands\/2015\/02\/22\/vergaderen\/\" target=\"_blank\">Mark Rutte<\/a> beispielsweise ist nicht nur Regierungschef, sondern auch <em>minister van Algemene Zaken<\/em>. Man k\u00f6nnte sagen: Er ist f\u00fcr alles zust\u00e4ndig. Das <em>ministerie van Algemene Zaken<\/em> entspricht am ehesten dem deutschen Kanzleramt oder der Staatskanzlei eines Bundeslandes. Sicher eine notwendige Einrichtung \u2013 aber ein wenig erinnert ein <em>Ministerium f\u00fcr allgemeine Angelegenheiten <\/em>an das ber\u00fchmte \u201eDepartment of Administrative Affairs\u201c aus der britischen Comedyserie <a href=\"https:\/\/nl.wikipedia.org\/wiki\/Yes,_Minister\" target=\"_blank\"><em>Yes, Minister<\/em><\/a>.<\/p>\n<div style=\"width: 239px\" class=\"wp-caption alignright\"><a href=\"https:\/\/nl.wikipedia.org\/wiki\/Ministerie_van_Algemene_Zaken\" target=\"_blank\"><img loading=\"lazy\" decoding=\"async\" src=\"https:\/\/upload.wikimedia.org\/wikipedia\/commons\/b\/b9\/Ministerie_Algemene_Zaken_-_Binnenhof.JPG\" alt=\"\" width=\"229\" height=\"306\" \/><\/a><p class=\"wp-caption-text\">Ministerie van Algemene Zaken. (Foto: Joris 1919, CC-BY-SA-3.0)<\/p><\/div>\n<p>\u00c4hnlich unscharf ist die Benennung des <em>Openbaar Ministerie<\/em>. Genau genommen sollte im Sinne der B\u00fcrger jedes Ministerium <em>openbaar<\/em> sein. Nun ist aber das <em>Openbaar Ministerie<\/em> kein Ministerium, sondern in Belgien wie in den Niederlanden die Generalstaatsanwaltschaft. Und f\u00fcr deren Arbeit ist es oft zentral, dass viele Dinge nicht zu fr\u00fch an die \u00d6ffentlichkeit gelangen. Daf\u00fcr sorgt unter anderem der <em>procureur-generaal<\/em>, also der Generalstaatsanwalt. Der ist begrifflich auch generell f\u00fcr alles zust\u00e4ndig und erbt seine Benennung aus dem Franz\u00f6sischen, das wiederum diesen Begriff aus dem lateinischen <em>procurare <\/em>f\u00fcr \u201ebeschaffen\u201c oder \u201everwalten\u201c entwickelte. Der procureur-generaal ist nichts anders als ein allgemeiner Verwalter \u2013 allerdings nur in der ganz weit hergeholten <a href=\"https:\/\/www.etymologiebank.nl\/trefwoord\/generaal1\" target=\"_blank\">etymologischen Bedeutung<\/a>, die sich inzwischen in Richtung <em>Haupt- <\/em>oder <em>h\u00f6chste\/r<\/em> gewandelt hat. Reichlich tautologisch ist deshalb die Amtsbezeichnung des <a href=\"https:\/\/nl.wikipedia.org\/wiki\/Advocaat-generaal\" target=\"_blank\">hoofdadvocaat-generaal<\/a>.<\/p>\n<div style=\"width: 129px\" class=\"wp-caption alignleft\"><a href=\"https:\/\/nl.wikipedia.org\/wiki\/Staten-Generaal_van_het_Koninkrijk_der_Nederlanden\" target=\"_blank\"><img loading=\"lazy\" decoding=\"async\" src=\"https:\/\/upload.wikimedia.org\/wikipedia\/commons\/c\/ca\/Coat_of_arms_of_the_Staten_Generaal.svg\" alt=\"\" width=\"119\" height=\"227\" \/><\/a><p class=\"wp-caption-text\">Wappen der Staten-Generaal. (Fry1989&amp;Sodacan, CC-BY-SA-3.0)<\/p><\/div>\n<p>Das Niederl\u00e4ndische mit seinen altehrw\u00fcrdigen Institutionen kennt noch viele solche (pseudo-)lateinische nachgestellte Amtsbezeichnungen mit <em>\u2013generaal<\/em>, zum Beispiel zu Kolonialzeiten den <em>gouverneur-generaal<\/em>, oder auch die <em>Staten-Generaal<\/em>: die beiden Parlamentskammern der Niederlande. Oft werden sie auf Deutsch etwas holprig als <em>Generalstaaten<\/em> \u00fcbersetzt. Wieder steht das Franz\u00f6sische Pate, es geht eigentlich um die <em>Etats<\/em>, also die gesellschaftlich dominanten Gruppen (Adel, Klerus und das B\u00fcrgertum als dritter Stand). Die <em>Staten-Generaal<\/em> sind die <em>Generalst\u00e4nde<\/em>, was beim heutigen demokratisch gew\u00e4hlten Parlament nat\u00fcrlich nicht mehr der alten Struktur entspricht.<\/p>\n<p>Auch die Staten-Generaal sind generell f\u00fcr alles zust\u00e4ndig: Ein Parlament stimmt \u00fcber praktisch jeden Politikbereich ab. Scheinbar f\u00fcr nichts zust\u00e4ndig sind dagegen <em>ministers zonder portefeuille.<\/em> Auf Deutsch nennt man sie <em>Minister ohne Gesch\u00e4ftsbereich<\/em>. Sie betreuen aber durchaus ein Politikfeld, stimmen im Kabinett mit, leiten allerdings kein eigenes Ministerium. Zwei solche Posten gibt es in der amtierenden <a href=\"https:\/\/nl.wikipedia.org\/wiki\/Lijst_van_Nederlandse_ministers_zonder_portefeuille\" target=\"_blank\">Regierung Rutte-II<\/a>. Eine Ministerin <em>mit <\/em>Ressort ist die Verteidigungsministerin. Wie jeder niederl\u00e4ndische Minister l\u00e4sst sie sich <a href=\"https:\/\/nl.wikipedia.org\/wiki\/Secretaris-generaal_van_een_Nederlands_ministerie\" target=\"_blank\">bei der Leitung ihres Hauses <\/a>von einem <a href=\"https:\/\/almanak.overheid.nl\/11917\/VenJ\/SG_cluster\/Bureau_Secretaris-Generaal\/\" target=\"_blank\">Secretaris-Generaal<\/a> unterst\u00fctzen, einem Generalsekret\u00e4r \u2013 aber trotz der T\u00e4tigkeit im Verteidigungsministerium dadurch noch lange nicht der Sekret\u00e4r der Gener\u00e4le.<\/p>\n","protected":false},"excerpt":{"rendered":"<p>Die niederl\u00e4ndische Gesellschaft ist eine Konsensdemokratie, hei\u00dft es oft. Ob sich die politische Tradition des Ausgleichs auf europ\u00e4ischer B\u00fchne auszahlt, muss momentan Finanzminister Dijsselbloem als Vorsitzender der Eurogruppe beweisen. Ein wichtiges Mittel der Diplomatie sind vage Formulierungen, die den politischen Partnern nicht wehtun. Mit vagen Formulierungen hat die niederl\u00e4ndische Regierung in ihren Funktionsbezeichnungen gro\u00dfe Erfahrung. [&hellip;]<\/p>\n","protected":false},"author":2044,"featured_media":0,"comment_status":"open","ping_status":"open","sticky":false,"template":"","format":"standard","meta":{"footnotes":""},"categories":[10102,720,6940],"tags":[44141,116],"class_list":["post-7592","post","type-post","status-publish","format-standard","hentry","category-etymologie","category-niederlande","category-wortschatz","tag-beitraege-auf-deutsch","tag-politik"],"_links":{"self":[{"href":"https:\/\/blogs.fu-berlin.de\/nederlands\/wp-json\/wp\/v2\/posts\/7592","targetHints":{"allow":["GET"]}}],"collection":[{"href":"https:\/\/blogs.fu-berlin.de\/nederlands\/wp-json\/wp\/v2\/posts"}],"about":[{"href":"https:\/\/blogs.fu-berlin.de\/nederlands\/wp-json\/wp\/v2\/types\/post"}],"author":[{"embeddable":true,"href":"https:\/\/blogs.fu-berlin.de\/nederlands\/wp-json\/wp\/v2\/users\/2044"}],"replies":[{"embeddable":true,"href":"https:\/\/blogs.fu-berlin.de\/nederlands\/wp-json\/wp\/v2\/comments?post=7592"}],"version-history":[{"count":11,"href":"https:\/\/blogs.fu-berlin.de\/nederlands\/wp-json\/wp\/v2\/posts\/7592\/revisions"}],"predecessor-version":[{"id":7668,"href":"https:\/\/blogs.fu-berlin.de\/nederlands\/wp-json\/wp\/v2\/posts\/7592\/revisions\/7668"}],"wp:attachment":[{"href":"https:\/\/blogs.fu-berlin.de\/nederlands\/wp-json\/wp\/v2\/media?parent=7592"}],"wp:term":[{"taxonomy":"category","embeddable":true,"href":"https:\/\/blogs.fu-berlin.de\/nederlands\/wp-json\/wp\/v2\/categories?post=7592"},{"taxonomy":"post_tag","embeddable":true,"href":"https:\/\/blogs.fu-berlin.de\/nederlands\/wp-json\/wp\/v2\/tags?post=7592"}],"curies":[{"name":"wp","href":"https:\/\/api.w.org\/{rel}","templated":true}]}}