{"id":7805,"date":"2015-04-08T11:00:14","date_gmt":"2015-04-08T09:00:14","guid":{"rendered":"https:\/\/blogs.fu-berlin.de\/nederlands\/?p=7805"},"modified":"2015-09-01T20:50:59","modified_gmt":"2015-09-01T18:50:59","slug":"weer-of-geen-weer","status":"publish","type":"post","link":"https:\/\/blogs.fu-berlin.de\/nederlands\/2015\/04\/08\/weer-of-geen-weer\/","title":{"rendered":"Weer of geen weer"},"content":{"rendered":"<div style=\"width: 310px\" class=\"wp-caption alignright\"><a href=\"https:\/\/commons.wikimedia.org\/wiki\/File:Bundesarchiv_Bild_102-10741,_Berlin,_Verschneite_Siegesallee.jpg\" target=\"_blank\"><img loading=\"lazy\" decoding=\"async\" class=\"\" src=\"https:\/\/upload.wikimedia.org\/wikipedia\/commons\/2\/22\/Bundesarchiv_Bild_102-10741%2C_Berlin%2C_Verschneite_Siegesallee.jpg\" alt=\"\" width=\"300\" height=\"211\" \/><\/a><p class=\"wp-caption-text\">Puppen im Schnee (Bundesarchiv, Aktuelle-Bilder-Centrale, Georg Pahl (Bild 102), CC-BY-SA-3.0-DE)<\/p><\/div>\n<p><a href=\"https:\/\/commons.wikimedia.org\/wiki\/File:Ploaie_cu_soare.png\"><img loading=\"lazy\" decoding=\"async\" class=\"alignleft\" src=\"https:\/\/upload.wikimedia.org\/wikipedia\/commons\/3\/39\/Ploaie_cu_soare.png\" alt=\"\" width=\"32\" height=\"32\" \/><\/a>De maartse buien hebben we gehad en april doet wat hij wil. Zo wil het het in Berlijn in deze lentemaand nog wel eens sneeuwen. Rechts: <a href=\"https:\/\/blogs.fu-berlin.de\/nederlands\/2015\/02\/06\/beer-leeuw-luipaard-en-het-kalf\/\" target=\"_blank\">die Puppen<\/a> in de sneeuw. Maar ik wil u niet vervelen (<em>langweilen<\/em>) met oma-wijsheden uit De Bilt (KNMI) of Ukkel (KMI), maar met een reeks idiomatische uitdrukkingen.<\/p>\n<p>\u201eDie Berlijners dragen allemaal mutsen!\u201c, merkte een Nederlandse vriendin die in februari hier was, verbaasd op. Ja, nogal wiedes (<i>logo!<\/i>): de wind snerpt (<em>schneiden<\/em>) hier om je oren. Wat voor weer het ook is &#8211; <strong>het kan vriezen, het kan dooien<\/strong> (<em>es<\/em> <em>kann so oder so ausgehen<\/em>) &#8211; een Nederlander stapt &#8211; <b>weer of geen weer<\/b> (<i>ganz gleich, welches Wetter<\/i>) &#8211; meestal zonder hoofdbedekking maar desalniettemin <a href=\"https:\/\/blogs.fu-berlin.de\/nederlands\/2014\/03\/26\/goedgemutst-de-winter-doorgekomen\/\" target=\"_blank\">goedgemutst<\/a> op z&#8217;n fiets en gaat naar het werk, naar school of gewoon boodschappen doen. Maar eenieder kan op een gegeven moment <b>in zwaar weer verkeren<\/b>: dan gaat het niet goed dus. Je kunt dan wel <strong>mooi weer spelen <\/strong>(<em>tun, als w\u00e4re nichts<\/em>), maar een goede vriend heeft je door (<em>durchschaut dich<\/em>)!<\/p>\n<p>En als het bij de zuiderburen slecht weer is, dan is het <b>geen weer om een hond door te jagen<\/b>! De uitdrukking <em>in zwaar weer verkeren<\/em> kennen de Vlamingen overigens niet, wat wellicht (waarschijnlijk) met hun geringe scheepvaartervaring te maken heeft.<\/p>\n<p>De wind is het grote probleem. Hoewel die in dat landje aan de Noordzee voornamelijk uit het westen komt, heb je hem altijd van voren, lijkt het wel. Je fietst <b>tegen de wind in<\/b>; zelden heb je als fietser <b>de wind mee<\/b> (<i>R\u00fcckenwind haben<\/i>), is mijn ervaring. <strong>De wind van voren krijgen<\/strong> betekent in overdrachtelijke zin:<em><span id=\"a549191\" class=\"ga\"><span class=\"gah\"><span class=\"gy gah1\"><span class=\"gv\"><span id=\"v81038\" class=\"gq gad gk\"><span class=\"gg\"> <span class=\"gaj\">eins aufs Dach kriegen.<\/span><\/span><\/span><\/span><\/span><\/span><\/span><\/em><\/p>\n<p>Kent u niet ook zo iemand die <b>met alle winden meewaait<\/b>? En iemand die in Duitsland van <i>Harz IV moet rondkomen <\/i>(in NL heet dat <i>bijstand<\/i> \u2013 maar betaalt beter) gaat het bepaald niet <b>voor de wind <\/b>(<i>ausgezeichnet, blendend<\/i>). Kunnen we van Angela Merkel zeggen dat ze <b>de wind eronder<\/b> heeft (<i>Autorit\u00e4t haben, Respekt einfl\u00f6\u00dfen<\/i>)?<br \/>\nWat er verder nog over <a href=\"https:\/\/blogs.fu-berlin.de\/nederlands\/2014\/11\/13\/boontjes-en-toontjes\/\" target=\"_blank\">winden<\/a> te zeggen valt, leest u bij mijn collega. En over regen hebben we het een andere keer wel.<\/p>\n<p><a href=\"https:\/\/nl.wikipedia.org\/wiki\/Joris_Ivens\" target=\"_blank\">Joris Ivens<\/a> heeft de wind gefilmd: <a href=\"https:\/\/www.youtube.com\/watch?v=taoF9LLlZIA\" target=\"_blank\">Une histoire du vent<\/a>.<br \/>\nIk, <a href=\"https:\/\/nl.wikipedia.org\/wiki\/Gejaagd_door_de_wind\" target=\"_blank\">gone with the wind<\/a>, groet u!<\/p>\n","protected":false},"excerpt":{"rendered":"<p>De maartse buien hebben we gehad en april doet wat hij wil. Zo wil het het in Berlijn in deze lentemaand nog wel eens sneeuwen. Rechts: die Puppen in de sneeuw. Maar ik wil u niet vervelen (langweilen) met oma-wijsheden uit De Bilt (KNMI) of Ukkel (KMI), maar met een reeks idiomatische uitdrukkingen. \u201eDie Berlijners [&hellip;]<\/p>\n","protected":false},"author":1834,"featured_media":0,"comment_status":"open","ping_status":"open","sticky":false,"template":"","format":"standard","meta":{"footnotes":""},"categories":[23484,3099,6940],"tags":[12559],"class_list":["post-7805","post","type-post","status-publish","format-standard","hentry","category-idiom","category-sprachvergleich","category-wortschatz","tag-wetter"],"_links":{"self":[{"href":"https:\/\/blogs.fu-berlin.de\/nederlands\/wp-json\/wp\/v2\/posts\/7805","targetHints":{"allow":["GET"]}}],"collection":[{"href":"https:\/\/blogs.fu-berlin.de\/nederlands\/wp-json\/wp\/v2\/posts"}],"about":[{"href":"https:\/\/blogs.fu-berlin.de\/nederlands\/wp-json\/wp\/v2\/types\/post"}],"author":[{"embeddable":true,"href":"https:\/\/blogs.fu-berlin.de\/nederlands\/wp-json\/wp\/v2\/users\/1834"}],"replies":[{"embeddable":true,"href":"https:\/\/blogs.fu-berlin.de\/nederlands\/wp-json\/wp\/v2\/comments?post=7805"}],"version-history":[{"count":30,"href":"https:\/\/blogs.fu-berlin.de\/nederlands\/wp-json\/wp\/v2\/posts\/7805\/revisions"}],"predecessor-version":[{"id":8136,"href":"https:\/\/blogs.fu-berlin.de\/nederlands\/wp-json\/wp\/v2\/posts\/7805\/revisions\/8136"}],"wp:attachment":[{"href":"https:\/\/blogs.fu-berlin.de\/nederlands\/wp-json\/wp\/v2\/media?parent=7805"}],"wp:term":[{"taxonomy":"category","embeddable":true,"href":"https:\/\/blogs.fu-berlin.de\/nederlands\/wp-json\/wp\/v2\/categories?post=7805"},{"taxonomy":"post_tag","embeddable":true,"href":"https:\/\/blogs.fu-berlin.de\/nederlands\/wp-json\/wp\/v2\/tags?post=7805"}],"curies":[{"name":"wp","href":"https:\/\/api.w.org\/{rel}","templated":true}]}}