{"id":7971,"date":"2015-03-19T18:00:31","date_gmt":"2015-03-19T17:00:31","guid":{"rendered":"https:\/\/blogs.fu-berlin.de\/nederlands\/?p=7971"},"modified":"2017-01-08T13:39:30","modified_gmt":"2017-01-08T12:39:30","slug":"wasserschaft-und-deichgraefinnenschaft","status":"publish","type":"post","link":"https:\/\/blogs.fu-berlin.de\/nederlands\/2015\/03\/19\/wasserschaft-und-deichgraefinnenschaft\/","title":{"rendered":"Wasserschaft und Deichgr\u00e4finnenschaft"},"content":{"rendered":"<p>Wann haben Sie zum letzten Mal einen Deichgrafen gew\u00e4hlt? In den Niederlanden war gestern (an einem <a title=\"Zondag\" href=\"https:\/\/blogs.fu-berlin.de\/nederlands\/2015\/02\/15\/zondag\/\" target=\"_blank\">Mittwoch<\/a>!) Gelegenheit dazu. Gew\u00e4hlt wurden vor allem die <em>Provinciale Staten<\/em>, also die Parlamente der Provinzen. Diese bestimmen sp\u00e4ter auch die Mitglieder der <em>Eerste Kamer<\/em> im nationalen Parlament. Zugleich fanden Wahlen f\u00fcr die R\u00e4te der <em>Waterschappen<\/em> statt. Viel Aufmerksamkeit bekommt dieses politische Ereignis nicht, erst recht nicht im Ausland, abgesehen von der Kuriosum-Ecke auf dem Titel der <a href=\"https:\/\/www.onleihe.de\/static\/content\/sz\/20150317\/SZ20150317\/vSZ20150317.pdf\" target=\"_blank\">S\u00fcddeutschen Zeitung<\/a>. Auch in den Niederlanden hatte der Wahlkampf f\u00fcr die Wasserschaften <a href=\"https:\/\/www.ad.nl\/ad\/nl\/1012\/Nederland\/article\/detail\/3874862\/2015\/02\/28\/Posters-van-waterschappen-wat-onhandig-opgehangen.dhtml\" target=\"_blank\">anscheinend<\/a> nicht die gr\u00f6\u00dfte Priorit\u00e4t. Ergebnisse der Provinzwahlen <a href=\"https:\/\/www.volkskrant.nl\/dossier-provinciale-statenverkiezingen-\/dit-moet-u-weten-over-de-uitslag-van-de-provinciale-verkiezingen~a3914799\/?utm_source=dailynewsletter&amp;utm_medium=email&amp;utm_campaign=\" target=\"_blank\">gibt es schon heute<\/a>, wie die Wahlen f\u00fcr die Wasserschaften ausgingen, wird erst morgen zu erfahren sein.<\/p>\n<p>Was ist nun eigentlich eine \u201eWasserschaft\u201c? \u00c4hnlich den deutschen <a href=\"https:\/\/de.wikipedia.org\/wiki\/Deichverband\" target=\"_blank\">Deichverb\u00e4nden<\/a> sind diese demokratisch verfassten politischen Einheiten zust\u00e4ndig f\u00fcr alle Regelungsfragen, die mit dem Wasser zu tun haben. Sie m\u00fcssen zum Beispiel daf\u00fcr sorgen, dass die Deiche stabil bleiben, dass die Wasserstra\u00dfen schiffbar sind und dass die Wasserqualit\u00e4t \u00fcberwacht wird. Bis auf eine <a href=\"https:\/\/fy.wikipedia.org\/wiki\/Blije_B%C3%BBtendyks\" target=\"_blank\">friesische Wasserschaft<\/a> ohne Bev\u00f6lkerung, die keine W\u00e4hler und damit auch keine gew\u00e4hlte Verwaltung hat, steht an der Spitze der Wasserschaftsverwaltung ein <a href=\"https:\/\/www.etymologiebank.nl\/trefwoord\/dijkgraaf\" target=\"_blank\">Deichgraf<\/a> (nl. <em>dijkgraaf<\/em>) &#8211; wo es keine Deiche gibt, stattdessen ein Wassergraf (nl. <em>watergraaf<\/em>). Adelig wurden und werden Deichgrafen mit ihrer Wahl nicht, aber eine prestigetr\u00e4chtige Aufgabe war es stets. Heute haben dieses Amt in einigen Wasserschaften auch <a title=\"Man, vrouw, maatschappij\" href=\"https:\/\/blogs.fu-berlin.de\/nederlands\/2014\/07\/25\/man-vrouw-maatschappij\/\" target=\"_blank\">Frauen<\/a> inne, wobei der Begriff <em>Deichgr\u00e4fin <\/em>sich noch nicht durchgesetzt hat. Die <em>Dijkgravin<\/em> ist bisher Fiktion, n\u00e4mlich als Romanfigur der frankophonen fl\u00e4mischen Schriftstellerin <a href=\"https:\/\/nl.wikipedia.org\/wiki\/Marie_Gevers\" target=\"_blank\">Marie Gevers<\/a>, die im Original 1931 von der <em>comtesse des digues <\/em>schrieb.<\/p>\n<div style=\"width: 225px\" class=\"wp-caption alignright\"><a href=\"https:\/\/nl.wikipedia.org\/wiki\/Klaas_Breebaart\" target=\"_blank\"><img loading=\"lazy\" decoding=\"async\" src=\"https:\/\/upload.wikimedia.org\/wikipedia\/commons\/5\/59\/Klaas_Breebaart_%281808-1899%29.jpg\" alt=\"\" width=\"215\" height=\"307\" \/><\/a><p class=\"wp-caption-text\">Klaas Breebaart, Deichgraf im 19. Jh. und Namenspatron eines Polders in der Provinz Groningen (Foto: F. J. von Kolkow, PD)<\/p><\/div>\n<p>Ebenso feminin wie die Deichgr\u00e4fin sind auf Deutsch alle Wortbildungen auf <em>\u2013schaft<\/em>. <a href=\"https:\/\/homepages.uni-tuebingen.de\/\/henrike.laehnemann\/suffixe.htm#schaft\" target=\"_blank\">Etymologisch<\/a> ist das Suffix im Deutschen ebenso wie das niederl\u00e4ndische <em>\u2013schap<\/em> verwandt mit dem Verb, das wir heute als <em>schaffen <\/em>oder <em>scheppen<\/em> kennen. Das Deutsche kennt laut <a href=\"https:\/\/www.duden.de\/rechtschreibung\/_schaft\" target=\"_blank\">Duden<\/a> drei Bedeutungstypen von <em>\u2013schaft<\/em> bei der Wortbildung, die in \u00e4hnlicher Form auch im Niederl\u00e4ndischen zutreffen:<\/p>\n<ul>\n<li>Beschaffenheit bzw. Zustand, z.B. Schwangerschaft, Gefangenschaft<\/li>\n<li>Ergebnis eines Tuns, z.B. Errungenschaft<\/li>\n<li>Personengruppe oder Gruppe von Dingen, z.B. Beamtenschaft, Lehrerschaft<\/li>\n<\/ul>\n<p>Wohin passt nun die Wasserschaft? Sie ist jedenfalls weder eine Zustandsbezeichnung (die Gebiete bestehen nicht aus Wasser) und auch nicht das Ergebnis einer T\u00e4tigkeit (die Gebiete haben nie <em>gewassert<\/em> und wurden auch nicht <em>gewassert<\/em>). Das dritte Kriterium passt besser, wenn man sich das Zustandekommen der Wasserschaften vor Augen f\u00fchrt: Sie b\u00fcndelten Gebiete, die von bestimmten Gew\u00e4ssern gemeinsam betroffen waren, zum Beispiel weil sie am Ufer gleicher Fl\u00fcsse lagen, hinter demselben Deich, auf demselben Polder oder am gleichen K\u00fcstenabschnitt. Die Wasserschaft ist im \u00fcbertragenen Sinne eine Gruppe von Gebieten um eine Gruppe von Gew\u00e4ssern herum. Allerdings, aufgepasst: In aller Regel w\u00e4ren Gruppennomen im Niederl\u00e4ndischen ebenso wie im Deutschen feminin, wie bei <em>de broederschap<\/em>. Es hei\u00dft aber <em>het waterschap<\/em> und nicht *<em>de waterschap<\/em>. Bei <em>Onze Taal<\/em> behilft man sich einfach mit einer <a href=\"https:\/\/onzetaal.nl\/taaladvies\/advies\/schap-de-het-...schap\" target=\"_blank\">zus\u00e4tzlichen Kategorie<\/a>: Politische Einrichtungen auf <em>\u2013schap <\/em>sind immer Neutra, beispielsweise in <a href=\"https:\/\/nl.wikipedia.org\/wiki\/Woiwodschappen_van_Polen\" target=\"_blank\">Polen<\/a> <em>het woiwodschap<\/em> oder <em>het graafschap<\/em> in <a href=\"https:\/\/nl.wikipedia.org\/wiki\/Graafschappen_van_Engeland\" target=\"_blank\">England<\/a>.<\/p>\n<div style=\"width: 243px\" class=\"wp-caption alignleft\"><a href=\"https:\/\/nl.wikipedia.org\/wiki\/Westerkwartier_%28waterschap%29\" target=\"_blank\"><img loading=\"lazy\" decoding=\"async\" class=\"\" src=\"https:\/\/upload.wikimedia.org\/wikipedia\/commons\/6\/63\/Waterschap_westerkwartier.png\" alt=\"\" width=\"233\" height=\"350\" \/><\/a><p class=\"wp-caption-text\">Pegel der ehem. Waterschap Westerkwartier. (Foto: Netraam, CC-BY-SA 4.0)<\/p><\/div>\n<p>Das macht es beim Sprachenlernen leicht und eindeutig, ist aber auf sprachwissenschaftlicher Ebene noch keine befriedigende Erkl\u00e4rung. Andere niederl\u00e4ndische Neutra auf <em>\u2013schap<\/em> sind \u00c4mter oder Statusangaben, etwa <em>het meesterschap<\/em> oder <em>het premierschap<\/em>. Man kann problemlos <em>het premierschap<\/em> innehaben oder <em>het meesterschap <\/em><a title=\"Leistung geliefert, Ziel geholt\" href=\"https:\/\/blogs.fu-berlin.de\/nederlands\/2015\/01\/26\/leistung-geliefert-ziel-geholt\/\" target=\"_blank\">erreichen<\/a>, <em>het waterschap<\/em> hat aber niemand inne. Obwohl es um eine politische Funktion in der Gesellschaft geht, passen Verwaltungseinheiten auf <em>\u2013schap<\/em> nicht direkt in diese Kategorie. Solange an der Spitze eine einzelne Person steht (oder historisch stand), ist die \u00dcbertragung nachvollziehbar. Wer die Grafschaft innehat, steht an der Spitze der Grafschaft. Bei der Wasserschaft funktioniert das nicht, sie m\u00fcsste sonst <em>dijkgraafschap<\/em> oder <em>watergraafschap<\/em> hei\u00dfen. Wie der grammatische und semantische Wandel einer Gruppe von Dingen hin zu einer politischen Einheit aussieht, und warum damit ein verschiedenes Genus verbunden ist, braucht offenbar eine kompliziertere Erkl\u00e4rung. Bis die gefunden ist, sind die Wasserschaften m\u00f6glicherweise l\u00e4ngst abge<em>schafft<\/em>.<\/p>\n","protected":false},"excerpt":{"rendered":"<p>Wann haben Sie zum letzten Mal einen Deichgrafen gew\u00e4hlt? In den Niederlanden war gestern (an einem Mittwoch!) Gelegenheit dazu. Gew\u00e4hlt wurden vor allem die Provinciale Staten, also die Parlamente der Provinzen. Diese bestimmen sp\u00e4ter auch die Mitglieder der Eerste Kamer im nationalen Parlament. Zugleich fanden Wahlen f\u00fcr die R\u00e4te der Waterschappen statt. Viel Aufmerksamkeit bekommt [&hellip;]<\/p>\n","protected":false},"author":2044,"featured_media":0,"comment_status":"open","ping_status":"open","sticky":false,"template":"","format":"standard","meta":{"footnotes":""},"categories":[1,10102,23489,720,3099,6941],"tags":[44141,116],"class_list":["post-7971","post","type-post","status-publish","format-standard","hentry","category-allgemein","category-etymologie","category-grammatik","category-niederlande","category-sprachvergleich","category-wortbildung","tag-beitraege-auf-deutsch","tag-politik"],"_links":{"self":[{"href":"https:\/\/blogs.fu-berlin.de\/nederlands\/wp-json\/wp\/v2\/posts\/7971","targetHints":{"allow":["GET"]}}],"collection":[{"href":"https:\/\/blogs.fu-berlin.de\/nederlands\/wp-json\/wp\/v2\/posts"}],"about":[{"href":"https:\/\/blogs.fu-berlin.de\/nederlands\/wp-json\/wp\/v2\/types\/post"}],"author":[{"embeddable":true,"href":"https:\/\/blogs.fu-berlin.de\/nederlands\/wp-json\/wp\/v2\/users\/2044"}],"replies":[{"embeddable":true,"href":"https:\/\/blogs.fu-berlin.de\/nederlands\/wp-json\/wp\/v2\/comments?post=7971"}],"version-history":[{"count":18,"href":"https:\/\/blogs.fu-berlin.de\/nederlands\/wp-json\/wp\/v2\/posts\/7971\/revisions"}],"predecessor-version":[{"id":8029,"href":"https:\/\/blogs.fu-berlin.de\/nederlands\/wp-json\/wp\/v2\/posts\/7971\/revisions\/8029"}],"wp:attachment":[{"href":"https:\/\/blogs.fu-berlin.de\/nederlands\/wp-json\/wp\/v2\/media?parent=7971"}],"wp:term":[{"taxonomy":"category","embeddable":true,"href":"https:\/\/blogs.fu-berlin.de\/nederlands\/wp-json\/wp\/v2\/categories?post=7971"},{"taxonomy":"post_tag","embeddable":true,"href":"https:\/\/blogs.fu-berlin.de\/nederlands\/wp-json\/wp\/v2\/tags?post=7971"}],"curies":[{"name":"wp","href":"https:\/\/api.w.org\/{rel}","templated":true}]}}