{"id":8476,"date":"2015-07-11T08:30:44","date_gmt":"2015-07-11T06:30:44","guid":{"rendered":"https:\/\/blogs.fu-berlin.de\/nederlands\/?p=8476"},"modified":"2018-07-29T22:48:10","modified_gmt":"2018-07-29T20:48:10","slug":"goedendag","status":"publish","type":"post","link":"https:\/\/blogs.fu-berlin.de\/nederlands\/2015\/07\/11\/goedendag\/","title":{"rendered":"Goedendag!"},"content":{"rendered":"<p>Het is vandaag 11 juli, de offici\u00eble <a href=\"https:\/\/docs.vlaanderen.be\/channels\/hoofdmenu\/vlaamseoverheid\/feestdag.jsp\" target=\"_blank\" rel=\"noopener\">feestdag<\/a> van de Vlaamse Gemeenschap ter herdenking van de <a href=\"https:\/\/nl.wikipedia.org\/wiki\/Guldensporenslag\" target=\"_blank\" rel=\"noopener\">Guldensporenslag<\/a> die in 1302 plaatsvond.<\/p>\n<div style=\"width: 152px\" class=\"wp-caption alignleft\"><a href=\"https:\/\/commons.wikimedia.org\/wiki\/File:Statue_of_Jan_Breydel_%26_Pieter_de_Coninck,_Bruges.jpg\" target=\"_blank\" rel=\"noopener\"><img loading=\"lazy\" decoding=\"async\" src=\"https:\/\/upload.wikimedia.org\/wikipedia\/commons\/thumb\/5\/50\/Statue_of_Jan_Breydel_%26_Pieter_de_Coninck%2C_Bruges.jpg\/142px-Statue_of_Jan_Breydel_%26_Pieter_de_Coninck%2C_Bruges.jpg\" alt=\"\" width=\"142\" height=\"240\" \/><\/a><p class=\"wp-caption-text\">Jan Breydel + Pieter de Coninck (Dobbelaere, CC-BY-SA-2.0)<\/p><\/div>\n<div style=\"width: 179px\" class=\"wp-caption alignright\"><a href=\"https:\/\/nl.wikipedia.org\/wiki\/Guldensporenslag\" target=\"_blank\" rel=\"noopener\"><img loading=\"lazy\" decoding=\"async\" src=\"https:\/\/upload.wikimedia.org\/wikipedia\/commons\/thumb\/1\/19\/Goedendags_in_het_museum_Kortrijk_1302_9-01-2010_14-20-13.JPG\/320px-Goedendags_in_het_museum_Kortrijk_1302_9-01-2010_14-20-13.JPG\" alt=\"\" width=\"169\" height=\"77\" \/><\/a><p class=\"wp-caption-text\">Goedendags (P. Hermans, GFDLCC-BY-SA-3.0,2.5,2.0,1.0)<\/p><\/div>\n<p>713 jaar geleden trokken de burgers van Brugge en andere Vlaamse steden met een goedendag (rechts) ten strijde tegen het leger van <a href=\"https:\/\/nl.wikipedia.org\/wiki\/Filips_IV_van_Frankrijk\" target=\"_blank\" rel=\"noopener\">Filips IV<\/a>, bijgenaamd de Schone. De koning van Frankrijk wilde met het graafschap Vlaanderen korte metten (<em>kurzen Prozess<\/em>) maken. Dat was buiten de waard gerekend (<em><span id=\"a554547\" class=\"ga\"><span class=\"gah\"><span class=\"gy gah1\"><span class=\"gv\"><span id=\"v81965\" class=\"gq gad\"><span class=\"gg\"><span class=\"gaj\">die Rechnung ohne den Wirt machen<\/span><\/span><\/span><\/span><\/span><\/span><\/span><\/em>). De <a href=\"https:\/\/blogs.fu-berlin.de\/nederlands\/2015\/06\/24\/met-gepaste-trots\/\" target=\"_blank\" rel=\"noopener\">trotse<\/a> Franse ruiters bleven in de modder steken en onder leiding van Jan Breydel en Pieter de Coninck (links) behaalden de Vlaamse <a href=\"https:\/\/nl.wikipedia.org\/wiki\/Liebaards\" target=\"_blank\" rel=\"noopener\">liebaards<\/a> de overwinning. De gouden sporen van het Franse ruitervolk lagen voor het oprapen.<\/p>\n<p>Dit is natuurlijk een heel simpele voorstelling van zaken. Belangrijk om te weten is in de eerste plaats dat het grondgebied van het historische Vlaanderen niet overeenkomt met dat van het huidige Vlaanderen, zie deze historische <a href=\"https:\/\/nl.wikipedia.org\/wiki\/Graafschap_Vlaanderen\" target=\"_blank\" rel=\"noopener\">kaarten<\/a>. En het graafschap genoot relatief veel autonomie. Steden als <a href=\"https:\/\/blogs.fu-berlin.de\/nederlands\/2015\/07\/07\/ode-aan-de-ode-de-30-000e-last-post\/\" target=\"_blank\" rel=\"noopener\">Ieper<\/a>, Brugge en Gent kenden een grote rijkdom die ze door de lakenindustrie en -handel hadden verworven, wat hun zelfverzekerde protest tegen de Franse koning, mede verklaart.<\/p>\n<div style=\"width: 141px\" class=\"wp-caption alignright\"><a href=\"https:\/\/commons.wikimedia.org\/wiki\/File:Coat_of_Arms_of_Flanders_%28according_to_the_Gelre_Armorial%29.svg\" target=\"_blank\" rel=\"noopener\"><img loading=\"lazy\" decoding=\"async\" src=\"https:\/\/upload.wikimedia.org\/wikipedia\/commons\/thumb\/9\/97\/Coat_of_Arms_of_Flanders_%28according_to_the_Gelre_Armorial%29.svg\/102px-Coat_of_Arms_of_Flanders_%28according_to_the_Gelre_Armorial%29.svg.png\" alt=\"\" width=\"131\" height=\"308\" \/><\/a><p class=\"wp-caption-text\">Wapen v.d. graaf van Vlaanderen (Kathisma, CC-BY-3.0)<\/p><\/div>\n<p>We gaan met <span id=\"a582659\" class=\"ga\"><span class=\"gah\"><span class=\"gy gah1\"><span class=\"gv\"><span id=\"v86573\" class=\"gq gad gk\"><span class=\"gg\"><span class=\"gba\">zevenmijlslaarzen<\/span><span class=\"gaj\"> (<em>Siebenmeilenstiefeln<\/em>) door de geschiedenis en zijn <a href=\"https:\/\/blogs.fu-berlin.de\/nederlands\/2015\/03\/24\/pardaf-een-boekenweekgeschenk\/\" target=\"_blank\" rel=\"noopener\">pardaf<\/a> (<em>pl\u00f6tzlich<\/em>) in de 19e eeuw. <a href=\"https:\/\/nl.wikipedia.org\/wiki\/Hendrik_Conscience\" target=\"_blank\" rel=\"noopener\">Hendrik Concience<\/a> &#8211; hij schreef aanvankelijk in het Frans &#8211; deed met zijn historische roman <em>De leeuw van Vlaanderen<\/em>, een liefdesverhaal tegen de achtergrond van de Guldensporenslag, veel Vlaams stof opwaaien. Na de onafhankelijkheid (1830) was <\/span><\/span><\/span><\/span><\/span><\/span><\/span><span id=\"a582659\" class=\"ga\"><span class=\"gah\"><span class=\"gy gah1\"><span class=\"gv\"><span id=\"v86573\" class=\"gq gad gk\"><span class=\"gg\"><span class=\"gaj\">Belgi\u00eb<\/span><\/span><\/span><\/span><\/span><\/span><\/span><span id=\"a582659\" class=\"ga\"><span class=\"gah\"><span class=\"gy gah1\"><span class=\"gv\"><span id=\"v86573\" class=\"gq gad gk\"><span class=\"gg\"><span class=\"gaj\"> eentalig Frans geworden en als reactie daarop onstond in de noordelijke provincies, waar overwegend dialect (naast Vlaams ook Brabants en Limburgs) gesproken werd, de <a href=\"https:\/\/nl.wikipedia.org\/wiki\/Vlaamse_Beweging\" target=\"_blank\" rel=\"noopener\">Vlaamse Beweging<\/a>. Deze emancipatiebeweging zette zich in voor het Nederlands als lingua franca in dit gebied. En dan zo&#8217;n roman! Vandaar dat Concience de geschiedenis is ingegaan als de man <\/span><\/span><\/span><\/span><\/span><\/span><\/span><span id=\"a582659\" class=\"ga\"><span class=\"gah\"><span class=\"gy gah1\"><span class=\"gv\"><span id=\"v86573\" class=\"gq gad gk\"><span class=\"gg\"><span class=\"gaj\">&#8222;die zijn volk leerde lezen&#8220;.<\/span><\/span><\/span><\/span><\/span><\/span><\/span><\/p>\n<p><em>De leeuw van Vlaanderen<\/em> werd trouwens naar een draaiboek van <a href=\"https:\/\/nl.wikipedia.org\/wiki\/Hugo_Claus\" target=\"_blank\" rel=\"noopener\">Hugo Claus<\/a> (1929-2008) <a href=\"https:\/\/www.youtube.com\/watch?v=F3aeuEWUvWY\" target=\"_blank\" rel=\"noopener\">verfilmd<\/a>.<\/p>\n<p>In de strijd voor het Nederlands (en tegen het Frans) bezon men zich op het eigen grote, rijke verleden &#8211; dat van het graafschap Vlaanderen. Zo kwam het dat in de loop van de tijd het begrip <em>Vlaanderen<\/em> uitdijde tot de benaming voor dat deel van Belgi\u00eb<span id=\"a582659\" class=\"ga\"><span id=\"v86573\" class=\"gq gad gk\"><\/span><\/span> waar Nederlands (in elk geval geen Frans) werd gesproken. Het adjectief <em>Vlaams<\/em> had niet langer alleen betrekking op het westen van Belgi\u00eb, de provincies West- en Oost-Vlaanderen, het strekte zich uit tot aan de Duitse grens en omvatte ook (het grootste deel van) de provincies Brabant en Limburg. Het Vlaams is dus eigenlijk een West-Belgische dialectengroep, maar de Vlamingen gebruiken het woord meestal als synoniem voor het Nederlands in Belgi\u00eb. Vlaanderen is tegenwoordig de offici\u00eble naam voor Nederlandstalig Belgi\u00eb. De Vlaamse Gemeenschap en het Vlaams Gewest vormen samen de Vlaamse (deelstaat)regering.<\/p>\n<p>Nog een paar woorden over Brussel, een Brabantse stad maar verfranst (<em>franz\u00f6sisiert<\/em>).<br \/>\nHerg\u00e9, de Franstalige vader van Kuifje (<em>Tim<\/em> van <em>Tim und Struppie<\/em>) kende en gebruikte het Brussels dialect: het <a href=\"https:\/\/nl.wikipedia.org\/wiki\/De_scepter_van_Ottokar\" target=\"_blank\" rel=\"noopener\">Syldavisch<\/a> in <em>De scepter van Ottokar<\/em> (<em>K\u00f6nig Ottokars Zepter<\/em>) is een fonetische weergave van het Brusselse &#8222;Vlaams&#8220;. De wapenspreuk van Ottokar: <i>Eih bennek, eih blavek<\/i>.<br \/>\n<strong><i>Ama\u00efh!<\/i><\/strong><\/p>\n<p>Een Brusselse zanger &#8211; de Walen (<em>Wallonen<\/em>) verkozen hem tot <a href=\"https:\/\/nl.wikipedia.org\/wiki\/De_Grootste_Belg\" target=\"_blank\" rel=\"noopener\">de grootste Belg<\/a> aller tijden, bij de Vlamingen stond hij op plaats 7 &#8211; antwoordde op de vraag van een Franse journalist of hij het niet erg vond uit zo&#8217;n klein, onbekend landje te komen [sic]:<em> Mais non, moi, je suis flamand, je suis belge!<\/em><br \/>\n<strong>Mooi toch?<\/strong><\/p>\n<div class=\"lyte-wrapper\" style=\"width:640px;max-width:100%;margin:5px;\"><div class=\"lyMe\" id=\"WYL_rzeZcdW4Pbo\"><div id=\"lyte_rzeZcdW4Pbo\" data-src=\"https:\/\/blogs.fu-berlin.de\/nederlands\/wp-content\/plugins\/wp-youtube-lyte\/lyteCache.php?origThumbUrl=%2F%2Fi.ytimg.com%2Fvi%2FrzeZcdW4Pbo%2Fhqdefault.jpg\" class=\"pL\"><div class=\"tC\"><div class=\"tT\"><\/div><\/div><div class=\"play\"><\/div><div class=\"ctrl\"><div class=\"Lctrl\"><\/div><div class=\"Rctrl\"><\/div><\/div><\/div><noscript><a href=\"https:\/\/youtu.be\/rzeZcdW4Pbo\" rel=\"nofollow\"><img loading=\"lazy\" decoding=\"async\" src=\"https:\/\/blogs.fu-berlin.de\/nederlands\/wp-content\/plugins\/wp-youtube-lyte\/lyteCache.php?origThumbUrl=https%3A%2F%2Fi.ytimg.com%2Fvi%2FrzeZcdW4Pbo%2F0.jpg\" alt=\"YouTube-Video-Thumbnail\" width=\"640\" height=\"340\" \/><br \/>Dieses Video auf YouTube ansehen<\/a><\/noscript><\/div><\/div><div class=\"lL\" style=\"max-width:100%;width:640px;margin:5px;\"><br\/><span class=\"lyte_disclaimer\">ACHTUNG: Daten nach YouTube werden erst beim Abspielen des Videos \u00fcbertragen.<\/span><\/div><\/p>\n<hr \/>\n<p><span style=\"color: #808080\">JB heeft dit lied ook in het <a href=\"https:\/\/www.youtube.com\/watch?v=F6vSjSUbSS0\" target=\"_blank\" rel=\"noopener\">Nederlands<\/a> gezongen. Hier de <a href=\"https:\/\/www.songtexte.com\/songtext\/jacques-brel\/mijn-vlakke-land-5bd4a3d8.html\" target=\"_blank\" rel=\"noopener\">tekst<\/a>. Wilt u hem ook tweetalig horen zingen, dan luister eens naar <a href=\"https:\/\/www.youtube.com\/watch?v=faMV_drSouA\" target=\"_blank\" rel=\"noopener\">Marieke<\/a>.<\/span><\/p>\n","protected":false},"excerpt":{"rendered":"<p>Het is vandaag 11 juli, de offici\u00eble feestdag van de Vlaamse Gemeenschap ter herdenking van de Guldensporenslag die in 1302 plaatsvond. 713 jaar geleden trokken de burgers van Brugge en andere Vlaamse steden met een goedendag (rechts) ten strijde tegen het leger van Filips IV, bijgenaamd de Schone. De koning van Frankrijk wilde met het [&hellip;]<\/p>\n","protected":false},"author":1834,"featured_media":0,"comment_status":"open","ping_status":"open","sticky":false,"template":"","format":"standard","meta":{"footnotes":""},"categories":[1,2983,3099],"tags":[471],"class_list":["post-8476","post","type-post","status-publish","format-standard","hentry","category-allgemein","category-belgien","category-sprachvergleich","tag-geschichte"],"_links":{"self":[{"href":"https:\/\/blogs.fu-berlin.de\/nederlands\/wp-json\/wp\/v2\/posts\/8476","targetHints":{"allow":["GET"]}}],"collection":[{"href":"https:\/\/blogs.fu-berlin.de\/nederlands\/wp-json\/wp\/v2\/posts"}],"about":[{"href":"https:\/\/blogs.fu-berlin.de\/nederlands\/wp-json\/wp\/v2\/types\/post"}],"author":[{"embeddable":true,"href":"https:\/\/blogs.fu-berlin.de\/nederlands\/wp-json\/wp\/v2\/users\/1834"}],"replies":[{"embeddable":true,"href":"https:\/\/blogs.fu-berlin.de\/nederlands\/wp-json\/wp\/v2\/comments?post=8476"}],"version-history":[{"count":51,"href":"https:\/\/blogs.fu-berlin.de\/nederlands\/wp-json\/wp\/v2\/posts\/8476\/revisions"}],"predecessor-version":[{"id":17207,"href":"https:\/\/blogs.fu-berlin.de\/nederlands\/wp-json\/wp\/v2\/posts\/8476\/revisions\/17207"}],"wp:attachment":[{"href":"https:\/\/blogs.fu-berlin.de\/nederlands\/wp-json\/wp\/v2\/media?parent=8476"}],"wp:term":[{"taxonomy":"category","embeddable":true,"href":"https:\/\/blogs.fu-berlin.de\/nederlands\/wp-json\/wp\/v2\/categories?post=8476"},{"taxonomy":"post_tag","embeddable":true,"href":"https:\/\/blogs.fu-berlin.de\/nederlands\/wp-json\/wp\/v2\/tags?post=8476"}],"curies":[{"name":"wp","href":"https:\/\/api.w.org\/{rel}","templated":true}]}}