{"id":8735,"date":"2015-06-28T09:28:21","date_gmt":"2015-06-28T07:28:21","guid":{"rendered":"https:\/\/blogs.fu-berlin.de\/nederlands\/?p=8735"},"modified":"2017-01-08T13:36:42","modified_gmt":"2017-01-08T12:36:42","slug":"hulanda","status":"publish","type":"post","link":"https:\/\/blogs.fu-berlin.de\/nederlands\/2015\/06\/28\/hulanda\/","title":{"rendered":"(H)ulanda"},"content":{"rendered":"<p>Das Verh\u00e4ltnis zwischen Holland und den Niederlanden war <a href=\"https:\/\/blogs.fu-berlin.de\/nederlands\/2015\/04\/10\/herausforderungen-der-hollandistik\/\" target=\"_blank\">vor Kurzem<\/a> und <a href=\"https:\/\/blogs.fu-berlin.de\/nederlands\/2014\/04\/15\/pars-pro-toto\/\" target=\"_blank\">vor L\u00e4ngerem<\/a> schon Thema. Es ist nicht so schwer zu begreifen und liefert trotzdem immer wieder neuen Anlass zum Nachdenken.<\/p>\n<p>Die Regierung von Cura\u00e7ao zum Beispiel sieht die Insel als Teil des <em>Reino Hulandes<\/em>. (Oder auch des <em>Reino Ulandes<\/em> \u2013 die Schreibung variiert selbst auf dem <a href=\"https:\/\/www.gobiernu.cw\/web\/site.nsf\/web\/F5FB2C6A23F46E550425781F006FD3ED?opendocument\" target=\"_blank\">offiziellen Regierungsportal<\/a>.) Nun wissen wir, dass das eigentlich nicht sein kann. Wir unterscheiden schlie\u00dflich gewissenhaft zwischen der Region\u00a0<em>Holland<\/em>, dem gesamten Land <em>Nederland<\/em> und dem <em>Koninkrijk der Nederlanden<\/em>, dem auch die verschiedenen Teill\u00e4nder in der Karibik angeh\u00f6ren.<\/p>\n<p>Hat Cura\u00e7ao da etwas falsch verstanden? Glaubt man in Willemstad, dass die eigene Insel Teil des <em>K\u00f6nigreichs Holland <\/em>ist? Man kann davon ausgehen, dass die dortige Regierung ziemlich genau \u00fcber den eigenen politischen Status Bescheid wei\u00df. Dar\u00fcber wacht schlie\u00dflich nicht zuletzt in der <a href=\"https:\/\/www.vertegenwoordigingcuracao.nl\/\" target=\"_blank\">Kas di K\u00f2rsou<\/a> (<em>Haus von Cura\u00e7ao<\/em>) in Den Haag der <em>Gevolmachtigde Minister <\/em>(auf Deutsch ein <strong><em>be<\/em><\/strong>vollm\u00e4chtiger Minister, auf Papiamentu der<em> minister plenipotensiario<\/em>).<\/p>\n<div style=\"width: 250px\" class=\"wp-caption alignright\"><a href=\"https:\/\/www.vertegenwoordigingcuracao.nl\/\" target=\"_blank\"><img loading=\"lazy\" decoding=\"async\" src=\"https:\/\/www.vertegenwoordigingcuracao.nl\/images\/jp\/kasdikorsou.jpg\" alt=\"\" width=\"240\" height=\"210\" \/><\/a><p class=\"wp-caption-text\">Vertretung von Cura\u00e7ao in Den Haag (Foto: Kabinet van de Gevolmachtigde Minister van Cura\u00e7ao)<\/p><\/div>\n<p>Die L\u00f6sung ist simpel: Das Papiamentu hat das gel\u00e4ufigere Wort entlehnt. <em>Hulanda<\/em> bedeutet schlichtweg <em>Niederlande<\/em>. <em>Hulandes<\/em> bedeutet <em>Niederl\u00e4ndisch<\/em>. Es mag ungewohnt sein, denn auf den ersten Blick kommt uns das ungenau vor. Aber so sind <a href=\"https:\/\/blogs.fu-berlin.de\/nederlands\/2015\/05\/15\/leenwoord-njet\/\" target=\"_blank\">Lehnw\u00f6rter<\/a> nun einmal: Sie schaffen sich beim \u00dcbergang in eine andere Sprache eine neue Bedeutung und scheren sich nicht unbedingt um die Semantik der Ausgangssprache. Bei Anglizismen wie <em>Public Viewing <\/em>und <em>Bodybag <\/em>hat das schon viele zur Wei\u00dfglut getrieben. W\u00e4hrend wir auf Deutsch <em>Holl\u00e4ndisch<\/em> nur in der Umgangssprache sagen, ist <em>Hulanda<\/em> auf Papiamentu v\u00f6llig korrekt.<\/p>\n<p>An Differenzierung mangelt es trotzdem nicht. Die Region Holland und die beiden Provinzen k\u00f6nnen als zweite Entlehnung weiterhin einfach <em>Holland<\/em> hei\u00dfen (etwa bei der Erl\u00e4uterung zur Aufl\u00f6sung der Niederl\u00e4ndischen Antillen in der <a href=\"https:\/\/pap.wikipedia.org\/wiki\/Disolucion_di_Antia_Hulandes#Cambio_constitucional\" target=\"_blank\">Wikipedia auf Papiamentu<\/a>).<\/p>\n<p>Der bevollm\u00e4chtigte Minister untersteht \u00fcbrigens dem <em>Ministerio di Asuntunan General<\/em>. So niederl\u00e4ndisch ist man dann doch: Auch wenn sich die Bezeichnung auf Papiamentu tarnt, ist es doch eine glasklare Lehn\u00fcbersetzung des <a href=\"https:\/\/blogs.fu-berlin.de\/nederlands\/2015\/03\/23\/allgemein-und-generell\/\" target=\"_blank\"><em>Ministerie van Algemene Zaken<\/em><\/a>.<\/p>\n","protected":false},"excerpt":{"rendered":"<p>Das Verh\u00e4ltnis zwischen Holland und den Niederlanden war vor Kurzem und vor L\u00e4ngerem schon Thema. Es ist nicht so schwer zu begreifen und liefert trotzdem immer wieder neuen Anlass zum Nachdenken. Die Regierung von Cura\u00e7ao zum Beispiel sieht die Insel als Teil des Reino Hulandes. (Oder auch des Reino Ulandes \u2013 die Schreibung variiert selbst [&hellip;]<\/p>\n","protected":false},"author":2044,"featured_media":0,"comment_status":"open","ping_status":"open","sticky":false,"template":"","format":"standard","meta":{"footnotes":""},"categories":[1207,720,3099,6940],"tags":[44141,116],"class_list":["post-8735","post","type-post","status-publish","format-standard","hentry","category-karibik","category-niederlande","category-sprachvergleich","category-wortschatz","tag-beitraege-auf-deutsch","tag-politik"],"_links":{"self":[{"href":"https:\/\/blogs.fu-berlin.de\/nederlands\/wp-json\/wp\/v2\/posts\/8735","targetHints":{"allow":["GET"]}}],"collection":[{"href":"https:\/\/blogs.fu-berlin.de\/nederlands\/wp-json\/wp\/v2\/posts"}],"about":[{"href":"https:\/\/blogs.fu-berlin.de\/nederlands\/wp-json\/wp\/v2\/types\/post"}],"author":[{"embeddable":true,"href":"https:\/\/blogs.fu-berlin.de\/nederlands\/wp-json\/wp\/v2\/users\/2044"}],"replies":[{"embeddable":true,"href":"https:\/\/blogs.fu-berlin.de\/nederlands\/wp-json\/wp\/v2\/comments?post=8735"}],"version-history":[{"count":8,"href":"https:\/\/blogs.fu-berlin.de\/nederlands\/wp-json\/wp\/v2\/posts\/8735\/revisions"}],"predecessor-version":[{"id":9213,"href":"https:\/\/blogs.fu-berlin.de\/nederlands\/wp-json\/wp\/v2\/posts\/8735\/revisions\/9213"}],"wp:attachment":[{"href":"https:\/\/blogs.fu-berlin.de\/nederlands\/wp-json\/wp\/v2\/media?parent=8735"}],"wp:term":[{"taxonomy":"category","embeddable":true,"href":"https:\/\/blogs.fu-berlin.de\/nederlands\/wp-json\/wp\/v2\/categories?post=8735"},{"taxonomy":"post_tag","embeddable":true,"href":"https:\/\/blogs.fu-berlin.de\/nederlands\/wp-json\/wp\/v2\/tags?post=8735"}],"curies":[{"name":"wp","href":"https:\/\/api.w.org\/{rel}","templated":true}]}}