{"id":9115,"date":"2015-06-12T16:10:35","date_gmt":"2015-06-12T14:10:35","guid":{"rendered":"https:\/\/blogs.fu-berlin.de\/nederlands\/?p=9115"},"modified":"2015-06-12T16:04:22","modified_gmt":"2015-06-12T14:04:22","slug":"belgien-begreifen","status":"publish","type":"post","link":"https:\/\/blogs.fu-berlin.de\/nederlands\/2015\/06\/12\/belgien-begreifen\/","title":{"rendered":"Belgien begreifen"},"content":{"rendered":"<p>Wer begreift schon Belgien? Wir versuchen uns daran, es begreiflicher zu machen.<\/p>\n<p>Und zwar nicht nur hier auf unserem Blog: Unter dem Titel <em>Waffeleisenpolitik und Streit um Sprachen <\/em>macht die Niederl\u00e4ndische Philologie der FU mit bei der <strong>Langen Nacht der Wissenschaften 2015<\/strong>.<\/p>\n<p>Auf dem Programm: Quizspiele und R\u00e4tsel zu Sprachen und Kultur in Belgien, frische Waffeln und Zitronengenever, Comics und Gedichte, belgische Musik und Basteln f\u00fcr Kinder.<\/p>\n<p>Um 19:00 Uhr und 21:00 Uhr gibt es zus\u00e4tzliche Erl\u00e4uterungen von Matthias H\u00fcning zur sprachlichen und politischen Komplexit\u00e4t Belgiens unter dem Titel<a href=\"https:\/\/upload.wikimedia.org\/wikipedia\/commons\/2\/28\/Middle_coat_of_arms_of_Belgium.svg?uselang=de\"><img loading=\"lazy\" decoding=\"async\" class=\"alignright\" src=\"https:\/\/upload.wikimedia.org\/wikipedia\/commons\/2\/28\/Middle_coat_of_arms_of_Belgium.svg?uselang=de\" alt=\"\" width=\"210\" height=\"235\" \/><\/a><\/p>\n<blockquote><p>Warum dieser Vortrag nicht auf Belgisch sein kann<\/p><\/blockquote>\n<p>Die Beitr\u00e4ge wurden gemeinsam mit Studierenden erarbeitet, die sich damit zugleich auf eine landeskundliche Exkursion im kommenden August vorbereitet haben.<\/p>\n<p>Alle Belgien-Neugierigen sind herzlich eingeladen, uns zu besuchen:<\/p>\n<p>Samstag, 13.06.2015, 17.00 bis 0.00 Uhr<\/p>\n<p>Rost-\/Silberlaube der Freien Universit\u00e4t Berlin (Habelschwerdter Allee 45)<\/p>\n<p>Raum K 24\/11<\/p>\n<p>Weitere Informationen zu Anfahrt, Eintritt und Programm gibt es auf der <a href=\"https:\/\/www.langenachtderwissenschaften.de\" target=\"_blank\">Website der Langen Nacht der Wissenschaften<\/a>.<\/p>\n","protected":false},"excerpt":{"rendered":"<p>Wer begreift schon Belgien? Wir versuchen uns daran, es begreiflicher zu machen. Und zwar nicht nur hier auf unserem Blog: Unter dem Titel Waffeleisenpolitik und Streit um Sprachen macht die Niederl\u00e4ndische Philologie der FU mit bei der Langen Nacht der Wissenschaften 2015. Auf dem Programm: Quizspiele und R\u00e4tsel zu Sprachen und Kultur in Belgien, frische [&hellip;]<\/p>\n","protected":false},"author":2044,"featured_media":0,"comment_status":"open","ping_status":"open","sticky":false,"template":"","format":"standard","meta":{"footnotes":""},"categories":[2983],"tags":[],"class_list":["post-9115","post","type-post","status-publish","format-standard","hentry","category-belgien"],"_links":{"self":[{"href":"https:\/\/blogs.fu-berlin.de\/nederlands\/wp-json\/wp\/v2\/posts\/9115","targetHints":{"allow":["GET"]}}],"collection":[{"href":"https:\/\/blogs.fu-berlin.de\/nederlands\/wp-json\/wp\/v2\/posts"}],"about":[{"href":"https:\/\/blogs.fu-berlin.de\/nederlands\/wp-json\/wp\/v2\/types\/post"}],"author":[{"embeddable":true,"href":"https:\/\/blogs.fu-berlin.de\/nederlands\/wp-json\/wp\/v2\/users\/2044"}],"replies":[{"embeddable":true,"href":"https:\/\/blogs.fu-berlin.de\/nederlands\/wp-json\/wp\/v2\/comments?post=9115"}],"version-history":[{"count":6,"href":"https:\/\/blogs.fu-berlin.de\/nederlands\/wp-json\/wp\/v2\/posts\/9115\/revisions"}],"predecessor-version":[{"id":9121,"href":"https:\/\/blogs.fu-berlin.de\/nederlands\/wp-json\/wp\/v2\/posts\/9115\/revisions\/9121"}],"wp:attachment":[{"href":"https:\/\/blogs.fu-berlin.de\/nederlands\/wp-json\/wp\/v2\/media?parent=9115"}],"wp:term":[{"taxonomy":"category","embeddable":true,"href":"https:\/\/blogs.fu-berlin.de\/nederlands\/wp-json\/wp\/v2\/categories?post=9115"},{"taxonomy":"post_tag","embeddable":true,"href":"https:\/\/blogs.fu-berlin.de\/nederlands\/wp-json\/wp\/v2\/tags?post=9115"}],"curies":[{"name":"wp","href":"https:\/\/api.w.org\/{rel}","templated":true}]}}