{"id":9502,"date":"2015-09-05T08:47:46","date_gmt":"2015-09-05T06:47:46","guid":{"rendered":"https:\/\/blogs.fu-berlin.de\/nederlands\/?p=9502"},"modified":"2015-08-31T20:06:30","modified_gmt":"2015-08-31T18:06:30","slug":"oude-koeien","status":"publish","type":"post","link":"https:\/\/blogs.fu-berlin.de\/nederlands\/2015\/09\/05\/oude-koeien\/","title":{"rendered":"Oude koeien"},"content":{"rendered":"<div style=\"width: 158px\" class=\"wp-caption alignright\"><a href=\"https:\/\/commons.wikimedia.org\/wiki\/File:Blaarkop.JPG\" target=\"_blank\"><img loading=\"lazy\" decoding=\"async\" src=\"https:\/\/upload.wikimedia.org\/wikipedia\/commons\/thumb\/f\/fe\/Blaarkop.JPG\/226px-Blaarkop.JPG\" alt=\"\" width=\"148\" height=\"156\" \/><\/a><p class=\"wp-caption-text\">Blaarkop (Tjibbe, PD-self)<\/p><\/div>\n<p><a href=\"https:\/\/commons.wikimedia.org\/wiki\/File:Gota_icono.png\" target=\"_blank\"><img loading=\"lazy\" decoding=\"async\" class=\"alignleft\" src=\"https:\/\/upload.wikimedia.org\/wikipedia\/commons\/8\/8e\/Gota_icono.png\" alt=\"\" width=\"37\" height=\"37\" \/><\/a>Ik had u beloofd dat ik nog eens op <a href=\"https:\/\/blogs.fu-berlin.de\/nederlands\/2015\/07\/23\/met-de-hakken-over-de-sloot\/\" target=\"_blank\">de sloot<\/a> zou terugkomen. U weet nog dat sloten Nederlandse weilanden doorkruisen; en zo wil er ook wel eens een koe in de sloot terechtkomen (<em>landen<\/em>). Die wordt er natuurlijk weer uit geholpen.<\/p>\n<p>Maar <strong>oude koeien uit de sloot halen<\/strong>&#8230;? (<span class=\"ga\"><span class=\"gah\"><span class=\"gy gah1\"><span class=\"gv\"><span class=\"gq gad gk\"><span class=\"gg\"><span class=\"gaj\"><em>alte Geschichten wieder aufw\u00e4rmen<\/em>)<\/span><\/span><\/span><\/span><\/span><\/span><\/span><\/p>\n<p><span id=\"a442873\" class=\"ga\"><span class=\"gah\"><span class=\"gy gah1\"><span class=\"gv\"><span id=\"v63752\" class=\"gq gad gk\"><span class=\"gg\"><span class=\"gaj\">Ja, \u00e9\u00e9n ouwe koe haal ik tevoorschijn &#8211; past indirect bij onze kleine serie waterwoordenschat! <\/span><\/span><\/span><\/span><\/span><\/span><\/span><span id=\"a442873\" class=\"ga\"><span class=\"gah\"><span class=\"gy gah1\"><span class=\"gv\"><span id=\"v63752\" class=\"gq gad gk\"><span class=\"gg\"><span class=\"gaj\">We hebben het hier &#8211; het is tenslotte vakantie &#8211; over ditjes en datjes, over <strong>koetjes en kalfjes <\/strong>(<em><span id=\"a247141\" class=\"ga\"><span id=\"v37315\" class=\"gq gad\">\u00fcber Gott und die Welt<\/span><\/span><\/em>)&#8230; een beetje cultuur kan geen kwaad.<\/span><\/span><\/span><\/span><\/span><\/span><\/span><\/p>\n<p><span id=\"a442873\" class=\"ga\"><span class=\"gah\"><span class=\"gy gah1\"><span class=\"gv\"><span id=\"v63752\" class=\"gq gad gk\"><span class=\"gg\"><span class=\"gaj\"><em>Der Mann mit dem Goldhelm<\/em> hing jarenlang als heuse Rembrandt in de Berlijnse <em>Gem\u00e4ldegalerie<\/em>. <\/span><\/span><\/span><\/span><\/span><\/span><\/span><span class=\"ga\"><span class=\"gah\"><span class=\"gy gah1\"><span class=\"gv\"><span class=\"gq gad gk\"><span class=\"gg\"><span class=\"gaj\">Maar toen kwam het <a href=\"https:\/\/nl.wikipedia.org\/wiki\/Rembrandt_Research_Project\" target=\"_blank\">Rembrandt Research Project<\/a> en in 1986 verloor het schilderij de status van echte Rembrandt.<\/span><\/span><\/span><\/span><\/span><\/span><\/span><\/p>\n<div style=\"width: 160px\" class=\"wp-caption alignleft\"><a href=\"https:\/\/commons.wikimedia.org\/wiki\/File:Mann_mit_dem_Goldhelm.jpg\" target=\"_blank\"><img loading=\"lazy\" decoding=\"async\" src=\"https:\/\/upload.wikimedia.org\/wikipedia\/commons\/thumb\/e\/eb\/Mann_mit_dem_Goldhelm.jpg\/181px-Mann_mit_dem_Goldhelm.jpg\" alt=\"\" width=\"150\" height=\"198\" \/><\/a><p class=\"wp-caption-text\">PD-Art (PD-old-100)<\/p><\/div>\n<blockquote><p><span id=\"a442873\" class=\"ga\"><span id=\"v63752\" class=\"gq gad gk\"><\/span><\/span><span id=\"a442873\" class=\"ga\"><span id=\"v63752\" class=\"gq gad gk\"><\/span><\/span><span id=\"a442873\" class=\"ga\"><span id=\"v63752\" class=\"gq gad gk\"><\/span><\/span>Als das Gem\u00e4lde dann in der Restaurierungswerkstatt aus dem Rahmen genommen wurde, fielen uns fast die Augen aus dem Kopf. Wir hielten eine Abschreibung zun\u00e4chst f\u00fcr v\u00f6llig unm\u00f6glich und haben jahrelang geschwiegen, denn bis zur Niederschrift in den Forschungsb\u00e4nden waren unsere Erkenntnisse nur vorl\u00e4ufige Urteile.<\/p><\/blockquote>\n<p>Dit citaat (<a href=\"https:\/\/de.wikipedia.org\/wiki\/Der_Mann_mit_dem_Goldhelm\" target=\"_blank\">wikipedia<\/a>) is van Ernst van de Wetering die jarenlang de leiding van het RRP had.<span id=\"a442873\" class=\"ga\"><span class=\"gah\"><span class=\"gy gah1\"><span class=\"gv\"><span id=\"v63752\" class=\"gq gad gk\"><span class=\"gg\"><span class=\"gaj\"> Enfin, het schilderij is er niet minder mooi om.<\/span><\/span><\/span><\/span><\/span><\/span><\/span><\/p>\n<p>De <strong>sloot<\/strong>, daar ging het om. Breder dan de sloot is de gegraven <strong><a href=\"https:\/\/www.etymologiebank.nl\/trefwoord\/wetering\" target=\"_blank\">wetering<\/a><\/strong> (Middelnl. <i>wateringe<\/i> [sloot]) en die dient meestal voor het afvoeren van overbodig <a href=\"https:\/\/blogs.fu-berlin.de\/nederlands\/2015\/08\/24\/boezem\/\" target=\"_blank\">polderwater<\/a>.<\/p>\n<p>Tot slot: er zijn ook mensen die <strong>sloten koffie<\/strong> drinken. Anderen houden het op sloten bier of wijn.<\/p>\n<p>De uitdrukking <strong>niet in zeven <\/strong><span id=\"a442873\" class=\"ga\"><span class=\"gah\"><span class=\"gy gah1\"><span class=\"gv\"><span id=\"v63753\" class=\"gq gad\"><span class=\"gg\"><strong><span class=\"gba\">sloten tegelijk lopen<\/span><\/strong><span class=\"gm\"> vertaalt Van Dale met <\/span><\/span><\/span><\/span><\/span><\/span><\/span><em><span id=\"a442873\" class=\"ga\"><span class=\"gah\"><span class=\"gy gah1\"><span class=\"gv\"><span id=\"v63753\" class=\"gq gad\"><span class=\"gg\"><span class=\"gm\">\u00b1 <\/span><span class=\"gaj\">sich nicht auf d\u00fcnnes Eis begeben<\/span><\/span><\/span><\/span><\/span><\/span><\/span><\/em><span id=\"a442873\" class=\"ga\"><span class=\"gah\"><span class=\"gy gah1\"><span class=\"gv\"><span id=\"v63753\" class=\"gq gad\"><span class=\"gg\"><span class=\"gaj\">,<\/span><\/span><\/span><\/span><\/span><\/span><\/span><span id=\"a442873\" class=\"ga\"><span id=\"v63753\" class=\"gq gad\"> <\/span><\/span><span id=\"a442873\" class=\"ga\"><span class=\"gah\"><span class=\"gy gah1\"><span class=\"gv\"><span id=\"v63753\" class=\"gq gad\"><span class=\"gg\"><span class=\"gaj\">maar daar heb ik moeite mee. Dat noemen we in het Nederlands namelijk: <\/span><\/span><\/span><\/span><\/span><\/span><\/span><span id=\"a442873\" class=\"ga\"><span class=\"gah\"><span class=\"gy gah1\"><span class=\"gv\"><span id=\"v63753\" class=\"gq gad\"><span class=\"gg\"><span class=\"gaj\">niet over \u00e9\u00e9n nacht ijs gaan. De Dikke geeft als betekenis: <em>voor zichzelf kunnen zorgen<\/em>. En dat is mijns inziens dichter bij de waarheid.<br \/>\n<\/span><\/span><\/span><\/span><\/span><\/span><\/span><\/p>\n","protected":false},"excerpt":{"rendered":"<p>Ik had u beloofd dat ik nog eens op de sloot zou terugkomen. U weet nog dat sloten Nederlandse weilanden doorkruisen; en zo wil er ook wel eens een koe in de sloot terechtkomen (landen). Die wordt er natuurlijk weer uit geholpen. Maar oude koeien uit de sloot halen&#8230;? (alte Geschichten wieder aufw\u00e4rmen) Ja, \u00e9\u00e9n [&hellip;]<\/p>\n","protected":false},"author":1834,"featured_media":0,"comment_status":"open","ping_status":"open","sticky":false,"template":"","format":"standard","meta":{"footnotes":""},"categories":[23484,3099,6940],"tags":[1542,44151],"class_list":["post-9502","post","type-post","status-publish","format-standard","hentry","category-idiom","category-sprachvergleich","category-wortschatz","tag-kultur","tag-wasser"],"_links":{"self":[{"href":"https:\/\/blogs.fu-berlin.de\/nederlands\/wp-json\/wp\/v2\/posts\/9502","targetHints":{"allow":["GET"]}}],"collection":[{"href":"https:\/\/blogs.fu-berlin.de\/nederlands\/wp-json\/wp\/v2\/posts"}],"about":[{"href":"https:\/\/blogs.fu-berlin.de\/nederlands\/wp-json\/wp\/v2\/types\/post"}],"author":[{"embeddable":true,"href":"https:\/\/blogs.fu-berlin.de\/nederlands\/wp-json\/wp\/v2\/users\/1834"}],"replies":[{"embeddable":true,"href":"https:\/\/blogs.fu-berlin.de\/nederlands\/wp-json\/wp\/v2\/comments?post=9502"}],"version-history":[{"count":34,"href":"https:\/\/blogs.fu-berlin.de\/nederlands\/wp-json\/wp\/v2\/posts\/9502\/revisions"}],"predecessor-version":[{"id":10173,"href":"https:\/\/blogs.fu-berlin.de\/nederlands\/wp-json\/wp\/v2\/posts\/9502\/revisions\/10173"}],"wp:attachment":[{"href":"https:\/\/blogs.fu-berlin.de\/nederlands\/wp-json\/wp\/v2\/media?parent=9502"}],"wp:term":[{"taxonomy":"category","embeddable":true,"href":"https:\/\/blogs.fu-berlin.de\/nederlands\/wp-json\/wp\/v2\/categories?post=9502"},{"taxonomy":"post_tag","embeddable":true,"href":"https:\/\/blogs.fu-berlin.de\/nederlands\/wp-json\/wp\/v2\/tags?post=9502"}],"curies":[{"name":"wp","href":"https:\/\/api.w.org\/{rel}","templated":true}]}}