{"id":1194,"date":"2022-08-10T13:00:29","date_gmt":"2022-08-10T11:00:29","guid":{"rendered":"https:\/\/blogs.fu-berlin.de\/open-access-berlin\/?p=1194"},"modified":"2024-02-13T17:36:45","modified_gmt":"2024-02-13T16:36:45","slug":"oaweek22","status":"publish","type":"post","link":"https:\/\/blogs.fu-berlin.de\/open-access-berlin\/2022\/08\/10\/oaweek22\/","title":{"rendered":"International Open Access Week 2022 &#8222;Open for Climate Justice\u201d &#8211; Veranstaltungen in Berlin und Brandenburg"},"content":{"rendered":"\r\n<p>#OpenForClimateJustice<\/p>\r\n\r\n\r\n\r\n<p>#OAWeek22<\/p>\r\n\r\n\r\n\r\n<figure class=\"wp-block-image size-large\"><img loading=\"lazy\" decoding=\"async\" width=\"1024\" height=\"1024\" class=\"wp-image-1211\" src=\"https:\/\/blogs.fu-berlin.de\/open-access-berlin\/files\/2022\/08\/IG-English-Multi-Protest-1024x1024.png\" alt=\"\" srcset=\"https:\/\/blogs.fu-berlin.de\/open-access-berlin\/files\/2022\/08\/IG-English-Multi-Protest-1024x1024.png 1024w, https:\/\/blogs.fu-berlin.de\/open-access-berlin\/files\/2022\/08\/IG-English-Multi-Protest-300x300.png 300w, https:\/\/blogs.fu-berlin.de\/open-access-berlin\/files\/2022\/08\/IG-English-Multi-Protest-150x150.png 150w, https:\/\/blogs.fu-berlin.de\/open-access-berlin\/files\/2022\/08\/IG-English-Multi-Protest-768x768.png 768w, https:\/\/blogs.fu-berlin.de\/open-access-berlin\/files\/2022\/08\/IG-English-Multi-Protest-1536x1536.png 1536w, https:\/\/blogs.fu-berlin.de\/open-access-berlin\/files\/2022\/08\/IG-English-Multi-Protest-1200x1200.png 1200w, https:\/\/blogs.fu-berlin.de\/open-access-berlin\/files\/2022\/08\/IG-English-Multi-Protest-48x48.png 48w, https:\/\/blogs.fu-berlin.de\/open-access-berlin\/files\/2022\/08\/IG-English-Multi-Protest-250x250.png 250w, https:\/\/blogs.fu-berlin.de\/open-access-berlin\/files\/2022\/08\/IG-English-Multi-Protest-550x550.png 550w, https:\/\/blogs.fu-berlin.de\/open-access-berlin\/files\/2022\/08\/IG-English-Multi-Protest-800x800.png 800w, https:\/\/blogs.fu-berlin.de\/open-access-berlin\/files\/2022\/08\/IG-English-Multi-Protest-180x180.png 180w, https:\/\/blogs.fu-berlin.de\/open-access-berlin\/files\/2022\/08\/IG-English-Multi-Protest-500x500.png 500w, https:\/\/blogs.fu-berlin.de\/open-access-berlin\/files\/2022\/08\/IG-English-Multi-Protest.png 1600w\" sizes=\"auto, (max-width: 709px) 85vw, (max-width: 909px) 67vw, (max-width: 1362px) 62vw, 840px\" \/><\/figure>\r\n\r\n\r\n\r\n<p>Die internationale <a href=\"http:\/\/www.openaccessweek.org\/\" target=\"_blank\" rel=\"noreferrer noopener\">Open Access Week<\/a> findet vom 24.-30. Oktober 2022 unter dem Motto &#8222;Open for Climate Justice&#8220; statt.\u00a0\u00a0Das Open-Access-B\u00fcro Berlin sammelt wieder Aktionen der Berliner Einrichtungen.<\/p>\r\n\r\n\r\n\r\n<p><strong>Interviewreihe<\/strong>: Auch in diesem Jahr setzt die <a href=\"https:\/\/www.tu.berlin\/\" target=\"_blank\" rel=\"noreferrer noopener\">Technische Universit\u00e4t<\/a> die Interviewreihe <strong>&#8222;Wie halten Sie es mit Open Access?&#8220;<\/strong> auf dem eigenen Blog fort. Weitere Informationen finden Sie <a href=\"https:\/\/www.tu.berlin\/ub\/forschen-publizieren\/publikationsberatung\/open-access\/open-access-week\" target=\"_blank\" rel=\"noreferrer noopener\">hier<\/a>.<\/p>\r\n\r\n\r\n\r\n<p><strong>Videoreihe<\/strong>: <a href=\"https:\/\/open-access-brandenburg.de\/lets-talk\/\" target=\"_blank\" rel=\"noreferrer noopener\" data-type=\"URL\" data-id=\"https:\/\/open-access-brandenburg.de\/lets-talk\/\">Quo vadis Offene Wissenschaft in Berlin und Brandenburg: Let&#8217;s talk! <\/a>Mit einer Reihe von Videobeitr\u00e4gen sollen verschiedene Aspekte der Offenen Wissenschaft er\u00f6rtert und die Diversit\u00e4t der Perspektiven sichtbar werden. T\u00e4glich wird einer dieser Beitr\u00e4ge ver\u00f6ffentlicht und zur Diskussion gestellt.\u00a0Die Reihe wird organisiert von der <a href=\"https:\/\/open-access-brandenburg.de\/\" target=\"_blank\" rel=\"noreferrer noopener\" data-type=\"URL\" data-id=\"https:\/\/open-access-brandenburg.de\/\">Vernetzungs- und Kompetenzstelle Open Access Brandenburg<\/a> und der <a href=\"https:\/\/www.th-wildau.de\" target=\"_blank\" rel=\"noreferrer noopener\">Technischen Hochschule Wildau<\/a>\u00a0und\u00a0setzt die <a href=\"https:\/\/blogs.fu-berlin.de\/open-access-berlin\/2021\/09\/09\/quo-vadis-offene-wissenschaft-eine-virtuelle-open-access-woche-fuer-berlin-brandenburg\/\" target=\"_blank\" rel=\"noreferrer noopener\">Veranstaltungsreihe \u201eQuo vadis Offene Wissenschaft\u201c<\/a> aus dem Jahr 2021\/2022 fort.\u00a0<\/p>\r\n\r\n\r\n\r\n<h3 class=\"wp-block-heading\">Montag, 24.10.2022<\/h3>\r\n\r\n\r\n\r\n<p><strong>Puzzle (und Quiz) an der TU Berlin<\/strong>: Die <a href=\"https:\/\/www.tu.berlin\/\" target=\"_blank\" rel=\"noreferrer noopener\">Technische Universit\u00e4t<\/a> l\u00e4dt eine zu einem kleinen Quiz and der Puzzlewand in der Zentralbibliothek. Weitere Informationen finden Sie <a href=\"https:\/\/www.tu.berlin\/ub\/forschen-publizieren\/publikationsberatung\/open-access\/open-access-week\" target=\"_blank\" rel=\"noreferrer noopener\">hier<\/a>.<\/p>\r\n\r\n\r\n\r\n<p><strong>Werkstattgespr\u00e4ch Quo Vadis Offene Wissenschaft? Let\u2019s Talk!<\/strong><br \/><strong>Open Access in Brandenburg und die Wirkungen der OA-Strategie des Landes &#8211; <\/strong>mit Ben Kaden und\u00a0Prof. Dr. jur.\u00a0Ellen Euler, LL.M.<br \/>Link:\u00a0<a href=\"https:\/\/open-access-brandenburg.de\/lets-talk\/\" target=\"_blank\" rel=\"noreferrer noopener\">https:\/\/open-access-brandenburg.de\/lets-talk\/<\/a><\/p>\r\n\r\n\r\n\r\n<p><strong>13.00-13.30 ONLINE | <a href=\"https:\/\/www.berlin-universities-publishing.de\/oaweek2022\/open-science-by-default.html\">(What if&#8230;?) Open Science by Default!<\/a><\/strong>: In this talk representatives of Berlin Exchange Medicine (BEM), a student-run journal, will share their vision for Open Science at the heart of academic education.<\/p>\r\n\r\n\r\n\r\n<p><strong>15.00-15.30 ONLINE | <a href=\"https:\/\/www.berlin-universities-publishing.de\/oaweek2022\/ich-will-doch-nur-das-pdf.html\">\u201eIch will doch nur das PDF!\u201c \u2013 Tools f\u00fcr&#8217;s Auffinden von Literatur<\/a><\/strong>: In diesem Kurztutorial zeigt <a href=\"https:\/\/www.berlin-universities-publishing.de\/index.html\" target=\"_blank\" rel=\"noreferrer noopener\" data-type=\"URL\" data-id=\"https:\/\/www.berlin-universities-publishing.de\/index.html\">Berlin Universities Publishing<\/a> Wege und Kniffe, um schnell und einfach an Volltexte von wissenschaftlicher Literatur zu gelangen. (Registrierung erforderlich)<\/p>\r\n\r\n\r\n\r\n<h3 class=\"wp-block-heading\"><strong>Dienstag, 25.10.2022<\/strong><\/h3>\r\n\r\n\r\n\r\n<p><strong>Werkstattgespr\u00e4ch Quo Vadis Offene Wissenschaft? Let\u2019s Talk!<\/strong><br \/><strong>Post-LMS-Discovery-Systeme &#8211; <\/strong>Frank Seeliger\u00a0(TH Wildau)\u00a0 im Interview mit\u00a0Linda Thomas\u00a0(Otto-von-Guericke-Universit\u00e4t Magdeburg, Universit\u00e4tsbibliothek), Dr.\u00a0Axel Kaschte(OCLC), Dr.\u00a0Klaus Ceynowa\u00a0(Bayerische Staatsbibliothek M\u00fcnchen) und\u00a0Bj\u00f6rn Muschall\u00a0(AG Anwendungsmanagement in der Universit\u00e4tsbibliothek Leipzig)<br \/>Link:\u00a0<a href=\"https:\/\/open-access-brandenburg.de\/lets-talk\/\" target=\"_blank\" rel=\"noreferrer noopener\">https:\/\/open-access-brandenburg.de\/lets-talk\/<\/a><\/p>\r\n\r\n\r\n\r\n<p><strong>13.00-13.45 ONLINE | <a href=\"https:\/\/www.berlin-universities-publishing.de\/oaweek2022\/berlinup-stellt-sich-vor.html\">BerlinUP stellt sich v<\/a><\/strong><a href=\"https:\/\/www.berlin-universities-publishing.de\/oaweek2022\/berlinup-stellt-sich-vor.html\">or<\/a>: In diesem Webinar stellt der neu gegr\u00fcndete Verlag seine 3 Sparten (BerlinUP Books, BerlinUP Journals, BerlinUP Beratung) und deren Leistungen vor.<\/p>\r\n\r\n\r\n\r\n<p><strong>Ab 16.00 | <a href=\"https:\/\/blogs.fu-berlin.de\/open-access-berlin\/2022\/08\/11\/call-for-posters-und-save-the-date-internationale-open-access-woche-2022-get-together-und-posterausstellung%ef%bf%bc\/\" target=\"_blank\" rel=\"noreferrer noopener\" data-type=\"URL\" data-id=\"https:\/\/blogs.fu-berlin.de\/open-access-berlin\/2022\/08\/11\/call-for-posters-und-save-the-date-internationale-open-access-woche-2022-get-together-und-posterausstellung%ef%bf%bc\/\">Get Together und Posterausstellung im Jacob-und-Wilhelm-Grimm-Zentrum<\/a><\/strong>: Zusammen mit dem <a href=\"https:\/\/www.digis-berlin.de\/\" target=\"_blank\" rel=\"noreferrer noopener\" data-type=\"URL\" data-id=\"https:\/\/www.digis-berlin.de\/\">Forschungs- und Kompetenzzentrum Digitalisierung Berlin (digiS)<\/a> organisiert das Open-Access-B\u00fcro Berlin eine Posterausstellung und Get Together zum Austausch der Berliner Open Access \/ Open Research Community.<\/p>\r\n\r\n\r\n\r\n<h3 class=\"wp-block-heading\"><strong>Mittwoch, 26.10.2022<\/strong><\/h3>\r\n\r\n\r\n\r\n<p><strong>Werkstattgespr\u00e4ch Quo Vadis Offene Wissenschaft? Let\u2019s Talk!<\/strong><br \/><strong>Desinformation und Open Access &#8211;\u00a0<\/strong>mit\u00a0Juliane Stiller\u00a0und\u00a0Violeta Trkulja\u00a0(beide Grenzenlos Digital e.V.), moderiert von\u00a0Julia Boltze (<a href=\"https:\/\/www.kobv.de\/\" target=\"_blank\" rel=\"noreferrer noopener\">Kooperativer Bibliotheksverbund Berlin-Brandenburg \u2013 KOBV<\/a>)<br \/>Link:\u00a0<a href=\"https:\/\/open-access-brandenburg.de\/lets-talk\/\" target=\"_blank\" rel=\"noreferrer noopener\">https:\/\/open-access-brandenburg.de\/lets-talk\/<\/a><\/p>\r\n\r\n\r\n\r\n<p><strong>13.00-13.45 ONLINE | <\/strong><a href=\"https:\/\/www.berlin-universities-publishing.de\/oaweek2022\/von-zugang-zu-ueberwachung.html\"><strong>Von Zugang zu \u00dcberwachung \u2013 neue Gesch\u00e4ftsmodelle der alten Verlage<\/strong><\/a>: In dieser durch <strong>Berlin Universities Publishing<\/strong> organisierten Veranstaltung sprechen Bj\u00f6rn Brembs und Konrad F\u00f6rstner \u00fcber die \u00dcberwachung der Wissenschaftler*innen und die Sammlung von Nutzerdaten durch gro\u00dfe Wissenschaftsverlage. Daran anschlie\u00dfend wird gemeinsam diskutiert.<\/p>\r\n\r\n\r\n\r\n<p><strong>14.00-15.00 ONLINE | <a href=\"https:\/\/blogs.fu-berlin.de\/open-access-berlin\/2022\/08\/18\/wissenschaft-politik-akteurinnen-die-open-access-transformation-nachhaltig-gestalten\/\" target=\"_blank\" rel=\"noreferrer noopener\" data-type=\"URL\" data-id=\"https:\/\/blogs.fu-berlin.de\/open-access-berlin\/2022\/08\/18\/wissenschaft-politik-akteurinnen-die-open-access-transformation-nachhaltig-gestalten\/\">Wissenschaft &#8211; Politik &#8211; Akteur*innen: Die Open-Access-Transformation nachhaltig gestalten<\/a><\/strong>: Dies ist eine gemeinsame Veranstaltung der <a href=\"https:\/\/openaccess.nrw\/\" target=\"_blank\" rel=\"noreferrer noopener\">Landesinitiative openaccess.nrw<\/a>, dem <a href=\"http:\/\/www.open-access-berlin.de\/\" target=\"_blank\" rel=\"noreferrer noopener\">Open-Access-B\u00fcro Berlin (OABB)<\/a> und der <a href=\"https:\/\/open-access-brandenburg.de\/\" target=\"_blank\" rel=\"noreferrer noopener\">Vernetzungs- und Kompetenzstelle Open Access Brandenburg (VuK)<\/a>. Den Zugangslink erhalten Sie nach einer Registrierung \u00fcber <a href=\"https:\/\/fu-berlin.webex.com\/fu-berlin\/j.php?RGID=r8243de704b1f1faa63907930295b8a9e\" target=\"_blank\" rel=\"noreferrer noopener\">Webex<\/a>.<\/p>\r\n\r\n\r\n\r\n<p><strong>15.00-15.45 ONLINE |<\/strong> <strong>Coffee Lecture: Open Access Basiswissen<\/strong>: In einer gemeinsamen Coffee Lecture informieren die <a href=\"https:\/\/www.eh-berlin.de\/\" target=\"_blank\" rel=\"noreferrer noopener\">Evangelische Hochschule<\/a> und die <a href=\"https:\/\/www.ash-berlin.eu\/index\/\" target=\"_blank\" rel=\"noreferrer noopener\">Alice Salomon Hochschule Berlin<\/a> \u00fcber die Grundlagen von Open Access. Die Auswahl der Inhalte orientiert sich dabei konsequent an den konkreten Bed\u00fcrfnissen und Fragen der Forschenden. Weitere Informationen finden Sie auf den Websites von <a href=\"https:\/\/www.eh-berlin.de\/termine\/detail\/coffee-lecture-open-access-basiswissen\">EHB<\/a> und <a href=\"https:\/\/www.ash-berlin.eu\/studium\/einrichtungen-fuer-studierende\/bibliothek\/open-access\/#c28350\" target=\"_blank\" rel=\"noreferrer noopener\">ASH<\/a>.<\/p>\r\n\r\n\r\n\r\n<p><strong>19.00 am HIIG &amp; LIVESTREAM |<\/strong> <strong><a href=\"https:\/\/www.hiig.de\/events\/digitaler-salon-wissen-klima\/\" target=\"_blank\" rel=\"noreferrer noopener\" data-type=\"URL\" data-id=\"https:\/\/www.hiig.de\/events\/digitaler-salon-wissen-klima\/\">Digitaler Salon: Wissen MACHT Klima<\/a><\/strong>: Das Alexander von Humboldt Institut f\u00fcr Internet und Gesellschaft (HIIG) veranstaltet eine Podiumsdiskussion zur Frage, wie gerecht der weltweite Zugang zu Wissen gerade im Fall von Klimagerechtigkeit wirklich ist. Der Digitale Salon findet jeden letzten Mittwoch im Monat unter einer anderen Fragestellung statt. Aufzeichnungen vergangener Digitaler Salons und mehr Informationen finden Sie <a href=\"https:\/\/www.hiig.de\/digitaler-salon\/\">hier<\/a>.<\/p>\r\n\r\n\r\n\r\n<h3 class=\"wp-block-heading\">Donnerstag, 27.10.2022<\/h3>\r\n\r\n\r\n\r\n<p><strong>Werkstattgespr\u00e4ch Quo Vadis Offene Wissenschaft? Let\u2019s Talk!<\/strong><br \/><strong>Open Access im Gef\u00fcge der wissenschaftlichen Karriere &#8211; <\/strong>Initiiert vom\u00a0<a href=\"http:\/\/bak-information.de\/\" target=\"_blank\" rel=\"noreferrer noopener\">Berliner Arbeitskreis Information (BAK)<\/a>\u00a0mit dem ERC Starting Grant-Gewinner und Associate Member am Nuffield College (University of Oxford)\u00a0F\u00e9lix Krawatzek<br \/>Link:\u00a0<a href=\"https:\/\/open-access-brandenburg.de\/lets-talk\/\" target=\"_blank\" rel=\"noreferrer noopener\">https:\/\/open-access-brandenburg.de\/lets-talk\/<\/a><\/p>\r\n\r\n\r\n\r\n<p><strong>13.00-13.30 ONLINE |<\/strong> <strong><a href=\"https:\/\/www.berlin-universities-publishing.de\/oaweek2022\/kann-ich-mir-open-access-leisten.html\" target=\"_blank\" rel=\"noreferrer noopener\" data-type=\"URL\" data-id=\"https:\/\/www.berlin-universities-publishing.de\/oaweek2022\/kann-ich-mir-open-access-leisten.html\">Kann ich mir Open Access leisten? Finanzierungs- und F\u00f6rderm\u00f6glichkeiten<\/a><\/strong>: In diesem von Berlin Universities Publishing veranstalteten Vortrag von Sandra Golda (HU Berlin) erhalten Sie einen \u00dcberblick \u00fcber die Finanzierungs- und F\u00f6rderm\u00f6glichkeiten. Registrierung erforderlich.<\/p>\r\n\r\n\r\n\r\n<p><strong>15.00-16.00 ONLINE | <a href=\"https:\/\/www.berlin-universities-publishing.de\/oaweek2022\/open-science-und-klimagerechtigkeit.html\" target=\"_blank\" rel=\"noreferrer noopener\" data-type=\"URL\" data-id=\"https:\/\/www.berlin-universities-publishing.de\/oaweek2022\/open-science-und-klimagerechtigkeit.html\">Open Science und Klimagerechtigkeit<\/a><\/strong>: In diesem von Berlin Universities Publishing veranstalteten Vortrag spricht Claudia Frick, Meteorologin und Bibliothekarin, zum Thema Wissenschaftskommunikation rund um den Klimawandel. Registrierung erforderlich.<\/p>\r\n\r\n\r\n\r\n<h3 class=\"wp-block-heading\">Freitag, 28.10.2022<\/h3>\r\n\r\n\r\n\r\n<p><strong>Werkstattgespr\u00e4ch Quo Vadis Offene Wissenschaft? Let\u2019s Talk!<\/strong><br \/><strong>Open Access und Datentracking &#8211;<\/strong>\u00a0Im f\u00fcnften Werkstattgespr\u00e4ch spricht\u00a0Thomas Arndt\u00a0(Arbeitsgemeinschaft der Spezialbibliotheken) mit Prof. Dr.\u00a0Bj\u00f6rn Brembs\u00a0(Universit\u00e4t Regensburg), Dr.\u00a0Arne Upmeier\u00a0(Karlsruher Institut f\u00fcr Technologie \u2013 KIT) und Dr.\u00a0Robert Altschaffel\u00a0(Otto-von-Guericke-Universit\u00e4t Magdeburg)<br \/>Link:\u00a0<a href=\"https:\/\/open-access-brandenburg.de\/lets-talk\/\" target=\"_blank\" rel=\"noreferrer noopener\">https:\/\/open-access-brandenburg.de\/lets-talk\/<\/a><\/p>\r\n\r\n\r\n\r\n<p><strong>13.00-14.00 ONLINE | <a href=\"https:\/\/www.berlin-universities-publishing.de\/oaweek2022\/design-and-diversity.html\" target=\"_blank\" rel=\"noreferrer noopener\" data-type=\"URL\" data-id=\"https:\/\/www.berlin-universities-publishing.de\/oaweek2022\/design-and-diversity.html\">Design + Diversity \u2013 Critical Approaches through Open Tech<\/a><\/strong>: This talk will give examples of experimental transdisciplinary practices from Europe and Sub-Saharan Africa in order to discuss the potential of bending the boundaries of research, opening up the parameters of who produces knowledge and on whose terms. Speakers are Michelle Christensen and Florian Conradi who share the visiting professorship for Open Science (Critical Culture \/ Critical Design) at TU Berlin and the Einstein Center Digital Future, as well as co-heading the research group \u2018Design, Diversity and New Commons\u2019 at the Berlin University of the Arts \/ Weizenbaum Institute.<\/p>\r\n\r\n\r\n\r\n<p><strong>14.00-15.00 ONLINE | <a href=\"https:\/\/www.berlin-universities-publishing.de\/oaweek2022\/open-up-your-past.html\" target=\"_blank\" rel=\"noreferrer noopener\">Open up your Past \u2013 Publikationen nachtr\u00e4glich frei zug\u00e4nglich machen<\/a><\/strong>: In diesem Workshop von Berlin Universities Publishing erfahren Sie von Sandra Golda und Marc Lange (beide HU Berlin), wie Sie Open Access auch f\u00fcr bereits ver\u00f6ffentlichte Closed-Access-Publikationen erreichen k\u00f6nnen. Registrierung erforderlich.<\/p>\r\n","protected":false},"excerpt":{"rendered":"<p>#OpenForClimateJustice #OAWeek22 Die internationale Open Access Week findet vom 24.-30. Oktober 2022 unter dem Motto &#8222;Open for Climate Justice&#8220; statt.\u00a0\u00a0Das Open-Access-B\u00fcro Berlin sammelt wieder Aktionen der Berliner Einrichtungen. Interviewreihe: Auch in diesem Jahr setzt die Technische Universit\u00e4t die Interviewreihe &#8222;Wie halten Sie es mit Open Access?&#8220; auf dem eigenen Blog fort. Weitere Informationen finden Sie &hellip; <a href=\"https:\/\/blogs.fu-berlin.de\/open-access-berlin\/2022\/08\/10\/oaweek22\/\" class=\"more-link\"><span class=\"screen-reader-text\">\u201eInternational Open Access Week 2022 &#8222;Open for Climate Justice\u201d &#8211; Veranstaltungen in Berlin und Brandenburg\u201c<\/span> weiterlesen<\/a><\/p>\n","protected":false},"author":6379,"featured_media":0,"comment_status":"open","ping_status":"open","sticky":false,"template":"","format":"standard","meta":{"footnotes":""},"categories":[419],"tags":[448979,448981,79,449040],"class_list":["post-1194","post","type-post","status-publish","format-standard","hentry","category-veranstaltungshinweise","tag-climate-justice","tag-oaweek","tag-berlin","tag-international-open-access-week"],"_links":{"self":[{"href":"https:\/\/blogs.fu-berlin.de\/open-access-berlin\/wp-json\/wp\/v2\/posts\/1194","targetHints":{"allow":["GET"]}}],"collection":[{"href":"https:\/\/blogs.fu-berlin.de\/open-access-berlin\/wp-json\/wp\/v2\/posts"}],"about":[{"href":"https:\/\/blogs.fu-berlin.de\/open-access-berlin\/wp-json\/wp\/v2\/types\/post"}],"author":[{"embeddable":true,"href":"https:\/\/blogs.fu-berlin.de\/open-access-berlin\/wp-json\/wp\/v2\/users\/6379"}],"replies":[{"embeddable":true,"href":"https:\/\/blogs.fu-berlin.de\/open-access-berlin\/wp-json\/wp\/v2\/comments?post=1194"}],"version-history":[{"count":32,"href":"https:\/\/blogs.fu-berlin.de\/open-access-berlin\/wp-json\/wp\/v2\/posts\/1194\/revisions"}],"predecessor-version":[{"id":2294,"href":"https:\/\/blogs.fu-berlin.de\/open-access-berlin\/wp-json\/wp\/v2\/posts\/1194\/revisions\/2294"}],"wp:attachment":[{"href":"https:\/\/blogs.fu-berlin.de\/open-access-berlin\/wp-json\/wp\/v2\/media?parent=1194"}],"wp:term":[{"taxonomy":"category","embeddable":true,"href":"https:\/\/blogs.fu-berlin.de\/open-access-berlin\/wp-json\/wp\/v2\/categories?post=1194"},{"taxonomy":"post_tag","embeddable":true,"href":"https:\/\/blogs.fu-berlin.de\/open-access-berlin\/wp-json\/wp\/v2\/tags?post=1194"}],"curies":[{"name":"wp","href":"https:\/\/api.w.org\/{rel}","templated":true}]}}