{"id":1199,"date":"2022-08-11T07:48:57","date_gmt":"2022-08-11T05:48:57","guid":{"rendered":"https:\/\/blogs.fu-berlin.de\/open-access-berlin\/?p=1199"},"modified":"2024-02-14T09:16:17","modified_gmt":"2024-02-14T08:16:17","slug":"oaweek2022-posterausstellung","status":"publish","type":"post","link":"https:\/\/blogs.fu-berlin.de\/open-access-berlin\/2022\/08\/11\/oaweek2022-posterausstellung\/","title":{"rendered":"Call for Posters und Save the Date &#8211; Internationale Open Access Woche 2022 &#8211; Get Together und Posterausstellung"},"content":{"rendered":"\r\n\r\n\r\n<p>Jacob-und-Wilhelm-Grimm-Zentrum<br \/>Geschwister-Scholl-Stra\u00dfe 1\/3<br \/>10117 Berlin<\/p>\r\n\r\n\r\n\r\n<p>Am 25.10.2022, ab 16 Uhr<\/p>\r\n\r\n\r\n\r\n<p>Einsendeschluss f\u00fcr Poster am <strong>11.10.2022<\/strong><\/p>\r\n\r\n\r\n\r\n<p>Die <a href=\"http:\/\/www.openaccessweek.org\/\">International Open Access Week<\/a> findet j\u00e4hrlich im Oktober statt und bietet global allen Open-Access-Akteur*innen die Gelegenheit, die Idee des offenen Zugangs zu wissenschaftlichem Wissen und kulturellem Erbe zu teilen und voranzubringen. In diesem Jahr l\u00e4dt das Open-Access-B\u00fcro zusammen mit den Forschungs- und Kompetenzzentrum Digitalisierung Berlin (digiS) alle Einrichtungen aus Berlin ein, ihre Open-Access-Projekte im Rahmen einer Posterausstellung zu pr\u00e4sentieren. Die Poster werden zur Open Access Week am 25.10.2022 im Auditorium des Jacob-und-Wilhelm-Grimm-Zentrum ausgestellt. Ab <strong>16 Uhr<\/strong> laden wir herzlich alle Open-Access-Akteur*innen der Region ein, die M\u00f6glichkeit zum Kennenlernen und Austausch bei einem Kaltgetr\u00e4nk und kleinem Buffet zu nutzen.<\/p>\r\n\r\n\r\n\r\n<p>Im Sinne der Open-Access-Strategie Berlin soll die Posterausstellung drei Bereiche adressieren: Offener Zugang zu wissenschaftlichen Publikationen, offener Zugang zu Forschungsdaten und offener Zugang zum kulturellen Erbe \/ Kulturdaten. Zudem laden wir Projekte ein, die sich mit<a href=\"https:\/\/blogs.fu-berlin.de\/open-access-berlin\/2022\/03\/15\/empfehlung-fuer-eine-landesinitiative-open-research-berlin\/\"> Open-Research-Praktiken<\/a> besch\u00e4ftigen und insbesondere das diesj\u00e4hrige Motto &#8222;<a href=\"https:\/\/www.openaccessweek.org\/theme\">Open for Climate Justice<\/a>&#8220; adressieren.<\/p>\r\n\r\n\r\n\r\n<p><strong>Wer kann Poster einreichen?<\/strong><\/p>\r\n\r\n\r\n\r\n<ul class=\"wp-block-list\">\r\n<li>Wissenschaftler*innen<\/li>\r\n<li>Mitarbeitende an wissenschaftlichen Einrichtungen oder Infrastruktureinrichtungen<\/li>\r\n<li>Mitarbeitende an Kultureinrichtungen<\/li>\r\n<\/ul>\r\n\r\n\r\n\r\n<p><strong>Welche Inhalte k\u00f6nnen pr\u00e4sentiert werden?<\/strong><\/p>\r\n\r\n\r\n\r\n<ul class=\"wp-block-list\">\r\n<li>Aktuelle Forschungsprojekte mit Open-Reasearch-Bezug<\/li>\r\n<li>Langfristige oder aktuelle Open-Access-Infrastrukturangebote<\/li>\r\n<li>Open-Access-Zeitschriften und gr\u00f6\u00dfere Open-Access-Publikationsprojekte<\/li>\r\n<li>Projekte und Services zum offenen Zugang zu Forschungsdaten \/ Open Research Data<\/li>\r\n<li>Projekte und Services zum offenen Zugang zum kulturellen Erbe \/ Kulturdaten<\/li>\r\n<\/ul>\r\n\r\n\r\n\r\n<p><strong>Welche Formalia sollten beachtet werden?<\/strong><\/p>\r\n\r\n\r\n\r\n<ul class=\"wp-block-list\">\r\n<li>Legen Sie die Poster in der Gr\u00f6\u00dfe DIN A0 an und reichen Sie es als PDF-Datei ein.<\/li>\r\n<li>Es k\u00f6nnen mehrere zusammengeh\u00f6rige Projekte auf einem Poster pr\u00e4sentiert werden.<\/li>\r\n<li>Das Poster wird unter der Lizenz CC-BY 4.0 (<a href=\"https:\/\/creativecommons.org\/licenses\/by\/4.0\/\">https:\/\/creativecommons.org\/licenses\/by\/4.0\/)<\/a> ver\u00f6ffentlicht. Bitte f\u00fcgen Sie diese Lizenzinformation gut sichtbar in das Poster ein und stellen Sie vor der Einreichung sicher, dass Sie \u00fcber die entsprechenden Rechte an allen Texten und Abbildungen verf\u00fcgen.<\/li>\r\n<li>Geben Sie die Autor*innen bzw. Ansprechpartner*innen und eine Kontaktm\u00f6glichkeit oder Webseite auf dem Poster an.<\/li>\r\n<li>Reichen Sie bitte zusammen mit dem Poster eine Projektbeschreibung von max. 2000 Zeichen (inkl. Leerzeichen) als offene Text-Datei ein.<\/li>\r\n<\/ul>\r\n\r\n\r\n\r\n<p>Einsendeschluss f\u00fcr Poster am <strong>11.10.2022<\/strong> per E-Mail an oabb@open-access-berlin.de mit dem Betreff &#8222;OA-Week 2022 Poster (Titel Ihres Posters)&#8220;<\/p>\r\n","protected":false},"excerpt":{"rendered":"<p>Jacob-und-Wilhelm-Grimm-ZentrumGeschwister-Scholl-Stra\u00dfe 1\/310117 Berlin Am 25.10.2022, ab 16 Uhr Einsendeschluss f\u00fcr Poster am 11.10.2022 Die International Open Access Week findet j\u00e4hrlich im Oktober statt und bietet global allen Open-Access-Akteur*innen die Gelegenheit, die Idee des offenen Zugangs zu wissenschaftlichem Wissen und kulturellem Erbe zu teilen und voranzubringen. In diesem Jahr l\u00e4dt das Open-Access-B\u00fcro zusammen mit den Forschungs- &hellip; <a href=\"https:\/\/blogs.fu-berlin.de\/open-access-berlin\/2022\/08\/11\/oaweek2022-posterausstellung\/\" class=\"more-link\"><span class=\"screen-reader-text\">\u201eCall for Posters und Save the Date &#8211; Internationale Open Access Woche 2022 &#8211; Get Together und Posterausstellung\u201c<\/span> weiterlesen<\/a><\/p>\n","protected":false},"author":6379,"featured_media":0,"comment_status":"open","ping_status":"open","sticky":false,"template":"","format":"standard","meta":{"footnotes":""},"categories":[419],"tags":[448967,448975,448979,368522,449040,449049,449050],"class_list":["post-1199","post","type-post","status-publish","format-standard","hentry","category-veranstaltungshinweise","tag-open-glam","tag-open-access-kultur","tag-climate-justice","tag-klimakrise","tag-international-open-access-week","tag-call-for-posters","tag-digis"],"_links":{"self":[{"href":"https:\/\/blogs.fu-berlin.de\/open-access-berlin\/wp-json\/wp\/v2\/posts\/1199","targetHints":{"allow":["GET"]}}],"collection":[{"href":"https:\/\/blogs.fu-berlin.de\/open-access-berlin\/wp-json\/wp\/v2\/posts"}],"about":[{"href":"https:\/\/blogs.fu-berlin.de\/open-access-berlin\/wp-json\/wp\/v2\/types\/post"}],"author":[{"embeddable":true,"href":"https:\/\/blogs.fu-berlin.de\/open-access-berlin\/wp-json\/wp\/v2\/users\/6379"}],"replies":[{"embeddable":true,"href":"https:\/\/blogs.fu-berlin.de\/open-access-berlin\/wp-json\/wp\/v2\/comments?post=1199"}],"version-history":[{"count":11,"href":"https:\/\/blogs.fu-berlin.de\/open-access-berlin\/wp-json\/wp\/v2\/posts\/1199\/revisions"}],"predecessor-version":[{"id":2330,"href":"https:\/\/blogs.fu-berlin.de\/open-access-berlin\/wp-json\/wp\/v2\/posts\/1199\/revisions\/2330"}],"wp:attachment":[{"href":"https:\/\/blogs.fu-berlin.de\/open-access-berlin\/wp-json\/wp\/v2\/media?parent=1199"}],"wp:term":[{"taxonomy":"category","embeddable":true,"href":"https:\/\/blogs.fu-berlin.de\/open-access-berlin\/wp-json\/wp\/v2\/categories?post=1199"},{"taxonomy":"post_tag","embeddable":true,"href":"https:\/\/blogs.fu-berlin.de\/open-access-berlin\/wp-json\/wp\/v2\/tags?post=1199"}],"curies":[{"name":"wp","href":"https:\/\/api.w.org\/{rel}","templated":true}]}}