{"id":1587,"date":"2023-05-23T15:40:00","date_gmt":"2023-05-23T13:40:00","guid":{"rendered":"https:\/\/blogs.fu-berlin.de\/open-access-berlin\/?p=1587"},"modified":"2024-05-24T10:07:20","modified_gmt":"2024-05-24T08:07:20","slug":"oa-week-bbb-3","status":"publish","type":"post","link":"https:\/\/blogs.fu-berlin.de\/open-access-berlin\/2023\/05\/23\/oa-week-bbb-3\/","title":{"rendered":"Quo vadis offene Wissenschaft in Berlin und Brandenburg: Open Access Week 2023\/24 (#OAWeekBBB)"},"content":{"rendered":"\r\n<p>Open Access ist seit vielen Jahren eine Herzensangelegenheit der Wissenschaftsregion Berlin-Brandenburg. Beide Bundesl\u00e4nder setzen sich seit Jahren aktiv f\u00fcr die Open-Access-Transformation ein, indem sie strategische Rahmenbedingungen schaffen (<a href=\"http:\/\/dx.doi.org\/10.17169\/refubium-26319\">Open-Access-Strategie des Landes Berlin<\/a> 2015,<a href=\"https:\/\/doi.org\/10.5281\/zenodo.3757920\"> Open-Access-Strategie des Landes Brandenburg<\/a> 2019) und Ressourcen f\u00fcr die Transformation bereitstellen, insbesondere das <a href=\"http:\/\/www.open-access-berlin.de\/\">Open-Access-B\u00fcro Berlin<\/a>,<a href=\"https:\/\/open-access-brandenburg.de\/\"> die Vernetzungs- und Kompetenzstelle Open Access Brandenburg<\/a>, aber auch durch lokales Engagement, vor allem an den Bibliotheken der Wissenschaftseinrichtungen in den beiden Bundesl\u00e4ndern.<\/p>\r\n\r\n\r\n\r\n<p><!--more--><\/p>\r\n\r\n\r\n\r\n<p>Das Aktivit\u00e4tsspektrum der Wissenschaftseinrichtungen in der Region ist dabei breit gef\u00e4chert und reicht von der Bereitstellung von Publikationsinfrastrukturen (z.B. Repositorien und eigene Verlage) \u00fcber die \u00dcbernahme von Open-Access-Publikationskosten bis hin zur Mitwirkung in wegweisenden Open-Access-Projekten wie DeepGreen oder open-access.network. Vor dem Hintergrund der tiefgreifenden Ver\u00e4nderungen des wissenschaftlichen Publikationswesens durch das &#8222;Projekt DEAL&#8220; und \u00d6ffnungsprozesse in der Wissenschaft, die unter den Begriffen Open Science bzw. und Open Research diskutiert werden, erm\u00f6glicht die Aktionswoche unter dem Titel &#8222;Quo vadis offene Wissenschaft in Berlin und Brandenburg&#8220; eine Reflexion der Chancen und Herausforderungen f\u00fcr Wissenschaft, Verlage, Bibliotheken und weitere Einrichtungen der Informationsinfrastruktur.<\/p>\r\n\r\n\r\n\r\n<p>Ausgehend von einer Auftaktveranstaltung im Rahmen der International Open Access Week am 24.10.2023 werden in insgesamt vier Veranstaltungen von Oktober 2023 bis April 2024 verschiedene Aspekte der offenen Wissenschaft diskutiert. Das Programm setzt die Veranstaltungsreihen beiden Reihen \u201eQuo vadis offene Wissenschaft in Berlin und Brandenburg\u201c aus den Jahren <a href=\"https:\/\/blogs.fu-berlin.de\/open-access-berlin\/2021\/09\/09\/quo-vadis-offene-wissenschaft-eine-virtuelle-open-access-woche-fuer-berlin-brandenburg\/\">2021<\/a> und <a href=\"https:\/\/open-access-brandenburg.de\/lets-talk\/\">2022<\/a> fort.\u00a0<\/p>\r\n\r\n\r\n\r\n<h2 class=\"wp-block-heading\">Die Veranstaltungsreihe wird gemeinsam ausgerichtet von<\/h2>\r\n\r\n\r\n\r\n<div class=\"wp-block-group\"><div class=\"wp-block-group__inner-container is-layout-flow wp-block-group-is-layout-flow\">\r\n<div class=\"wp-block-columns is-layout-flex wp-container-core-columns-is-layout-9d6595d7 wp-block-columns-is-layout-flex\">\r\n<div class=\"wp-block-column is-layout-flow wp-block-column-is-layout-flow\">\r\n<figure class=\"wp-block-image size-large is-resized is-style-default\"><img loading=\"lazy\" decoding=\"async\" class=\"wp-image-14\" src=\"https:\/\/blogs.fu-berlin.de\/open-access-berlin\/files\/2021\/08\/oabb_RGB.png\" alt=\"\" width=\"173\" height=\"37\" srcset=\"https:\/\/blogs.fu-berlin.de\/open-access-berlin\/files\/2021\/08\/oabb_RGB.png 767w, https:\/\/blogs.fu-berlin.de\/open-access-berlin\/files\/2021\/08\/oabb_RGB-300x66.png 300w\" sizes=\"auto, (max-width: 173px) 85vw, 173px\" \/><\/figure>\r\n\r\n\r\n\r\n<p>&nbsp;<\/p>\r\n<\/div>\r\n\r\n\r\n\r\n<div class=\"wp-block-column is-layout-flow wp-block-column-is-layout-flow\"><div class=\"wp-block-image is-style-default\">\r\n<figure class=\"aligncenter size-large\"><img loading=\"lazy\" decoding=\"async\" width=\"1024\" height=\"354\" class=\"wp-image-532\" src=\"https:\/\/blogs.fu-berlin.de\/open-access-berlin\/files\/2021\/11\/VuK_extended_BN-3-1024x354.png\" alt=\"\" srcset=\"https:\/\/blogs.fu-berlin.de\/open-access-berlin\/files\/2021\/11\/VuK_extended_BN-3-1024x354.png 1024w, https:\/\/blogs.fu-berlin.de\/open-access-berlin\/files\/2021\/11\/VuK_extended_BN-3-300x104.png 300w, https:\/\/blogs.fu-berlin.de\/open-access-berlin\/files\/2021\/11\/VuK_extended_BN-3-768x265.png 768w, https:\/\/blogs.fu-berlin.de\/open-access-berlin\/files\/2021\/11\/VuK_extended_BN-3-1536x531.png 1536w, https:\/\/blogs.fu-berlin.de\/open-access-berlin\/files\/2021\/11\/VuK_extended_BN-3-2048x708.png 2048w, https:\/\/blogs.fu-berlin.de\/open-access-berlin\/files\/2021\/11\/VuK_extended_BN-3-1200x415.png 1200w, https:\/\/blogs.fu-berlin.de\/open-access-berlin\/files\/2021\/11\/VuK_extended_BN-3-250x86.png 250w, https:\/\/blogs.fu-berlin.de\/open-access-berlin\/files\/2021\/11\/VuK_extended_BN-3-550x190.png 550w, https:\/\/blogs.fu-berlin.de\/open-access-berlin\/files\/2021\/11\/VuK_extended_BN-3-800x276.png 800w, https:\/\/blogs.fu-berlin.de\/open-access-berlin\/files\/2021\/11\/VuK_extended_BN-3-521x180.png 521w, https:\/\/blogs.fu-berlin.de\/open-access-berlin\/files\/2021\/11\/VuK_extended_BN-3-868x300.png 868w, https:\/\/blogs.fu-berlin.de\/open-access-berlin\/files\/2021\/11\/VuK_extended_BN-3-1447x500.png 1447w\" sizes=\"auto, (max-width: 709px) 85vw, (max-width: 909px) 67vw, (max-width: 1362px) 62vw, 840px\" \/><\/figure><\/div><\/div>\r\n\r\n\r\n\r\n<div class=\"wp-block-column is-layout-flow wp-block-column-is-layout-flow\">\r\n<figure class=\"wp-block-image size-large is-resized is-style-default\"><img loading=\"lazy\" decoding=\"async\" class=\"wp-image-30\" src=\"https:\/\/blogs.fu-berlin.de\/open-access-berlin\/files\/2021\/08\/TH-Wildau-Logo_rgb-1024x408.png\" alt=\"\" width=\"166\" height=\"66\" srcset=\"https:\/\/blogs.fu-berlin.de\/open-access-berlin\/files\/2021\/08\/TH-Wildau-Logo_rgb-1024x408.png 1024w, https:\/\/blogs.fu-berlin.de\/open-access-berlin\/files\/2021\/08\/TH-Wildau-Logo_rgb-300x120.png 300w, https:\/\/blogs.fu-berlin.de\/open-access-berlin\/files\/2021\/08\/TH-Wildau-Logo_rgb-768x306.png 768w, https:\/\/blogs.fu-berlin.de\/open-access-berlin\/files\/2021\/08\/TH-Wildau-Logo_rgb-1536x612.png 1536w, https:\/\/blogs.fu-berlin.de\/open-access-berlin\/files\/2021\/08\/TH-Wildau-Logo_rgb-2048x817.png 2048w, https:\/\/blogs.fu-berlin.de\/open-access-berlin\/files\/2021\/08\/TH-Wildau-Logo_rgb-1200x478.png 1200w\" sizes=\"auto, (max-width: 166px) 85vw, 166px\" \/><\/figure>\r\n<\/div>\r\n<\/div>\r\n<\/div><\/div>\r\n\r\n\r\n\r\n<div class=\"wp-block-columns is-layout-flex wp-container-core-columns-is-layout-9d6595d7 wp-block-columns-is-layout-flex\">\r\n<div class=\"wp-block-column is-layout-flow wp-block-column-is-layout-flow\"><div class=\"wp-block-image is-style-default\">\r\n<figure class=\"aligncenter size-large\"><img loading=\"lazy\" decoding=\"async\" width=\"1024\" height=\"661\" class=\"wp-image-1600\" src=\"https:\/\/blogs.fu-berlin.de\/open-access-berlin\/files\/2023\/05\/kobv-logo_mit-text_dunkelblau-1024x661.jpg\" alt=\"\" srcset=\"https:\/\/blogs.fu-berlin.de\/open-access-berlin\/files\/2023\/05\/kobv-logo_mit-text_dunkelblau-1024x661.jpg 1024w, https:\/\/blogs.fu-berlin.de\/open-access-berlin\/files\/2023\/05\/kobv-logo_mit-text_dunkelblau-300x194.jpg 300w, https:\/\/blogs.fu-berlin.de\/open-access-berlin\/files\/2023\/05\/kobv-logo_mit-text_dunkelblau-768x496.jpg 768w, https:\/\/blogs.fu-berlin.de\/open-access-berlin\/files\/2023\/05\/kobv-logo_mit-text_dunkelblau-1536x992.jpg 1536w, https:\/\/blogs.fu-berlin.de\/open-access-berlin\/files\/2023\/05\/kobv-logo_mit-text_dunkelblau-2048x1322.jpg 2048w, https:\/\/blogs.fu-berlin.de\/open-access-berlin\/files\/2023\/05\/kobv-logo_mit-text_dunkelblau-1200x775.jpg 1200w, https:\/\/blogs.fu-berlin.de\/open-access-berlin\/files\/2023\/05\/kobv-logo_mit-text_dunkelblau-250x161.jpg 250w, https:\/\/blogs.fu-berlin.de\/open-access-berlin\/files\/2023\/05\/kobv-logo_mit-text_dunkelblau-550x355.jpg 550w, https:\/\/blogs.fu-berlin.de\/open-access-berlin\/files\/2023\/05\/kobv-logo_mit-text_dunkelblau-800x517.jpg 800w, https:\/\/blogs.fu-berlin.de\/open-access-berlin\/files\/2023\/05\/kobv-logo_mit-text_dunkelblau-279x180.jpg 279w, https:\/\/blogs.fu-berlin.de\/open-access-berlin\/files\/2023\/05\/kobv-logo_mit-text_dunkelblau-465x300.jpg 465w, https:\/\/blogs.fu-berlin.de\/open-access-berlin\/files\/2023\/05\/kobv-logo_mit-text_dunkelblau-774x500.jpg 774w\" sizes=\"auto, (max-width: 709px) 85vw, (max-width: 909px) 67vw, (max-width: 1362px) 62vw, 840px\" \/><\/figure><\/div><\/div>\r\n\r\n\r\n\r\n<div class=\"wp-block-column is-layout-flow wp-block-column-is-layout-flow\"><div class=\"wp-block-image is-style-default\">\r\n<figure class=\"aligncenter size-large is-resized\"><img loading=\"lazy\" decoding=\"async\" class=\"wp-image-135\" src=\"https:\/\/blogs.fu-berlin.de\/open-access-berlin\/files\/2021\/09\/bak-Logo-2018.png\" alt=\"\" width=\"142\" height=\"56\" srcset=\"https:\/\/blogs.fu-berlin.de\/open-access-berlin\/files\/2021\/09\/bak-Logo-2018.png 340w, https:\/\/blogs.fu-berlin.de\/open-access-berlin\/files\/2021\/09\/bak-Logo-2018-300x120.png 300w, https:\/\/blogs.fu-berlin.de\/open-access-berlin\/files\/2021\/09\/bak-Logo-2018-250x100.png 250w\" sizes=\"auto, (max-width: 142px) 85vw, 142px\" \/><\/figure><\/div>\r\n\r\n\r\n<p>&nbsp;<\/p>\r\n<\/div>\r\n\r\n\r\n\r\n<div class=\"wp-block-column is-layout-flow wp-block-column-is-layout-flow\">\r\n<div class=\"wp-block-group\"><div class=\"wp-block-group__inner-container is-layout-flow wp-block-group-is-layout-flow\">\r\n<figure class=\"wp-block-image size-full is-style-default\"><img loading=\"lazy\" decoding=\"async\" width=\"150\" height=\"150\" class=\"wp-image-1593\" src=\"https:\/\/blogs.fu-berlin.de\/open-access-berlin\/files\/2023\/05\/hu-logo-e1683874241169.jpg\" alt=\"\" srcset=\"https:\/\/blogs.fu-berlin.de\/open-access-berlin\/files\/2023\/05\/hu-logo-e1683874241169.jpg 150w, https:\/\/blogs.fu-berlin.de\/open-access-berlin\/files\/2023\/05\/hu-logo-e1683874241169-48x48.jpg 48w\" sizes=\"auto, (max-width: 150px) 85vw, 150px\" \/><\/figure>\r\n<\/div><\/div>\r\n\r\n\r\n\r\n<p>&nbsp;<\/p>\r\n<\/div>\r\n<\/div>\r\n\r\n\r\n\r\n<div class=\"wp-block-columns is-layout-flex wp-container-core-columns-is-layout-9d6595d7 wp-block-columns-is-layout-flex\">\r\n<div class=\"wp-block-column is-layout-flow wp-block-column-is-layout-flow\">\r\n<figure class=\"wp-block-image size-large is-resized is-style-default\"><img loading=\"lazy\" decoding=\"async\" class=\"wp-image-254\" src=\"https:\/\/blogs.fu-berlin.de\/open-access-berlin\/files\/2021\/09\/Logo_Gesig_377x120Pixel-96dpi-RGB.jpg\" alt=\"\" width=\"116\" height=\"37\" srcset=\"https:\/\/blogs.fu-berlin.de\/open-access-berlin\/files\/2021\/09\/Logo_Gesig_377x120Pixel-96dpi-RGB.jpg 377w, https:\/\/blogs.fu-berlin.de\/open-access-berlin\/files\/2021\/09\/Logo_Gesig_377x120Pixel-96dpi-RGB-300x95.jpg 300w, https:\/\/blogs.fu-berlin.de\/open-access-berlin\/files\/2021\/09\/Logo_Gesig_377x120Pixel-96dpi-RGB-250x80.jpg 250w\" sizes=\"auto, (max-width: 116px) 85vw, 116px\" \/><\/figure>\r\n<\/div>\r\n\r\n\r\n\r\n<div class=\"wp-block-column is-layout-flow wp-block-column-is-layout-flow\">\r\n<figure class=\"wp-block-image size-large is-resized is-style-default\"><img loading=\"lazy\" decoding=\"async\" class=\"wp-image-253\" src=\"https:\/\/blogs.fu-berlin.de\/open-access-berlin\/files\/2021\/09\/ASPB-Logo-CMYK-1-1024x242.jpg\" alt=\"\" width=\"225\" height=\"53\" srcset=\"https:\/\/blogs.fu-berlin.de\/open-access-berlin\/files\/2021\/09\/ASPB-Logo-CMYK-1-1024x242.jpg 1024w, https:\/\/blogs.fu-berlin.de\/open-access-berlin\/files\/2021\/09\/ASPB-Logo-CMYK-1-300x71.jpg 300w, https:\/\/blogs.fu-berlin.de\/open-access-berlin\/files\/2021\/09\/ASPB-Logo-CMYK-1-768x182.jpg 768w, https:\/\/blogs.fu-berlin.de\/open-access-berlin\/files\/2021\/09\/ASPB-Logo-CMYK-1-1200x284.jpg 1200w, https:\/\/blogs.fu-berlin.de\/open-access-berlin\/files\/2021\/09\/ASPB-Logo-CMYK-1-250x59.jpg 250w, https:\/\/blogs.fu-berlin.de\/open-access-berlin\/files\/2021\/09\/ASPB-Logo-CMYK-1-550x130.jpg 550w, https:\/\/blogs.fu-berlin.de\/open-access-berlin\/files\/2021\/09\/ASPB-Logo-CMYK-1-800x189.jpg 800w, https:\/\/blogs.fu-berlin.de\/open-access-berlin\/files\/2021\/09\/ASPB-Logo-CMYK-1-760x180.jpg 760w, https:\/\/blogs.fu-berlin.de\/open-access-berlin\/files\/2021\/09\/ASPB-Logo-CMYK-1.jpg 1242w\" sizes=\"auto, (max-width: 225px) 85vw, 225px\" \/><\/figure>\r\n<\/div>\r\n\r\n\r\n\r\n<div class=\"wp-block-column is-layout-flow wp-block-column-is-layout-flow\">\r\n<figure class=\"wp-block-image size-full\"><img loading=\"lazy\" decoding=\"async\" width=\"150\" height=\"55\" class=\"wp-image-1660\" src=\"https:\/\/blogs.fu-berlin.de\/open-access-berlin\/files\/2023\/05\/Helmholtz_Submarke_OS_CMYK_kompakt_150px.jpg\" alt=\"\" \/><\/figure>\r\n<\/div>\r\n<\/div>\r\n\r\n\r\n\r\n<h2 class=\"wp-block-heading\">Termine der Veranstaltungsreihe 2023\u20132024<\/h2>\r\n\r\n\r\n\r\n<h3 class=\"wp-block-heading\">24. Oktober 2023: Auftaktveranstaltung &#8222;Open Access in der Region Berlin-Brandenburg: Was wurde erreicht und wo geht es hin?&#8220; (Hybrid)<\/h3>\r\n\r\n\r\n\r\n<p>[<a href=\"https:\/\/blogs.fu-berlin.de\/open-access-berlin\/2023\/06\/01\/oaweekbbb-auftakt\/\">Zur Veranstaltungsseite<\/a> | <a href=\"https:\/\/doi.org\/10.59350\/yy5kk-3tz25\">Zur Nachlese<\/a>]<\/p>\r\n\r\n\r\n\r\n<h3 class=\"wp-block-heading\">24. Januar 2024: Podiusmdiskussion \u201eWo stehen Verlage sowie Intermedi\u00e4re auf dem Weg der Open-Access-Transformation?\u201c (Hybrid)<\/h3>\r\n\r\n\r\n\r\n<p>[<a href=\"https:\/\/blogs.fu-berlin.de\/open-access-berlin\/2023\/07\/09\/oaweekbbb2024-podiumsdiskussion-kmu-verlage\/\">Zur Veranstaltungsseite<\/a> | <a href=\"https:\/\/doi.org\/10.5446\/63448\">Zur Videoaufzeichnung<\/a>]<\/p>\r\n\r\n\r\n\r\n<h3 class=\"wp-block-heading\">19. Februar 2024: Virtuelle Podiumsdiskussion &#8222;Offene Infrastrukturen f\u00fcr Open Science&#8220;<\/h3>\r\n\r\n\r\n\r\n<p>[<a href=\"https:\/\/blogs.fu-berlin.de\/open-access-berlin\/2023\/08\/22\/virtuelle-podiumsdiskussion-offene-infrastrukturen-fuer-open-science\/\">Zur Veranstaltungsseite <\/a>| <a href=\"https:\/\/doi.org\/10.5446\/66811\">Zur Videoaufzeichnung<\/a>]<\/p>\r\n<h3>16. April 2024: Virtuelle Podiumsdiskussion &#8222;Informationsbudget&#8220;<\/h3>\r\n<p>[<a href=\"https:\/\/blogs.fu-berlin.de\/open-access-berlin\/2024\/02\/16\/podiusmdiskussion-informationsbudget\/\">Zur Veranstaltungsseite<\/a>]<\/p>\r\n\r\n\r\n","protected":false},"excerpt":{"rendered":"<p>Open Access ist seit vielen Jahren eine Herzensangelegenheit der Wissenschaftsregion Berlin-Brandenburg. Beide Bundesl\u00e4nder setzen sich seit Jahren aktiv f\u00fcr die Open-Access-Transformation ein, indem sie strategische Rahmenbedingungen schaffen (Open-Access-Strategie des Landes Berlin 2015, Open-Access-Strategie des Landes Brandenburg 2019) und Ressourcen f\u00fcr die Transformation bereitstellen, insbesondere das Open-Access-B\u00fcro Berlin, die Vernetzungs- und Kompetenzstelle Open Access Brandenburg, aber &hellip; <a href=\"https:\/\/blogs.fu-berlin.de\/open-access-berlin\/2023\/05\/23\/oa-week-bbb-3\/\" class=\"more-link\"><span class=\"screen-reader-text\">\u201eQuo vadis offene Wissenschaft in Berlin und Brandenburg: Open Access Week 2023\/24 (#OAWeekBBB)\u201c<\/span> weiterlesen<\/a><\/p>\n","protected":false},"author":5167,"featured_media":1666,"comment_status":"open","ping_status":"open","sticky":false,"template":"","format":"standard","meta":{"footnotes":""},"categories":[419,575663],"tags":[449000,79,1273],"class_list":["post-1587","post","type-post","status-publish","format-standard","has-post-thumbnail","hentry","category-veranstaltungshinweise","category-openbbb","tag-quo-vadis","tag-berlin","tag-brandenburg"],"_links":{"self":[{"href":"https:\/\/blogs.fu-berlin.de\/open-access-berlin\/wp-json\/wp\/v2\/posts\/1587","targetHints":{"allow":["GET"]}}],"collection":[{"href":"https:\/\/blogs.fu-berlin.de\/open-access-berlin\/wp-json\/wp\/v2\/posts"}],"about":[{"href":"https:\/\/blogs.fu-berlin.de\/open-access-berlin\/wp-json\/wp\/v2\/types\/post"}],"author":[{"embeddable":true,"href":"https:\/\/blogs.fu-berlin.de\/open-access-berlin\/wp-json\/wp\/v2\/users\/5167"}],"replies":[{"embeddable":true,"href":"https:\/\/blogs.fu-berlin.de\/open-access-berlin\/wp-json\/wp\/v2\/comments?post=1587"}],"version-history":[{"count":30,"href":"https:\/\/blogs.fu-berlin.de\/open-access-berlin\/wp-json\/wp\/v2\/posts\/1587\/revisions"}],"predecessor-version":[{"id":2594,"href":"https:\/\/blogs.fu-berlin.de\/open-access-berlin\/wp-json\/wp\/v2\/posts\/1587\/revisions\/2594"}],"wp:featuredmedia":[{"embeddable":true,"href":"https:\/\/blogs.fu-berlin.de\/open-access-berlin\/wp-json\/wp\/v2\/media\/1666"}],"wp:attachment":[{"href":"https:\/\/blogs.fu-berlin.de\/open-access-berlin\/wp-json\/wp\/v2\/media?parent=1587"}],"wp:term":[{"taxonomy":"category","embeddable":true,"href":"https:\/\/blogs.fu-berlin.de\/open-access-berlin\/wp-json\/wp\/v2\/categories?post=1587"},{"taxonomy":"post_tag","embeddable":true,"href":"https:\/\/blogs.fu-berlin.de\/open-access-berlin\/wp-json\/wp\/v2\/tags?post=1587"}],"curies":[{"name":"wp","href":"https:\/\/api.w.org\/{rel}","templated":true}]}}