{"id":1815,"date":"2023-07-09T12:27:00","date_gmt":"2023-07-09T10:27:00","guid":{"rendered":"https:\/\/blogs.fu-berlin.de\/open-access-berlin\/?p=1815"},"modified":"2024-05-24T10:06:46","modified_gmt":"2024-05-24T08:06:46","slug":"oaweekbbb2024-podiumsdiskussion-kmu-verlage","status":"publish","type":"post","link":"https:\/\/blogs.fu-berlin.de\/open-access-berlin\/2023\/07\/09\/oaweekbbb2024-podiumsdiskussion-kmu-verlage\/","title":{"rendered":"Podiumsdiskussion &#8222;Wo stehen Verlage sowie Intermedi\u00e4re auf dem Weg der Open-Access-Transformation?&#8220; (Hybrid)"},"content":{"rendered":"\n<h4 class=\"wp-block-heading\">Veranstaltung in der Reihe &#8222;Quo vadis offene Wissenschaft&#8220; am 24. Januar 2024<\/h4>\n\n\n\n<p><em>\u2014 Die Videoaufzeichnung zur Veranstaltung ist <a href=\"https:\/\/doi.org\/10.5446\/63448\">im TIB AV-Portal<\/a> verf\u00fcgbar \u2014<\/em><\/p>\n\n\n\n<p><strong>Termin<\/strong>: 24. Januar 2024, 14:00-15:30 Uhr<br><strong>Ort\/Link f\u00fcr die Online-Teilnahme<\/strong>: H\u00f6rsaal des Zuse Instituts Berlin, Takustra\u00dfe 7, 14195 Berlin und im Livestream<br><strong>Veranstaltende<\/strong>: GeSIG &#8211; Netzwerk Fachinformation e.V.<\/p>\n\n\n\n<p>DEAL, Open Access und Co. haben die klassische Informationskette erheblich ins Wanken gebracht und stellen s\u00e4mtliche an der Distribution von Wissen beteiligte Akteure vor massive Herausforderungen. Insbesondere im Bereich der wissenschaftlichen Zeitschriften ist die Entwicklung durch das Zustandekommen von Open-Access-Transformationsvertr\u00e4gen, die von Konsortien abgeschlossen werden, inzwischen weiter vorangeschritten. Hinzu kommen alternative Open-Access-Modelle wie zum Beispiel <em>Subscribed to Open<\/em>, die auch von mittelst\u00e4ndischen Verlagen zusehends aufgegriffen werden. <\/p>\n\n\n\n<!--more-->\n\n\n\n<p>Wie ist die Sicht der Verlage und Intermedi\u00e4re auf die neuen publikationsorientierten Vertragsmodelle? Bieten diese Modelle f\u00fcr Verlage einen geeigneten Rahmen, um Inhalte im Open Access verf\u00fcgbar zu machen? Wo sehen societies und mittelst\u00e4ndische Verlage die Herausforderungen? Was ist hier anders als bei den gro\u00dfen Deals? Welche Bedeutung haben Open-Access-Gesch\u00e4ftsmodelle f\u00fcr Verlage mit Schwerpunkt in den Geistes- und Sozialwissenschaften? Wie kann es gelingen, mittelst\u00e4ndische Anbieter und Intermedi\u00e4re st\u00e4rker an der Open-Access-Transformation partizipieren zu lassen? Welche Modelle und Erfahrungen liegen vor? Welche Perspektiven ergeben sich? Diesen Fragen stellen sich die Teilnehmenden der Podiumsdiskussion und loten gemeinsam aus, wo Verlage und Intermedi\u00e4re auf dem Weg der Open-Access-Transformation stehen.<\/p>\n\n\n\n<p>Die Veranstaltung findet im Rahmen der Reihe <a href=\"https:\/\/blogs.fu-berlin.de\/open-access-berlin\/2023\/05\/23\/oa-week-bbb-3\/\">Quo vadis offene Wissenschaft in Berlin und Brandenburg: Open Access Week 2023\/24 (#OAWeekBBB)<\/a> statt.<\/p>\n\n\n\n<h1 class=\"wp-block-heading\">Programm<\/h1>\n\n\n\n<p><strong>14:00-14:10 Uhr Begr\u00fc\u00dfung durch Dr. Thomas Mutschler (GeSIG)<\/strong><\/p>\n\n\n\n<p><strong>14:10-15:30 Uhr: Wo stehen Verlage sowie Intermedi\u00e4re auf dem Weg der Open-Access-Transformation?<\/strong><\/p>\n\n\n\n<p><strong>Moderation<\/strong>: Dr. Rafael Ball, ETH Z\u00fcrich<\/p>\n\n\n\n<p><strong>Diskussionsteilnehmer*innen:<\/strong><\/p>\n\n\n\n<ul class=\"wp-block-list\"><li>Cary Bruce, EBSCO<\/li><li>Sybille Geisenheyner, American Chemical Society<\/li><li>Kristine Hillenk\u00f6tter, SUB G\u00f6ttingen<\/li><li>Dr. Jochen Johannsen, UB der RWTH Aachen<\/li><li>Dr. Christina Lembrecht, Walter de Gruyter<\/li><\/ul>\n\n\n<h1>Biographische Informationen<\/h1>\n<p><strong><img loading=\"lazy\" decoding=\"async\" class=\"alignnone size-medium wp-image-2118\" src=\"https:\/\/blogs.fu-berlin.de\/open-access-berlin\/files\/2023\/07\/Ball_R_4560_300dpi-212x300.jpg\" alt=\"\" width=\"212\" height=\"300\" srcset=\"https:\/\/blogs.fu-berlin.de\/open-access-berlin\/files\/2023\/07\/Ball_R_4560_300dpi-212x300.jpg 212w, https:\/\/blogs.fu-berlin.de\/open-access-berlin\/files\/2023\/07\/Ball_R_4560_300dpi-724x1024.jpg 724w, https:\/\/blogs.fu-berlin.de\/open-access-berlin\/files\/2023\/07\/Ball_R_4560_300dpi-768x1086.jpg 768w, https:\/\/blogs.fu-berlin.de\/open-access-berlin\/files\/2023\/07\/Ball_R_4560_300dpi-1086x1536.jpg 1086w, https:\/\/blogs.fu-berlin.de\/open-access-berlin\/files\/2023\/07\/Ball_R_4560_300dpi-1448x2048.jpg 1448w, https:\/\/blogs.fu-berlin.de\/open-access-berlin\/files\/2023\/07\/Ball_R_4560_300dpi-1200x1697.jpg 1200w, https:\/\/blogs.fu-berlin.de\/open-access-berlin\/files\/2023\/07\/Ball_R_4560_300dpi-250x353.jpg 250w, https:\/\/blogs.fu-berlin.de\/open-access-berlin\/files\/2023\/07\/Ball_R_4560_300dpi-550x778.jpg 550w, https:\/\/blogs.fu-berlin.de\/open-access-berlin\/files\/2023\/07\/Ball_R_4560_300dpi-800x1131.jpg 800w, https:\/\/blogs.fu-berlin.de\/open-access-berlin\/files\/2023\/07\/Ball_R_4560_300dpi-127x180.jpg 127w, https:\/\/blogs.fu-berlin.de\/open-access-berlin\/files\/2023\/07\/Ball_R_4560_300dpi-354x500.jpg 354w, https:\/\/blogs.fu-berlin.de\/open-access-berlin\/files\/2023\/07\/Ball_R_4560_300dpi-scaled.jpg 1811w\" sizes=\"auto, (max-width: 212px) 85vw, 212px\" \/><\/strong><\/p>\n<p><strong>Dr. Rafael Ball <\/strong>(Moderation) ist promovierter Biologe und Wissenschaftshistoriker und absolvierte eine postgraduale Ausbildung zum wissenschaftlichen Bibliothekar. Er war in der Zentralbibliothek des Forschungszentrums J\u00fclich und an der Universit\u00e4tsbibliothek Regensburg als Direktor t\u00e4tig. Seit 2015 leitet Rafael Ball die ETH Bibliothek Z\u00fcrich. Zu seinen Arbeits- und Forschungsschwerpunkten z\u00e4hlen die Wissenschaftskommunikation der Zukunft und die Zukunft der Bibliotheken. Rafael Ball ist Autor und Herausgeber zahlreicher Publikationen, engagierter Redner und Lehrbeauftragter an einschl\u00e4gigen Hochschulen.<\/p>\n<p><img loading=\"lazy\" decoding=\"async\" class=\"alignnone  wp-image-2123\" src=\"https:\/\/blogs.fu-berlin.de\/open-access-berlin\/files\/2023\/07\/Cary-Bruce-207x300.jpg\" alt=\"\" width=\"217\" height=\"314\" srcset=\"https:\/\/blogs.fu-berlin.de\/open-access-berlin\/files\/2023\/07\/Cary-Bruce-207x300.jpg 207w, https:\/\/blogs.fu-berlin.de\/open-access-berlin\/files\/2023\/07\/Cary-Bruce-250x362.jpg 250w, https:\/\/blogs.fu-berlin.de\/open-access-berlin\/files\/2023\/07\/Cary-Bruce-124x180.jpg 124w, https:\/\/blogs.fu-berlin.de\/open-access-berlin\/files\/2023\/07\/Cary-Bruce-346x500.jpg 346w, https:\/\/blogs.fu-berlin.de\/open-access-berlin\/files\/2023\/07\/Cary-Bruce.jpg 531w\" sizes=\"auto, (max-width: 217px) 85vw, 217px\" \/><\/p>\n<p><strong>Cary Bruce<\/strong> ist Senior Vice President &amp; General Manager for Europe and Sub-Saharan Africa bei EBSCO. EBSCO Information Services ist ein international etablierter Anbieter vielf\u00e4ltiger Informationsservices f\u00fcr gedruckte und digitale Medien, f\u00fcr Bibliothekstechnologien und f\u00fcr Discovery-L\u00f6sungen. Nach seinem Volkswirtschaftsstudium an der Georgetown University in Washington DC erzielte Cary Bruce einen Abschluss als Master of Business Administration (MBA) von INSEAD, Fontainebleau, Frankreich und war bereits vor seiner T\u00e4tigkeit bei EBSCO in der deutschen Medienbranche in leitenden Managementpositionen t\u00e4tig. Cary Bruce ist weltweit vernetzter Experte mit hervorragenden Kenntnissen des internationalen Informationsmarkts.<\/p>\n<p><\/p>\n<p><strong><img loading=\"lazy\" decoding=\"async\" class=\"alignnone  wp-image-2119\" src=\"https:\/\/blogs.fu-berlin.de\/open-access-berlin\/files\/2023\/07\/Geisenheyner-285x300.jpg\" alt=\"\" width=\"241\" height=\"254\" srcset=\"https:\/\/blogs.fu-berlin.de\/open-access-berlin\/files\/2023\/07\/Geisenheyner-285x300.jpg 285w, https:\/\/blogs.fu-berlin.de\/open-access-berlin\/files\/2023\/07\/Geisenheyner-974x1024.jpg 974w, https:\/\/blogs.fu-berlin.de\/open-access-berlin\/files\/2023\/07\/Geisenheyner-768x808.jpg 768w, https:\/\/blogs.fu-berlin.de\/open-access-berlin\/files\/2023\/07\/Geisenheyner-1460x1536.jpg 1460w, https:\/\/blogs.fu-berlin.de\/open-access-berlin\/files\/2023\/07\/Geisenheyner-1200x1262.jpg 1200w, https:\/\/blogs.fu-berlin.de\/open-access-berlin\/files\/2023\/07\/Geisenheyner-250x263.jpg 250w, https:\/\/blogs.fu-berlin.de\/open-access-berlin\/files\/2023\/07\/Geisenheyner-550x578.jpg 550w, https:\/\/blogs.fu-berlin.de\/open-access-berlin\/files\/2023\/07\/Geisenheyner-800x841.jpg 800w, https:\/\/blogs.fu-berlin.de\/open-access-berlin\/files\/2023\/07\/Geisenheyner-171x180.jpg 171w, https:\/\/blogs.fu-berlin.de\/open-access-berlin\/files\/2023\/07\/Geisenheyner-475x500.jpg 475w, https:\/\/blogs.fu-berlin.de\/open-access-berlin\/files\/2023\/07\/Geisenheyner.jpg 1876w\" sizes=\"auto, (max-width: 241px) 85vw, 241px\" \/><\/strong><\/p>\n<p><strong>Sybille Geisenheyner<\/strong> ist seit 2020 Director of Open Science Strategy &amp; Licensing der American Chemical Society (ACS). Erste berufliche Erfahrungen und Erfolge erzielte sie zun\u00e4chst als Verkaufsrepr\u00e4sentantin bei verschiedenen wissenschaftlichen Informationsanbietern und Verlagen. Von 2012 bis 2019 war Sybille Geisenheyner Sales Managerin EMEAI bei der Royal Society of Chemistry (RSC) und verantwortete zuletzt zus\u00e4tzlich das globale Open-Access-Gesch\u00e4ft. Sybille Geisenheyner ist Expertin f\u00fcr Open Science und eng vertraut mit dem Bereich der scientific societies.<\/p>\n<p><img loading=\"lazy\" decoding=\"async\" class=\"alignnone  wp-image-2120\" src=\"https:\/\/blogs.fu-berlin.de\/open-access-berlin\/files\/2023\/07\/Hillenkoetter-300x225.jpg\" alt=\"\" width=\"279\" height=\"209\" srcset=\"https:\/\/blogs.fu-berlin.de\/open-access-berlin\/files\/2023\/07\/Hillenkoetter-300x225.jpg 300w, https:\/\/blogs.fu-berlin.de\/open-access-berlin\/files\/2023\/07\/Hillenkoetter-250x188.jpg 250w, https:\/\/blogs.fu-berlin.de\/open-access-berlin\/files\/2023\/07\/Hillenkoetter-550x413.jpg 550w, https:\/\/blogs.fu-berlin.de\/open-access-berlin\/files\/2023\/07\/Hillenkoetter-240x180.jpg 240w, https:\/\/blogs.fu-berlin.de\/open-access-berlin\/files\/2023\/07\/Hillenkoetter-400x300.jpg 400w, https:\/\/blogs.fu-berlin.de\/open-access-berlin\/files\/2023\/07\/Hillenkoetter-666x500.jpg 666w, https:\/\/blogs.fu-berlin.de\/open-access-berlin\/files\/2023\/07\/Hillenkoetter.jpg 693w\" sizes=\"auto, (max-width: 279px) 85vw, 279px\" \/><\/p>\n<p><!-- \/wp:post-content --><!-- wp:paragraph --><\/p>\n<p><strong>Kristine Hillenk\u00f6tter<\/strong> leitet die Abteilung Informationsversorgung an der Nieders\u00e4chsischen Staats- und Universit\u00e4tsbibliothek G\u00f6ttingen (SUB). Mit ihrem fachlichen Schwerpunkt im Bereich der \u00fcberregionalen Lizenzierung und Open-Access-Transformation ist sie u.a. Ansprechpartnerin f\u00fcr die von der Bibliothek verhandelten nationalen Lizenzen und verantwortlich f\u00fcr das Niedersachsen \u2013 Konsortium sowie das DFG-gef\u00f6rderte Kooperationsprojekt \u201eKompetenzzentrum f\u00fcr Lizenzierung im FID-Kontext\u201c. Sie engagiert sich in diversen Fachgremien und der Schwerpunktinitiative \u201eDigitale Information\u201c der Allianz der deutschen Wissenschaftsorganisationen. Kristine Hillenk\u00f6tter ist Gr\u00fcndungsmitglied und Sprecherin des Arbeitskreises Forum 13+, der sich mit der Open-Access-Transformation von Angeboten kleiner und mittlerer Verlage befasst.<\/p>\n<p><\/p>\n<p><img loading=\"lazy\" decoding=\"async\" class=\"alignnone size-medium wp-image-2121\" src=\"https:\/\/blogs.fu-berlin.de\/open-access-berlin\/files\/2023\/07\/Johannsen-2-300x200.jpg\" alt=\"\" width=\"300\" height=\"200\" srcset=\"https:\/\/blogs.fu-berlin.de\/open-access-berlin\/files\/2023\/07\/Johannsen-2-300x200.jpg 300w, https:\/\/blogs.fu-berlin.de\/open-access-berlin\/files\/2023\/07\/Johannsen-2-1024x683.jpg 1024w, https:\/\/blogs.fu-berlin.de\/open-access-berlin\/files\/2023\/07\/Johannsen-2-768x512.jpg 768w, https:\/\/blogs.fu-berlin.de\/open-access-berlin\/files\/2023\/07\/Johannsen-2-1536x1024.jpg 1536w, https:\/\/blogs.fu-berlin.de\/open-access-berlin\/files\/2023\/07\/Johannsen-2-2048x1365.jpg 2048w, https:\/\/blogs.fu-berlin.de\/open-access-berlin\/files\/2023\/07\/Johannsen-2-1200x800.jpg 1200w, https:\/\/blogs.fu-berlin.de\/open-access-berlin\/files\/2023\/07\/Johannsen-2-250x167.jpg 250w, https:\/\/blogs.fu-berlin.de\/open-access-berlin\/files\/2023\/07\/Johannsen-2-550x367.jpg 550w, https:\/\/blogs.fu-berlin.de\/open-access-berlin\/files\/2023\/07\/Johannsen-2-800x533.jpg 800w, https:\/\/blogs.fu-berlin.de\/open-access-berlin\/files\/2023\/07\/Johannsen-2-270x180.jpg 270w, https:\/\/blogs.fu-berlin.de\/open-access-berlin\/files\/2023\/07\/Johannsen-2-450x300.jpg 450w, https:\/\/blogs.fu-berlin.de\/open-access-berlin\/files\/2023\/07\/Johannsen-2-750x500.jpg 750w\" sizes=\"auto, (max-width: 300px) 85vw, 300px\" \/><\/p>\n<p><strong>Dr. Jochen Johannsen<\/strong> war nach dem Studium der Geschichtswissenschaft und der anschlie\u00dfenden Ausbildung zum wissenschaftlichen Bibliothekar zun\u00e4chst als Leiter der Konsortialstelle des Hochschulbibliothekszentrum des Landes Nordrhein-Westfalen (hbz) t\u00e4tig. 2012 zog es ihn an die Badische Landesbibliothek, wo er bis 2015 Erwerbungsleiter war. Anschlie\u00dfend \u00fcbernahm Jochen Johannsen die Direktion der Universit\u00e4tsbibliothek Siegen. Seit 2022 ist er an der Universit\u00e4tsbibliothek der Rheinisch-Westf\u00e4lischen Technischen Hochschule Aachen (RWTH) Direktor und Mitglied der DEAL-Gruppe.<\/p>\n<p><img loading=\"lazy\" decoding=\"async\" class=\"alignnone  wp-image-2122\" src=\"https:\/\/blogs.fu-berlin.de\/open-access-berlin\/files\/2023\/07\/lembrecht_c_neu.jpg\" alt=\"\" width=\"142\" height=\"177\"><\/p>\n<p><strong>Dr. Christina Lembrecht<\/strong> ist promovierte Buchwissenschaftlerin. Nach Studium und Promotion an der Johannes-Gutenberg-Universit\u00e4t Mainz f\u00fchrte ihr Berufsweg sie zun\u00e4chst nach Mexiko, wo sie f\u00fcr die Feria Internacional del Libro Guadalajara, eine der weltweit wichtigsten Buchmessen der spanischsprachigen Welt, arbeitete. Mit ihren in Lateinamerika gesammelten Branchenerfahrungen kehrte sie nach Deutschland zur\u00fcck und war ab 2012 in verschiedenen Positionen im geistes- und sozialwissenschaftlichen Lektorat von De Gruyter t\u00e4tig. Seit 2021 zeichnet Christina Lembrecht bei De Gruyter als Senior Manager Open Research Strategy f\u00fcr die Open-Science-Strategie des Verlags zust\u00e4ndig.<\/p>\n<p><\/p>","protected":false},"excerpt":{"rendered":"<p>Wie sich das Gef\u00fcge zwischen Verlagen und Bibliotheken durch Open Access ver\u00e4ndert<\/p>\n","protected":false},"author":5167,"featured_media":0,"comment_status":"open","ping_status":"open","sticky":false,"template":"","format":"standard","meta":{"footnotes":""},"categories":[419],"tags":[],"class_list":["post-1815","post","type-post","status-publish","format-standard","hentry","category-veranstaltungshinweise"],"_links":{"self":[{"href":"https:\/\/blogs.fu-berlin.de\/open-access-berlin\/wp-json\/wp\/v2\/posts\/1815","targetHints":{"allow":["GET"]}}],"collection":[{"href":"https:\/\/blogs.fu-berlin.de\/open-access-berlin\/wp-json\/wp\/v2\/posts"}],"about":[{"href":"https:\/\/blogs.fu-berlin.de\/open-access-berlin\/wp-json\/wp\/v2\/types\/post"}],"author":[{"embeddable":true,"href":"https:\/\/blogs.fu-berlin.de\/open-access-berlin\/wp-json\/wp\/v2\/users\/5167"}],"replies":[{"embeddable":true,"href":"https:\/\/blogs.fu-berlin.de\/open-access-berlin\/wp-json\/wp\/v2\/comments?post=1815"}],"version-history":[{"count":20,"href":"https:\/\/blogs.fu-berlin.de\/open-access-berlin\/wp-json\/wp\/v2\/posts\/1815\/revisions"}],"predecessor-version":[{"id":2593,"href":"https:\/\/blogs.fu-berlin.de\/open-access-berlin\/wp-json\/wp\/v2\/posts\/1815\/revisions\/2593"}],"wp:attachment":[{"href":"https:\/\/blogs.fu-berlin.de\/open-access-berlin\/wp-json\/wp\/v2\/media?parent=1815"}],"wp:term":[{"taxonomy":"category","embeddable":true,"href":"https:\/\/blogs.fu-berlin.de\/open-access-berlin\/wp-json\/wp\/v2\/categories?post=1815"},{"taxonomy":"post_tag","embeddable":true,"href":"https:\/\/blogs.fu-berlin.de\/open-access-berlin\/wp-json\/wp\/v2\/tags?post=1815"}],"curies":[{"name":"wp","href":"https:\/\/api.w.org\/{rel}","templated":true}]}}