{"id":2394,"date":"2024-02-15T10:15:36","date_gmt":"2024-02-15T09:15:36","guid":{"rendered":"https:\/\/blogs.fu-berlin.de\/open-access-berlin\/?p=2394"},"modified":"2025-01-28T13:54:07","modified_gmt":"2025-01-28T12:54:07","slug":"udk-jessulat-open-research-kramer-open-access","status":"publish","type":"post","link":"https:\/\/blogs.fu-berlin.de\/open-access-berlin\/2024\/02\/15\/udk-jessulat-open-research-kramer-open-access\/","title":{"rendered":"UdK: Ariane Je\u00dfulat nun f\u00fcr Open Research zust\u00e4ndig \u2013 Friederike Kramer neue OA-Beauftragte"},"content":{"rendered":"<p>Neuigkeiten aus der Universit\u00e4t der K\u00fcnste Berlin (UdK): Seit Februar 2024 ist Ariane Je\u00dfulat, Professorin f\u00fcr Musiktheorie und Erste Vizepr\u00e4sidentin, f\u00fcr Open Research zust\u00e4ndig. Im Amt der Open-Access-Beauftragten folgt ihr Friederike Kramer. Sie ist stellvertretende Leiterin der UdK-Bibliothek und seit langer Zeit f\u00fcr Open Access im Berliner Raum aktiv. Wir haben die Zust\u00e4ndigkeiten <a href=\"https:\/\/www.open-access-berlin.de\/Ressourcen\/Ressourcen\/oa_berlin\/index.html\">in unserer \u00dcbersicht<\/a> aktualisiert.<\/p>\n<p>&nbsp;<\/p>\n","protected":false},"excerpt":{"rendered":"<p>Open Research und Open Access an der Universit\u00e4t der K\u00fcnste <\/p>\n","protected":false},"author":7740,"featured_media":0,"comment_status":"open","ping_status":"open","sticky":false,"template":"","format":"aside","meta":{"footnotes":""},"categories":[486],"tags":[446057,449020,552],"class_list":["post-2394","post","type-post","status-publish","format-aside","hentry","category-aktuelles","tag-open-research","tag-udk","tag-open-access","post_format-post-format-aside"],"_links":{"self":[{"href":"https:\/\/blogs.fu-berlin.de\/open-access-berlin\/wp-json\/wp\/v2\/posts\/2394","targetHints":{"allow":["GET"]}}],"collection":[{"href":"https:\/\/blogs.fu-berlin.de\/open-access-berlin\/wp-json\/wp\/v2\/posts"}],"about":[{"href":"https:\/\/blogs.fu-berlin.de\/open-access-berlin\/wp-json\/wp\/v2\/types\/post"}],"author":[{"embeddable":true,"href":"https:\/\/blogs.fu-berlin.de\/open-access-berlin\/wp-json\/wp\/v2\/users\/7740"}],"replies":[{"embeddable":true,"href":"https:\/\/blogs.fu-berlin.de\/open-access-berlin\/wp-json\/wp\/v2\/comments?post=2394"}],"version-history":[{"count":9,"href":"https:\/\/blogs.fu-berlin.de\/open-access-berlin\/wp-json\/wp\/v2\/posts\/2394\/revisions"}],"predecessor-version":[{"id":2980,"href":"https:\/\/blogs.fu-berlin.de\/open-access-berlin\/wp-json\/wp\/v2\/posts\/2394\/revisions\/2980"}],"wp:attachment":[{"href":"https:\/\/blogs.fu-berlin.de\/open-access-berlin\/wp-json\/wp\/v2\/media?parent=2394"}],"wp:term":[{"taxonomy":"category","embeddable":true,"href":"https:\/\/blogs.fu-berlin.de\/open-access-berlin\/wp-json\/wp\/v2\/categories?post=2394"},{"taxonomy":"post_tag","embeddable":true,"href":"https:\/\/blogs.fu-berlin.de\/open-access-berlin\/wp-json\/wp\/v2\/tags?post=2394"}],"curies":[{"name":"wp","href":"https:\/\/api.w.org\/{rel}","templated":true}]}}