{"id":2650,"date":"2024-08-02T15:31:48","date_gmt":"2024-08-02T13:31:48","guid":{"rendered":"https:\/\/blogs.fu-berlin.de\/open-access-berlin\/?p=2650"},"modified":"2024-12-20T17:06:04","modified_gmt":"2024-12-20T16:06:04","slug":"quo-vadis-4","status":"publish","type":"post","link":"https:\/\/blogs.fu-berlin.de\/open-access-berlin\/2024\/08\/02\/quo-vadis-4\/","title":{"rendered":"Quo vadis offene Wissenschaft in Berlin und Brandenburg 2024\/25 &#8211; Die Veranstaltungsreihe geht in die vierte Runde"},"content":{"rendered":"<p>Open Access ist seit vielen Jahren eine Herzensangelegenheit der Wissenschaftsregion Berlin-Brandenburg. Beide Bundesl\u00e4nder setzen sich seit Jahren aktiv f\u00fcr die Open-Access-Transformation ein, indem sie strategische Rahmenbedingungen schaffen (<a href=\"http:\/\/dx.doi.org\/10.17169\/refubium-26319\">Open-Access-Strategie des Landes Berlin<\/a> 2015,<a href=\"https:\/\/doi.org\/10.5281\/zenodo.3757920\"> Open-Access-Strategie des Landes Brandenburg<\/a> 2019) und Ressourcen f\u00fcr die Transformation bereitstellen, insbesondere das <a href=\"http:\/\/www.open-access-berlin.de\/\">Open-Access-B\u00fcro Berlin<\/a>, die <a href=\"https:\/\/open-access-brandenburg.de\/\">Vernetzungs- und Kompetenzstelle Open Access Brandenburg<\/a>, aber auch durch lokales Engagement, vor allem an den Bibliotheken der Wissenschaftseinrichtungen in den beiden Bundesl\u00e4ndern.<\/p>\r\n<!-- \/wp:post-content -->\r\n\r\n<!-- wp:more -->\r\n<p><!--more--><\/p>\r\n<!-- \/wp:more -->\r\n\r\n<!-- wp:paragraph -->\r\n<p>Das Aktivit\u00e4tsspektrum der Wissenschaftseinrichtungen in der Region ist dabei breit gef\u00e4chert und reicht von der Bereitstellung von Publikationsinfrastrukturen (z.B. Repositorien und eigene Verlage) \u00fcber die \u00dcbernahme von Open-Access-Publikationskosten bis hin zur Mitwirkung in wegweisenden Open-Access-Projekten wie DeepGreen oder open-access.network. Vor dem Hintergrund der tiefgreifenden Ver\u00e4nderungen des wissenschaftlichen Publikationswesens durch das &#8222;Projekt DEAL&#8220; und \u00d6ffnungsprozesse in der Wissenschaft, die unter den Begriffen Open Science bzw. Open Research diskutiert werden, erm\u00f6glicht die Veranstaltungsreihe unter dem &#8222;Quo vadis offene Wissenschaft in Berlin und Brandenburg&#8220; eine Reflexion der Chancen und Herausforderungen f\u00fcr Wissenschaft, Verlage, Bibliotheken und weitere Einrichtungen der Informationsinfrastruktur. Die Veranstaltungsreihe findet in diesem Jahr bereits zum vierten Mal statt (siehe <a href=\"https:\/\/blogs.fu-berlin.de\/open-access-berlin\/2021\/09\/09\/quo-vadis-offene-wissenschaft-eine-virtuelle-open-access-woche-fuer-berlin-brandenburg\/\">2021<\/a>, <a href=\"https:\/\/open-access-brandenburg.de\/lets-talk\/\">2022<\/a>, <a href=\"https:\/\/blogs.fu-berlin.de\/open-access-berlin\/2023\/05\/23\/oa-week-bbb-3\/\">2023<\/a>). Wir starten mit einer Auftaktveranstaltung im Rahmen der <a href=\"https:\/\/www.openaccessweek.org\/\">International Open Access Week<\/a> am 21.10.2024 und diskutieren dann im Rahmen von voraussichtlich vier weiteren Veranstaltungen von Oktober 2024 bis M\u00e4rz 2025.<\/p>\r\n<!-- \/wp:paragraph -->\r\n\r\n<!-- wp:paragraph \/-->\r\n\r\n<!-- wp:heading -->\r\n<h2>Die Veranstaltungsreihe wird gemeinsam ausgerichtet von<\/h2>\r\n<!-- \/wp:heading -->\r\n\r\n<!-- wp:group -->\r\n<div class=\"wp-block-group\"><!-- wp:columns -->\r\n<div class=\"wp-block-columns\"><!-- wp:column -->\r\n<div class=\"wp-block-column\"><!-- wp:image {\"id\":14,\"width\":173,\"height\":37,\"sizeSlug\":\"large\",\"className\":\"is-style-default\"} -->\r\n<figure class=\"wp-block-image size-large is-resized is-style-default\"><img loading=\"lazy\" decoding=\"async\" class=\"wp-image-14\" src=\"https:\/\/blogs.fu-berlin.de\/open-access-berlin\/files\/2021\/08\/oabb_RGB.png\" alt=\"\" width=\"173\" height=\"37\" srcset=\"https:\/\/blogs.fu-berlin.de\/open-access-berlin\/files\/2021\/08\/oabb_RGB.png 767w, https:\/\/blogs.fu-berlin.de\/open-access-berlin\/files\/2021\/08\/oabb_RGB-300x66.png 300w\" sizes=\"auto, (max-width: 173px) 85vw, 173px\" \/><\/figure>\r\n<!-- \/wp:image -->\r\n\r\n<!-- wp:paragraph \/--><\/div>\r\n<!-- \/wp:column -->\r\n\r\n<!-- wp:column -->\r\n<div class=\"wp-block-column\"><!-- wp:image {\"align\":\"center\",\"id\":532,\"sizeSlug\":\"large\",\"className\":\"is-style-default\"} -->\r\n<figure class=\"wp-block-image aligncenter size-large is-style-default\"><img loading=\"lazy\" decoding=\"async\" width=\"1024\" height=\"354\" class=\"wp-image-532\" src=\"https:\/\/blogs.fu-berlin.de\/open-access-berlin\/files\/2021\/11\/VuK_extended_BN-3-1024x354.png\" alt=\"\" srcset=\"https:\/\/blogs.fu-berlin.de\/open-access-berlin\/files\/2021\/11\/VuK_extended_BN-3-1024x354.png 1024w, https:\/\/blogs.fu-berlin.de\/open-access-berlin\/files\/2021\/11\/VuK_extended_BN-3-300x104.png 300w, https:\/\/blogs.fu-berlin.de\/open-access-berlin\/files\/2021\/11\/VuK_extended_BN-3-768x265.png 768w, https:\/\/blogs.fu-berlin.de\/open-access-berlin\/files\/2021\/11\/VuK_extended_BN-3-1536x531.png 1536w, https:\/\/blogs.fu-berlin.de\/open-access-berlin\/files\/2021\/11\/VuK_extended_BN-3-2048x708.png 2048w, https:\/\/blogs.fu-berlin.de\/open-access-berlin\/files\/2021\/11\/VuK_extended_BN-3-1200x415.png 1200w, https:\/\/blogs.fu-berlin.de\/open-access-berlin\/files\/2021\/11\/VuK_extended_BN-3-250x86.png 250w, https:\/\/blogs.fu-berlin.de\/open-access-berlin\/files\/2021\/11\/VuK_extended_BN-3-550x190.png 550w, https:\/\/blogs.fu-berlin.de\/open-access-berlin\/files\/2021\/11\/VuK_extended_BN-3-800x276.png 800w, https:\/\/blogs.fu-berlin.de\/open-access-berlin\/files\/2021\/11\/VuK_extended_BN-3-521x180.png 521w, https:\/\/blogs.fu-berlin.de\/open-access-berlin\/files\/2021\/11\/VuK_extended_BN-3-868x300.png 868w, https:\/\/blogs.fu-berlin.de\/open-access-berlin\/files\/2021\/11\/VuK_extended_BN-3-1447x500.png 1447w\" sizes=\"auto, (max-width: 709px) 85vw, (max-width: 909px) 67vw, (max-width: 1362px) 62vw, 840px\" \/><\/figure>\r\n<!-- \/wp:image --><\/div>\r\n<!-- \/wp:column -->\r\n\r\n<!-- wp:column -->\r\n<div class=\"wp-block-column\"><!-- wp:image {\"id\":30,\"width\":166,\"height\":66,\"sizeSlug\":\"large\",\"className\":\"is-style-default\"} -->\r\n<figure class=\"wp-block-image size-large is-resized is-style-default\"><img loading=\"lazy\" decoding=\"async\" class=\"wp-image-30\" src=\"https:\/\/blogs.fu-berlin.de\/open-access-berlin\/files\/2021\/08\/TH-Wildau-Logo_rgb-1024x408.png\" alt=\"\" width=\"166\" height=\"66\" srcset=\"https:\/\/blogs.fu-berlin.de\/open-access-berlin\/files\/2021\/08\/TH-Wildau-Logo_rgb-1024x408.png 1024w, https:\/\/blogs.fu-berlin.de\/open-access-berlin\/files\/2021\/08\/TH-Wildau-Logo_rgb-300x120.png 300w, https:\/\/blogs.fu-berlin.de\/open-access-berlin\/files\/2021\/08\/TH-Wildau-Logo_rgb-768x306.png 768w, https:\/\/blogs.fu-berlin.de\/open-access-berlin\/files\/2021\/08\/TH-Wildau-Logo_rgb-1536x612.png 1536w, https:\/\/blogs.fu-berlin.de\/open-access-berlin\/files\/2021\/08\/TH-Wildau-Logo_rgb-2048x817.png 2048w, https:\/\/blogs.fu-berlin.de\/open-access-berlin\/files\/2021\/08\/TH-Wildau-Logo_rgb-1200x478.png 1200w\" sizes=\"auto, (max-width: 166px) 85vw, 166px\" \/><\/figure>\r\n<!-- \/wp:image --><\/div>\r\n<!-- \/wp:column --><\/div>\r\n<!-- \/wp:columns --><\/div>\r\n<!-- \/wp:group -->\r\n\r\n<!-- wp:columns -->\r\n<div class=\"wp-block-columns\"><!-- wp:column -->\r\n<div class=\"wp-block-column\"><!-- wp:image {\"align\":\"center\",\"id\":1600,\"sizeSlug\":\"large\",\"linkDestination\":\"none\",\"className\":\"is-style-default\"} -->\r\n<figure class=\"wp-block-image aligncenter size-large is-style-default\"><img loading=\"lazy\" decoding=\"async\" width=\"1024\" height=\"661\" class=\"wp-image-1600\" src=\"https:\/\/blogs.fu-berlin.de\/open-access-berlin\/files\/2023\/05\/kobv-logo_mit-text_dunkelblau-1024x661.jpg\" alt=\"\" srcset=\"https:\/\/blogs.fu-berlin.de\/open-access-berlin\/files\/2023\/05\/kobv-logo_mit-text_dunkelblau-1024x661.jpg 1024w, https:\/\/blogs.fu-berlin.de\/open-access-berlin\/files\/2023\/05\/kobv-logo_mit-text_dunkelblau-300x194.jpg 300w, https:\/\/blogs.fu-berlin.de\/open-access-berlin\/files\/2023\/05\/kobv-logo_mit-text_dunkelblau-768x496.jpg 768w, https:\/\/blogs.fu-berlin.de\/open-access-berlin\/files\/2023\/05\/kobv-logo_mit-text_dunkelblau-1536x992.jpg 1536w, https:\/\/blogs.fu-berlin.de\/open-access-berlin\/files\/2023\/05\/kobv-logo_mit-text_dunkelblau-2048x1322.jpg 2048w, https:\/\/blogs.fu-berlin.de\/open-access-berlin\/files\/2023\/05\/kobv-logo_mit-text_dunkelblau-1200x775.jpg 1200w, https:\/\/blogs.fu-berlin.de\/open-access-berlin\/files\/2023\/05\/kobv-logo_mit-text_dunkelblau-250x161.jpg 250w, https:\/\/blogs.fu-berlin.de\/open-access-berlin\/files\/2023\/05\/kobv-logo_mit-text_dunkelblau-550x355.jpg 550w, https:\/\/blogs.fu-berlin.de\/open-access-berlin\/files\/2023\/05\/kobv-logo_mit-text_dunkelblau-800x517.jpg 800w, https:\/\/blogs.fu-berlin.de\/open-access-berlin\/files\/2023\/05\/kobv-logo_mit-text_dunkelblau-279x180.jpg 279w, https:\/\/blogs.fu-berlin.de\/open-access-berlin\/files\/2023\/05\/kobv-logo_mit-text_dunkelblau-465x300.jpg 465w, https:\/\/blogs.fu-berlin.de\/open-access-berlin\/files\/2023\/05\/kobv-logo_mit-text_dunkelblau-774x500.jpg 774w\" sizes=\"auto, (max-width: 709px) 85vw, (max-width: 909px) 67vw, (max-width: 1362px) 62vw, 840px\" \/><\/figure>\r\n<!-- \/wp:image --><\/div>\r\n<!-- \/wp:column -->\r\n\r\n<!-- wp:column -->\r\n<div class=\"wp-block-column\"><!-- wp:image {\"align\":\"center\",\"id\":135,\"width\":142,\"height\":56,\"sizeSlug\":\"large\",\"className\":\"is-style-default\"} -->\r\n<figure class=\"wp-block-image aligncenter size-large is-resized is-style-default\"><img loading=\"lazy\" decoding=\"async\" class=\"wp-image-135\" src=\"https:\/\/blogs.fu-berlin.de\/open-access-berlin\/files\/2021\/09\/bak-Logo-2018.png\" alt=\"\" width=\"142\" height=\"56\" srcset=\"https:\/\/blogs.fu-berlin.de\/open-access-berlin\/files\/2021\/09\/bak-Logo-2018.png 340w, https:\/\/blogs.fu-berlin.de\/open-access-berlin\/files\/2021\/09\/bak-Logo-2018-300x120.png 300w, https:\/\/blogs.fu-berlin.de\/open-access-berlin\/files\/2021\/09\/bak-Logo-2018-250x100.png 250w\" sizes=\"auto, (max-width: 142px) 85vw, 142px\" \/><\/figure>\r\n<p>&nbsp;<\/p>\r\n<!-- \/wp:image -->\r\n\r\n<!-- wp:paragraph \/--><\/div>\r\n<!-- \/wp:column -->\r\n\r\n<!-- wp:column -->\r\n<div class=\"wp-block-column\"><!-- wp:group -->\r\n<div class=\"wp-block-group\"><!-- wp:image {\"id\":1593,\"sizeSlug\":\"full\",\"linkDestination\":\"none\",\"className\":\"is-style-default\"} -->\r\n<figure class=\"wp-block-image size-full is-style-default\"><img loading=\"lazy\" decoding=\"async\" width=\"150\" height=\"150\" class=\"wp-image-1593\" src=\"https:\/\/blogs.fu-berlin.de\/open-access-berlin\/files\/2023\/05\/hu-logo-e1683874241169.jpg\" alt=\"\" srcset=\"https:\/\/blogs.fu-berlin.de\/open-access-berlin\/files\/2023\/05\/hu-logo-e1683874241169.jpg 150w, https:\/\/blogs.fu-berlin.de\/open-access-berlin\/files\/2023\/05\/hu-logo-e1683874241169-48x48.jpg 48w\" sizes=\"auto, (max-width: 150px) 85vw, 150px\" \/><\/figure>\r\n<p>&nbsp;<\/p>\r\n<!-- \/wp:image --><\/div>\r\n<!-- \/wp:group -->\r\n\r\n<!-- wp:paragraph \/--><\/div>\r\n<!-- \/wp:column --><\/div>\r\n<!-- \/wp:columns -->\r\n\r\n<!-- wp:columns -->\r\n<div class=\"wp-block-columns\"><!-- wp:column -->\r\n<div class=\"wp-block-column\"><!-- wp:image {\"id\":254,\"width\":116,\"height\":37,\"sizeSlug\":\"large\",\"className\":\"is-style-default\"} \/--><\/div>\r\n<!-- \/wp:column -->\r\n\r\n<!-- wp:column -->\r\n<div class=\"wp-block-column\"><!-- wp:image {\"id\":253,\"width\":225,\"height\":53,\"sizeSlug\":\"large\",\"className\":\"is-style-default\"} -->\r\n<figure class=\"wp-block-image size-large is-resized is-style-default\"><img loading=\"lazy\" decoding=\"async\" class=\"wp-image-253\" src=\"https:\/\/blogs.fu-berlin.de\/open-access-berlin\/files\/2021\/09\/ASPB-Logo-CMYK-1-1024x242.jpg\" alt=\"\" width=\"225\" height=\"53\" srcset=\"https:\/\/blogs.fu-berlin.de\/open-access-berlin\/files\/2021\/09\/ASPB-Logo-CMYK-1-1024x242.jpg 1024w, https:\/\/blogs.fu-berlin.de\/open-access-berlin\/files\/2021\/09\/ASPB-Logo-CMYK-1-300x71.jpg 300w, https:\/\/blogs.fu-berlin.de\/open-access-berlin\/files\/2021\/09\/ASPB-Logo-CMYK-1-768x182.jpg 768w, https:\/\/blogs.fu-berlin.de\/open-access-berlin\/files\/2021\/09\/ASPB-Logo-CMYK-1-1200x284.jpg 1200w, https:\/\/blogs.fu-berlin.de\/open-access-berlin\/files\/2021\/09\/ASPB-Logo-CMYK-1-250x59.jpg 250w, https:\/\/blogs.fu-berlin.de\/open-access-berlin\/files\/2021\/09\/ASPB-Logo-CMYK-1-550x130.jpg 550w, https:\/\/blogs.fu-berlin.de\/open-access-berlin\/files\/2021\/09\/ASPB-Logo-CMYK-1-800x189.jpg 800w, https:\/\/blogs.fu-berlin.de\/open-access-berlin\/files\/2021\/09\/ASPB-Logo-CMYK-1-760x180.jpg 760w, https:\/\/blogs.fu-berlin.de\/open-access-berlin\/files\/2021\/09\/ASPB-Logo-CMYK-1.jpg 1242w\" sizes=\"auto, (max-width: 225px) 85vw, 225px\" \/><\/figure>\r\n<p>&nbsp;<\/p>\r\n<!-- \/wp:image --><\/div>\r\n<!-- \/wp:column -->\r\n\r\n<!-- wp:column -->\r\n<div class=\"wp-block-column\"><!-- wp:image {\"id\":1660,\"sizeSlug\":\"full\",\"linkDestination\":\"none\"} -->\r\n<figure class=\"wp-block-image size-full\"><img loading=\"lazy\" decoding=\"async\" width=\"150\" height=\"55\" class=\"wp-image-1660\" src=\"https:\/\/blogs.fu-berlin.de\/open-access-berlin\/files\/2023\/05\/Helmholtz_Submarke_OS_CMYK_kompakt_150px.jpg\" alt=\"\" \/><\/figure>\r\n<p>&nbsp;<\/p>\r\n<p><img loading=\"lazy\" decoding=\"async\" class=\"alignnone  wp-image-2716\" src=\"https:\/\/blogs.fu-berlin.de\/open-access-berlin\/files\/2024\/08\/digiS_2018-300x149.jpg\" alt=\"\" width=\"151\" height=\"75\" srcset=\"https:\/\/blogs.fu-berlin.de\/open-access-berlin\/files\/2024\/08\/digiS_2018-300x149.jpg 300w, https:\/\/blogs.fu-berlin.de\/open-access-berlin\/files\/2024\/08\/digiS_2018-768x381.jpg 768w, https:\/\/blogs.fu-berlin.de\/open-access-berlin\/files\/2024\/08\/digiS_2018-250x124.jpg 250w, https:\/\/blogs.fu-berlin.de\/open-access-berlin\/files\/2024\/08\/digiS_2018-550x273.jpg 550w, https:\/\/blogs.fu-berlin.de\/open-access-berlin\/files\/2024\/08\/digiS_2018-800x397.jpg 800w, https:\/\/blogs.fu-berlin.de\/open-access-berlin\/files\/2024\/08\/digiS_2018-363x180.jpg 363w, https:\/\/blogs.fu-berlin.de\/open-access-berlin\/files\/2024\/08\/digiS_2018-604x300.jpg 604w, https:\/\/blogs.fu-berlin.de\/open-access-berlin\/files\/2024\/08\/digiS_2018.jpg 969w\" sizes=\"auto, (max-width: 151px) 85vw, 151px\" \/><\/p>\r\n<!-- \/wp:image --><\/div>\r\n<!-- \/wp:column --><\/div>\r\n<!-- \/wp:columns -->\r\n\r\n<!-- wp:heading -->\r\n<h2>Termine der Veranstaltungsreihe 2024\u20132025<\/h2>\r\n<!-- \/wp:heading -->\r\n\r\n<!-- wp:heading {\"level\":3} -->\r\n<h3>21. Oktober 2024, 14-16 Uhr: Auftaktveranstaltung zum Thema Open Access Monitoring \u2013 Chancen und Herausforderungen f\u00fcr die offen Wissenschaft (Online)<\/h3>\r\n<!-- \/wp:heading -->\r\n\r\n<!-- wp:paragraph -->\r\n<p>[<a href=\"https:\/\/blogs.fu-berlin.de\/open-access-berlin\/2024\/08\/02\/quo-vadis-4-auftaktveranstaltung\/\">Veranstaltungsseite<\/a>]<\/p>\r\n<h3>20. November 2024, 14-15.30 Uhr: Objektbezogenes Open Access &#8211; Open Access f\u00fcr Objekte<\/h3>\r\n<p>[<a href=\"https:\/\/blogs.fu-berlin.de\/open-access-berlin\/2024\/10\/21\/quo-vadis-4-objektbezogenes-open-access-open-access-fuer-objekte-20-november-2024\/\">Veranstaltungsseite<\/a>]<\/p>\r\n<h3>18. Dezember 2024, 15-16.30 Uhr: K\u00fcnstliche Intelligenz und Open Access: welcher Auftrag erw\u00e4chst Bibliotheken aus rechtlichen und technologischen Entwicklungen?<\/h3>\r\n<p>[<a href=\"https:\/\/blogs.fu-berlin.de\/open-access-berlin\/2024\/10\/10\/quo-vadis-4-ki-und-open-access\/\">Veranstaltungsseite<\/a>]<\/p>\r\n<h3>11. Februar 2025, 14-15.30 Uhr: Offene Datenkultur: Offenheit reicht nicht aus &#8211; Auf dem Weg zu einer lebendigen Datenkultur<\/h3>\r\n<p>[<a href=\"https:\/\/blogs.fu-berlin.de\/open-access-berlin\/2024\/12\/16\/quo-vadis-4-offene-datenkultur\/\">Veranstaltungsseite<\/a>]<\/p>\r\n<!-- \/wp:paragraph -->\r\n\r\n","protected":false},"excerpt":{"rendered":"<p>Open Access ist seit vielen Jahren eine Herzensangelegenheit der Wissenschaftsregion Berlin-Brandenburg. Beide Bundesl\u00e4nder setzen sich seit Jahren aktiv f\u00fcr die Open-Access-Transformation ein, indem sie strategische Rahmenbedingungen schaffen (Open-Access-Strategie des Landes Berlin 2015, Open-Access-Strategie des Landes Brandenburg 2019) und Ressourcen f\u00fcr die Transformation bereitstellen, insbesondere das Open-Access-B\u00fcro Berlin, die Vernetzungs- und Kompetenzstelle Open Access Brandenburg, aber &hellip; <a href=\"https:\/\/blogs.fu-berlin.de\/open-access-berlin\/2024\/08\/02\/quo-vadis-4\/\" class=\"more-link\"><span class=\"screen-reader-text\">\u201eQuo vadis offene Wissenschaft in Berlin und Brandenburg 2024\/25 &#8211; Die Veranstaltungsreihe geht in die vierte Runde\u201c<\/span> weiterlesen<\/a><\/p>\n","protected":false},"author":5167,"featured_media":2682,"comment_status":"open","ping_status":"open","sticky":false,"template":"","format":"standard","meta":{"footnotes":""},"categories":[419,575663],"tags":[],"class_list":["post-2650","post","type-post","status-publish","format-standard","has-post-thumbnail","hentry","category-veranstaltungshinweise","category-openbbb"],"_links":{"self":[{"href":"https:\/\/blogs.fu-berlin.de\/open-access-berlin\/wp-json\/wp\/v2\/posts\/2650","targetHints":{"allow":["GET"]}}],"collection":[{"href":"https:\/\/blogs.fu-berlin.de\/open-access-berlin\/wp-json\/wp\/v2\/posts"}],"about":[{"href":"https:\/\/blogs.fu-berlin.de\/open-access-berlin\/wp-json\/wp\/v2\/types\/post"}],"author":[{"embeddable":true,"href":"https:\/\/blogs.fu-berlin.de\/open-access-berlin\/wp-json\/wp\/v2\/users\/5167"}],"replies":[{"embeddable":true,"href":"https:\/\/blogs.fu-berlin.de\/open-access-berlin\/wp-json\/wp\/v2\/comments?post=2650"}],"version-history":[{"count":23,"href":"https:\/\/blogs.fu-berlin.de\/open-access-berlin\/wp-json\/wp\/v2\/posts\/2650\/revisions"}],"predecessor-version":[{"id":2950,"href":"https:\/\/blogs.fu-berlin.de\/open-access-berlin\/wp-json\/wp\/v2\/posts\/2650\/revisions\/2950"}],"wp:featuredmedia":[{"embeddable":true,"href":"https:\/\/blogs.fu-berlin.de\/open-access-berlin\/wp-json\/wp\/v2\/media\/2682"}],"wp:attachment":[{"href":"https:\/\/blogs.fu-berlin.de\/open-access-berlin\/wp-json\/wp\/v2\/media?parent=2650"}],"wp:term":[{"taxonomy":"category","embeddable":true,"href":"https:\/\/blogs.fu-berlin.de\/open-access-berlin\/wp-json\/wp\/v2\/categories?post=2650"},{"taxonomy":"post_tag","embeddable":true,"href":"https:\/\/blogs.fu-berlin.de\/open-access-berlin\/wp-json\/wp\/v2\/tags?post=2650"}],"curies":[{"name":"wp","href":"https:\/\/api.w.org\/{rel}","templated":true}]}}